{"id":661158,"date":"2023-11-25T11:57:17","date_gmt":"2023-11-25T07:57:17","guid":{"rendered":"https:\/\/arantv.az\/?p=661158"},"modified":"2023-11-25T11:57:17","modified_gmt":"2023-11-25T07:57:17","slug":"simali-makedoniya-rusiya-t%c9%99yyar%c9%99l%c9%99rin%c9%99-qoydugu-ucus-qadagasini-l%c9%99gv-edir","status":"publish","type":"post","link":"https:\/\/arantv.az\/?p=661158","title":{"rendered":"\u015eimali Makedoniya Rusiya t\u0259yyar\u0259l\u0259rin\u0259 qoydu\u011fu u\u00e7u\u015f qada\u011fas\u0131n\u0131 l\u0259\u011fv edir"},"content":{"rendered":"<p>\u015eimali Makedoniya Rusiyadan u\u00e7u\u015flara qoyulan qada\u011fan\u0131 l\u0259\u011fv etm\u0259y\u0259 haz\u0131rla\u015f\u0131r.<\/p>\n<p>Bu bar\u0259d\u0259 m\u0259lumat h\u00f6kum\u0259tin yayd\u0131\u011f\u0131 b\u0259yanatda yer al\u0131r.<\/p>\n<p>Bildirilir ki, \u00f6lk\u0259d\u0259 AT\u018fT-in xarici i\u015fl\u0259r nazirl\u0259rinin g\u00f6r\u00fc\u015f\u00fc ke\u00e7iril\u0259c\u0259k v\u0259 t\u0259dbird\u0259 Rusiyan\u0131n X\u0130N r\u0259hb\u0259ri Sergey Lavrovun da i\u015ftirak\u0131 g\u00f6zl\u0259nilir.<\/p>\n<p>M\u0259lumata g\u00f6r\u0259, Rusiya \u00fc\u00e7\u00fcn a\u00e7\u0131q s\u0259ma 29 noyabrdan dekabr\u0131n 1-d\u0259k davam ed\u0259c\u0259k.<\/p>\n<p>Rusiyal\u0131 nazir Skopyey\u0259 u\u00e7ma\u011fa q\u0259rar ver\u0259rs\u0259, ona s\u0259f\u0259r \u00fc\u00e7\u00fcn \u0259lav\u0259 icaz\u0259l\u0259r verilm\u0259lidir.<\/p>\n<p>M\u0259nb\u0259d\u0259n vur\u011fulan\u0131r ki, Lavrov \u015eimali Makedoniyaya getm\u0259k \u00fc\u00e7\u00fcn dig\u0259r NATO v\u0259 ya A\u0130 \u00f6lk\u0259l\u0259rinin \u0259razisind\u0259n ke\u00e7m\u0259lidir. Bunun \u00fc\u00e7\u00fcn x\u00fcsusi icaz\u0259 t\u0259l\u0259b olunur.<\/p>\n<p>Bundan \u0259vv\u0259l \u015eimali Makedoniyan\u0131n xarici i\u015fl\u0259r naziri Buyar Osmani rusiyal\u0131 h\u0259mkar\u0131na d\u0259v\u0259tin \u00f6t\u0259n h\u0259ft\u0259 g\u00f6nd\u0259rildiyini bildirmi\u015fdi. Lavrovun bu d\u0259v\u0259ti q\u0259bul edib-etm\u0259diyi bar\u0259d\u0259 m\u0259lumat yoxdur.<\/p>\n<p>Xat\u0131rladaq ki, 2022-ci ilin fevral\u0131nda Ukraynaya h\u00fccumdan sonra \u0259ks\u0259r Avropa \u00f6lk\u0259l\u0259ri Rusiyadan u\u00e7u\u015flar\u0131 qada\u011fan edib.<\/p>\n<p>M\u0259nb\u0259: Associated Press<\/p>\n","protected":false},"excerpt":{"rendered":"<p>\u015eimali Makedoniya Rusiyadan u\u00e7u\u015flara qoyulan qada\u011fan\u0131 l\u0259\u011fv etm\u0259y\u0259 haz\u0131rla\u015f\u0131r. Bu bar\u0259d\u0259 m\u0259lumat h\u00f6kum\u0259tin yayd\u0131\u011f\u0131 b\u0259yanatda yer al\u0131r. Bildirilir ki, \u00f6lk\u0259d\u0259 AT\u018fT-in xarici i\u015fl\u0259r nazirl\u0259rinin g\u00f6r\u00fc\u015f\u00fc ke\u00e7iril\u0259c\u0259k v\u0259 t\u0259dbird\u0259 Rusiyan\u0131n X\u0130N r\u0259hb\u0259ri Sergey Lavrovun da i\u015ftirak\u0131 g\u00f6zl\u0259nilir. M\u0259lumata g\u00f6r\u0259, Rusiya \u00fc\u00e7\u00fcn a\u00e7\u0131q s\u0259ma 29 noyabrdan dekabr\u0131n 1-d\u0259k davam ed\u0259c\u0259k. Rusiyal\u0131 nazir Skopyey\u0259 u\u00e7ma\u011fa q\u0259rar ver\u0259rs\u0259, ona s\u0259f\u0259r \u00fc\u00e7\u00fcn \u0259lav\u0259 icaz\u0259l\u0259r verilm\u0259lidir. M\u0259nb\u0259d\u0259n vur\u011fulan\u0131r ki, Lavrov \u015eimali Makedoniyaya getm\u0259k \u00fc\u00e7\u00fcn dig\u0259r NATO v\u0259 ya A\u0130 \u00f6lk\u0259l\u0259rinin \u0259razisind\u0259n ke\u00e7m\u0259lidir. Bunun \u00fc\u00e7\u00fcn x\u00fcsusi icaz\u0259 t\u0259l\u0259b olunur. Bundan \u0259vv\u0259l \u015eimali Makedoniyan\u0131n xarici i\u015fl\u0259r naziri Buyar&hellip;<\/p>\n","protected":false},"author":2,"featured_media":661162,"comment_status":"closed","ping_status":"closed","sticky":false,"template":"","format":"standard","meta":{"om_disable_all_campaigns":false,"_monsterinsights_skip_tracking":false,"_monsterinsights_sitenote_active":false,"_monsterinsights_sitenote_note":"","_monsterinsights_sitenote_category":0},"categories":[5],"tags":[],"aioseo_notices":[],"gutentor_comment":0,"rttpg_featured_image_url":{"full":["https:\/\/arantv.az\/wp-content\/uploads\/2023\/11\/D\u00a1D\u00bdD\u00b8D\u00bcD\u00beDo-N_DoN_D\u00b0D\u00bdD\u00b0-2023-11-25-100053.jpg",620,413,false],"landscape":["https:\/\/arantv.az\/wp-content\/uploads\/2023\/11\/D\u00a1D\u00bdD\u00b8D\u00bcD\u00beDo-N_DoN_D\u00b0D\u00bdD\u00b0-2023-11-25-100053.jpg",620,413,false],"portraits":["https:\/\/arantv.az\/wp-content\/uploads\/2023\/11\/D\u00a1D\u00bdD\u00b8D\u00bcD\u00beDo-N_DoN_D\u00b0D\u00bdD\u00b0-2023-11-25-100053.jpg",620,413,false],"thumbnail":["https:\/\/arantv.az\/wp-content\/uploads\/2023\/11\/D\u00a1D\u00bdD\u00b8D\u00bcD\u00beDo-N_DoN_D\u00b0D\u00bdD\u00b0-2023-11-25-100053-500x280.jpg",500,280,true],"medium":["https:\/\/arantv.az\/wp-content\/uploads\/2023\/11\/D\u00a1D\u00bdD\u00b8D\u00bcD\u00beDo-N_DoN_D\u00b0D\u00bdD\u00b0-2023-11-25-100053-548x365.jpg",548,365,true],"large":["https:\/\/arantv.az\/wp-content\/uploads\/2023\/11\/D\u00a1D\u00bdD\u00b8D\u00bcD\u00beDo-N_DoN_D\u00b0D\u00bdD\u00b0-2023-11-25-100053.jpg",620,413,false],"1536x1536":["https:\/\/arantv.az\/wp-content\/uploads\/2023\/11\/D\u00a1D\u00bdD\u00b8D\u00bcD\u00beDo-N_DoN_D\u00b0D\u00bdD\u00b0-2023-11-25-100053.jpg",620,413,false],"2048x2048":["https:\/\/arantv.az\/wp-content\/uploads\/2023\/11\/D\u00a1D\u00bdD\u00b8D\u00bcD\u00beDo-N_DoN_D\u00b0D\u00bdD\u00b0-2023-11-25-100053.jpg",620,413,false],"post-thumbnail":["https:\/\/arantv.az\/wp-content\/uploads\/2023\/11\/D\u00a1D\u00bdD\u00b8D\u00bcD\u00beDo-N_DoN_D\u00b0D\u00bdD\u00b0-2023-11-25-100053-240x172.jpg",240,172,true],"advps-thumb-one":["https:\/\/arantv.az\/wp-content\/uploads\/2023\/11\/D\u00a1D\u00bdD\u00b8D\u00bcD\u00beDo-N_DoN_D\u00b0D\u00bdD\u00b0-2023-11-25-100053.jpg",620,413,false]},"rttpg_author":{"display_name":"V\u00fcsal Rafiqo\u011flu","author_link":"https:\/\/arantv.az\/?author=2"},"rttpg_comment":0,"rttpg_category":"<a href=\"https:\/\/arantv.az\/?cat=5\" rel=\"category\">Hadis\u0259<\/a>","rttpg_excerpt":"\u015eimali Makedoniya Rusiyadan u\u00e7u\u015flara qoyulan qada\u011fan\u0131 l\u0259\u011fv etm\u0259y\u0259 haz\u0131rla\u015f\u0131r. Bu bar\u0259d\u0259 m\u0259lumat h\u00f6kum\u0259tin yayd\u0131\u011f\u0131 b\u0259yanatda yer al\u0131r. Bildirilir ki, \u00f6lk\u0259d\u0259 AT\u018fT-in xarici i\u015fl\u0259r nazirl\u0259rinin g\u00f6r\u00fc\u015f\u00fc ke\u00e7iril\u0259c\u0259k v\u0259 t\u0259dbird\u0259 Rusiyan\u0131n X\u0130N r\u0259hb\u0259ri Sergey Lavrovun da i\u015ftirak\u0131 g\u00f6zl\u0259nilir. M\u0259lumata g\u00f6r\u0259, Rusiya \u00fc\u00e7\u00fcn a\u00e7\u0131q s\u0259ma 29 noyabrdan dekabr\u0131n 1-d\u0259k davam ed\u0259c\u0259k. Rusiyal\u0131 nazir Skopyey\u0259 u\u00e7ma\u011fa q\u0259rar ver\u0259rs\u0259, ona&hellip;","_links":{"self":[{"href":"https:\/\/arantv.az\/index.php?rest_route=\/wp\/v2\/posts\/661158"}],"collection":[{"href":"https:\/\/arantv.az\/index.php?rest_route=\/wp\/v2\/posts"}],"about":[{"href":"https:\/\/arantv.az\/index.php?rest_route=\/wp\/v2\/types\/post"}],"author":[{"embeddable":true,"href":"https:\/\/arantv.az\/index.php?rest_route=\/wp\/v2\/users\/2"}],"replies":[{"embeddable":true,"href":"https:\/\/arantv.az\/index.php?rest_route=%2Fwp%2Fv2%2Fcomments&post=661158"}],"version-history":[{"count":0,"href":"https:\/\/arantv.az\/index.php?rest_route=\/wp\/v2\/posts\/661158\/revisions"}],"wp:featuredmedia":[{"embeddable":true,"href":"https:\/\/arantv.az\/index.php?rest_route=\/wp\/v2\/media\/661162"}],"wp:attachment":[{"href":"https:\/\/arantv.az\/index.php?rest_route=%2Fwp%2Fv2%2Fmedia&parent=661158"}],"wp:term":[{"taxonomy":"category","embeddable":true,"href":"https:\/\/arantv.az\/index.php?rest_route=%2Fwp%2Fv2%2Fcategories&post=661158"},{"taxonomy":"post_tag","embeddable":true,"href":"https:\/\/arantv.az\/index.php?rest_route=%2Fwp%2Fv2%2Ftags&post=661158"}],"curies":[{"name":"wp","href":"https:\/\/api.w.org\/{rel}","templated":true}]}}