{"id":661378,"date":"2023-11-26T11:13:07","date_gmt":"2023-11-26T07:13:07","guid":{"rendered":"https:\/\/arantv.az\/?p=661378"},"modified":"2023-11-26T11:13:07","modified_gmt":"2023-11-26T07:13:07","slug":"dask%c9%99ndd%c9%99-jah-khalibin-konsertin%c9%99-gor%c9%99-izdiham-yasanib-video","status":"publish","type":"post","link":"https:\/\/arantv.az\/?p=661378","title":{"rendered":"Da\u015fk\u0259ndd\u0259 Jah Khalibin konsertin\u0259 g\u00f6r\u0259 izdiham ya\u015fan\u0131b &#8211; V\u0130DEO"},"content":{"rendered":"<p>Noyabr\u0131n 25-d\u0259 Qazax\u0131standa f\u0259aliyy\u0259t g\u00f6st\u0259r\u0259n az\u0259rbaycan\u0259silli hip-hop ifa\u00e7\u0131s\u0131, rep\u00e7i Jah Khalibin (B\u0259xtiyar M\u0259mm\u0259dov) Da\u015fk\u0259ndd\u0259ki Humo Arena saray\u0131nda konserti ba\u015f tutub.<\/p>\n<p>Lakin konsertd\u0259n \u0259vv\u0259l t\u0259dbir m\u0259kan\u0131 qar\u015f\u0131s\u0131nda izdiham v\u0259 ciddi naraz\u0131l\u0131q yaran\u0131b.<\/p>\n<p>B\u0259zi m\u0259lumatlara g\u00f6r\u0259, konsert \u00fc\u00e7\u00fcn ifa\u00e7\u0131n\u0131n p\u0259r\u0259sti\u015fkarlar\u0131na saxta biletl\u0259r sat\u0131l\u0131b v\u0259 h\u0259min biletl\u0259rl\u0259 arenaya g\u0259l\u0259nl\u0259r zala daxil ola bilm\u0259yibl\u0259r.<\/p>\n<p>Ba\u015f ver\u0259n insidentin qar\u015f\u0131s\u0131 Milli Qvardiya t\u0259r\u0259find\u0259n al\u0131n\u0131b. \u0130ctimai asayi\u015fi pozmaqda \u015f\u00fcbh\u0259li bilin\u0259n v\u0259t\u0259nda\u015flar zabitl\u0259r t\u0259r\u0259find\u0259n hadis\u0259 yerind\u0259n t\u0259hl\u00fck\u0259siz zonaya apar\u0131l\u0131b.<\/p>\n<p>Hadis\u0259 il\u0259 ba\u011fl\u0131 ara\u015fd\u0131rma apar\u0131l\u0131r. Biildirilir ki, insident n\u0259tic\u0259sind\u0259 \u00f6l\u0259n v\u0259 yaralananlar olmay\u0131b.<\/p>\n<div><iframe loading=\"lazy\" id=\"telegram-post-oxuaze-71188\" src=\"https:\/\/t.me\/oxuaze\/71188?embed=1&amp;color=028A99\" width=\"100%\" height=\"\" frameborder=\"0\" scrolling=\"no\" data-mce-fragment=\"1\"><\/iframe><\/div>\n<p>M\u0259nb\u0259: kun.uz<\/p>\n","protected":false},"excerpt":{"rendered":"<p>Noyabr\u0131n 25-d\u0259 Qazax\u0131standa f\u0259aliyy\u0259t g\u00f6st\u0259r\u0259n az\u0259rbaycan\u0259silli hip-hop ifa\u00e7\u0131s\u0131, rep\u00e7i Jah Khalibin (B\u0259xtiyar M\u0259mm\u0259dov) Da\u015fk\u0259ndd\u0259ki Humo Arena saray\u0131nda konserti ba\u015f tutub. Lakin konsertd\u0259n \u0259vv\u0259l t\u0259dbir m\u0259kan\u0131 qar\u015f\u0131s\u0131nda izdiham v\u0259 ciddi naraz\u0131l\u0131q yaran\u0131b. B\u0259zi m\u0259lumatlara g\u00f6r\u0259, konsert \u00fc\u00e7\u00fcn ifa\u00e7\u0131n\u0131n p\u0259r\u0259sti\u015fkarlar\u0131na saxta biletl\u0259r sat\u0131l\u0131b v\u0259 h\u0259min biletl\u0259rl\u0259 arenaya g\u0259l\u0259nl\u0259r zala daxil ola bilm\u0259yibl\u0259r. Ba\u015f ver\u0259n insidentin qar\u015f\u0131s\u0131 Milli Qvardiya t\u0259r\u0259find\u0259n al\u0131n\u0131b. \u0130ctimai asayi\u015fi pozmaqda \u015f\u00fcbh\u0259li bilin\u0259n v\u0259t\u0259nda\u015flar zabitl\u0259r t\u0259r\u0259find\u0259n hadis\u0259 yerind\u0259n t\u0259hl\u00fck\u0259siz zonaya apar\u0131l\u0131b. Hadis\u0259 il\u0259 ba\u011fl\u0131 ara\u015fd\u0131rma apar\u0131l\u0131r. Biildirilir ki, insident n\u0259tic\u0259sind\u0259 \u00f6l\u0259n v\u0259 yaralananlar olmay\u0131b. M\u0259nb\u0259: kun.uz<\/p>\n","protected":false},"author":2,"featured_media":661379,"comment_status":"closed","ping_status":"closed","sticky":false,"template":"","format":"standard","meta":{"om_disable_all_campaigns":false,"_monsterinsights_skip_tracking":false,"_monsterinsights_sitenote_active":false,"_monsterinsights_sitenote_note":"","_monsterinsights_sitenote_category":0},"categories":[20],"tags":[],"aioseo_notices":[],"gutentor_comment":0,"rttpg_featured_image_url":{"full":["https:\/\/arantv.az\/wp-content\/uploads\/2023\/11\/2019-12-09_08-55-59__b80e4514-1a61-11ea-aa7a-bbba0813ad8c.jpg",620,413,false],"landscape":["https:\/\/arantv.az\/wp-content\/uploads\/2023\/11\/2019-12-09_08-55-59__b80e4514-1a61-11ea-aa7a-bbba0813ad8c.jpg",620,413,false],"portraits":["https:\/\/arantv.az\/wp-content\/uploads\/2023\/11\/2019-12-09_08-55-59__b80e4514-1a61-11ea-aa7a-bbba0813ad8c.jpg",620,413,false],"thumbnail":["https:\/\/arantv.az\/wp-content\/uploads\/2023\/11\/2019-12-09_08-55-59__b80e4514-1a61-11ea-aa7a-bbba0813ad8c-500x280.jpg",500,280,true],"medium":["https:\/\/arantv.az\/wp-content\/uploads\/2023\/11\/2019-12-09_08-55-59__b80e4514-1a61-11ea-aa7a-bbba0813ad8c-548x365.jpg",548,365,true],"large":["https:\/\/arantv.az\/wp-content\/uploads\/2023\/11\/2019-12-09_08-55-59__b80e4514-1a61-11ea-aa7a-bbba0813ad8c.jpg",620,413,false],"1536x1536":["https:\/\/arantv.az\/wp-content\/uploads\/2023\/11\/2019-12-09_08-55-59__b80e4514-1a61-11ea-aa7a-bbba0813ad8c.jpg",620,413,false],"2048x2048":["https:\/\/arantv.az\/wp-content\/uploads\/2023\/11\/2019-12-09_08-55-59__b80e4514-1a61-11ea-aa7a-bbba0813ad8c.jpg",620,413,false],"post-thumbnail":["https:\/\/arantv.az\/wp-content\/uploads\/2023\/11\/2019-12-09_08-55-59__b80e4514-1a61-11ea-aa7a-bbba0813ad8c-240x172.jpg",240,172,true],"advps-thumb-one":["https:\/\/arantv.az\/wp-content\/uploads\/2023\/11\/2019-12-09_08-55-59__b80e4514-1a61-11ea-aa7a-bbba0813ad8c.jpg",620,413,false]},"rttpg_author":{"display_name":"V\u00fcsal Rafiqo\u011flu","author_link":"https:\/\/arantv.az\/?author=2"},"rttpg_comment":0,"rttpg_category":"<a href=\"https:\/\/arantv.az\/?cat=20\" rel=\"category\">\u015eou biznes<\/a>","rttpg_excerpt":"Noyabr\u0131n 25-d\u0259 Qazax\u0131standa f\u0259aliyy\u0259t g\u00f6st\u0259r\u0259n az\u0259rbaycan\u0259silli hip-hop ifa\u00e7\u0131s\u0131, rep\u00e7i Jah Khalibin (B\u0259xtiyar M\u0259mm\u0259dov) Da\u015fk\u0259ndd\u0259ki Humo Arena saray\u0131nda konserti ba\u015f tutub. Lakin konsertd\u0259n \u0259vv\u0259l t\u0259dbir m\u0259kan\u0131 qar\u015f\u0131s\u0131nda izdiham v\u0259 ciddi naraz\u0131l\u0131q yaran\u0131b. B\u0259zi m\u0259lumatlara g\u00f6r\u0259, konsert \u00fc\u00e7\u00fcn ifa\u00e7\u0131n\u0131n p\u0259r\u0259sti\u015fkarlar\u0131na saxta biletl\u0259r sat\u0131l\u0131b v\u0259 h\u0259min biletl\u0259rl\u0259 arenaya g\u0259l\u0259nl\u0259r zala daxil ola bilm\u0259yibl\u0259r. Ba\u015f ver\u0259n insidentin qar\u015f\u0131s\u0131 Milli&hellip;","_links":{"self":[{"href":"https:\/\/arantv.az\/index.php?rest_route=\/wp\/v2\/posts\/661378"}],"collection":[{"href":"https:\/\/arantv.az\/index.php?rest_route=\/wp\/v2\/posts"}],"about":[{"href":"https:\/\/arantv.az\/index.php?rest_route=\/wp\/v2\/types\/post"}],"author":[{"embeddable":true,"href":"https:\/\/arantv.az\/index.php?rest_route=\/wp\/v2\/users\/2"}],"replies":[{"embeddable":true,"href":"https:\/\/arantv.az\/index.php?rest_route=%2Fwp%2Fv2%2Fcomments&post=661378"}],"version-history":[{"count":0,"href":"https:\/\/arantv.az\/index.php?rest_route=\/wp\/v2\/posts\/661378\/revisions"}],"wp:featuredmedia":[{"embeddable":true,"href":"https:\/\/arantv.az\/index.php?rest_route=\/wp\/v2\/media\/661379"}],"wp:attachment":[{"href":"https:\/\/arantv.az\/index.php?rest_route=%2Fwp%2Fv2%2Fmedia&parent=661378"}],"wp:term":[{"taxonomy":"category","embeddable":true,"href":"https:\/\/arantv.az\/index.php?rest_route=%2Fwp%2Fv2%2Fcategories&post=661378"},{"taxonomy":"post_tag","embeddable":true,"href":"https:\/\/arantv.az\/index.php?rest_route=%2Fwp%2Fv2%2Ftags&post=661378"}],"curies":[{"name":"wp","href":"https:\/\/api.w.org\/{rel}","templated":true}]}}