{"id":661390,"date":"2023-11-26T12:23:03","date_gmt":"2023-11-26T08:23:03","guid":{"rendered":"https:\/\/arantv.az\/?p=661390"},"modified":"2023-11-26T12:23:03","modified_gmt":"2023-11-26T08:23:03","slug":"26-noyabr-umumdunya-informasiya-gunudur","status":"publish","type":"post","link":"https:\/\/arantv.az\/?p=661390","title":{"rendered":"26 Noyabr &#8211; \u00dcmumd\u00fcnya informasiya g\u00fcn\u00fcd\u00fcr"},"content":{"rendered":"<p>H\u0259r il noyabr\u0131n 26-da d\u00fcnyada \u00dcmumd\u00fcnya \u0130nformasiya G\u00fcn\u00fc qeyd edilir. BMT-nin \u0130qtisadi v\u0259 Sosial \u015euras\u0131nda m\u0259\u015fv\u0259r\u0259t\u00e7i statusa malik olan Beyn\u0259lxalq \u0130nformasiyala\u015fd\u0131rma Akademiyas\u0131 v\u0259 \u00dcmumd\u00fcnya \u0130nformasioloji Parlamentin t\u0259\u015f\u0259bb\u00fcs\u00fc il\u0259 qeyd olunan bu g\u00fcn informasiya-kommunikasiya texnologiyalar\u0131 sah\u0259sind\u0259 \u00e7al\u0131\u015fanlar\u0131n pe\u015f\u0259 bayram\u0131d\u0131r.<\/p>\n<p>B\u0259\u015f\u0259r tarixind\u0259 informasiya h\u0259mi\u015f\u0259 m\u00fch\u00fcm \u0259h\u0259miyy\u0259t k\u0259sb etmi\u015fdir. XX \u0259srin ortalar\u0131ndan ba\u015flayaraq sosial t\u0259r\u0259qqi, elm v\u0259 texnikan\u0131n s\u00fcr\u0259tli inki\u015faf\u0131 n\u0259tic\u0259sind\u0259 informasiyan\u0131n rolu daha da artm\u0131\u015fd\u0131r. Qloballa\u015fan d\u00fcnyada informasiyan\u0131n mahiyy\u0259ti v\u0259 m\u00fcasir sivilizasiyan\u0131n inki\u015faf\u0131nda rolu, informasiya v\u0259 informasiyala\u015fd\u0131rma prosesl\u0259rinin geni\u015f v\u00fcs\u0259t almas\u0131, informasiya c\u0259miyy\u0259tinin formala\u015fmas\u0131 m\u00fch\u00fcm m\u0259s\u0259l\u0259l\u0259rd\u0259n biridir.<\/p>\n<p>Qeyd ed\u0259k ki, 1992-ci il noyabr\u0131n 26-da Beyn\u0259lxalq \u0130nformasiyala\u015fd\u0131rma Akademiyas\u0131n\u0131n t\u0259\u015f\u0259bb\u00fcs\u00fc il\u0259 I Beyn\u0259lxalq \u0130nformasiyala\u015fd\u0131rma Forumu ke\u00e7irilmi\u015fdir. Forumun i\u015find\u0259 d\u00fcnyan\u0131n 29 \u00f6lk\u0259sind\u0259n 10 mind\u0259n art\u0131q alim v\u0259 m\u00fct\u0259x\u0259ssis i\u015ftirak etmi\u015fdir. T\u0259dbird\u0259 \u0259n\u0259n\u0259vi olaraq h\u0259r il 26 noyabr tarixind\u0259 \u00dcmumd\u00fcnya \u0130nformasiya G\u00fcn\u00fcn\u00fcn qeyd olunmas\u0131na dair q\u0259rar q\u0259bul olunmu\u015fdur. Bu \u0259lam\u0259tdar g\u00fcn r\u0259smi olaraq 1994-c\u00fc ild\u0259 UNESCO t\u0259r\u0259find\u0259n qeydiyyata al\u0131nm\u0131\u015fd\u0131r.<\/p>\n","protected":false},"excerpt":{"rendered":"<p>H\u0259r il noyabr\u0131n 26-da d\u00fcnyada \u00dcmumd\u00fcnya \u0130nformasiya G\u00fcn\u00fc qeyd edilir. BMT-nin \u0130qtisadi v\u0259 Sosial \u015euras\u0131nda m\u0259\u015fv\u0259r\u0259t\u00e7i statusa malik olan Beyn\u0259lxalq \u0130nformasiyala\u015fd\u0131rma Akademiyas\u0131 v\u0259 \u00dcmumd\u00fcnya \u0130nformasioloji Parlamentin t\u0259\u015f\u0259bb\u00fcs\u00fc il\u0259 qeyd olunan bu g\u00fcn informasiya-kommunikasiya texnologiyalar\u0131 sah\u0259sind\u0259 \u00e7al\u0131\u015fanlar\u0131n pe\u015f\u0259 bayram\u0131d\u0131r. B\u0259\u015f\u0259r tarixind\u0259 informasiya h\u0259mi\u015f\u0259 m\u00fch\u00fcm \u0259h\u0259miyy\u0259t k\u0259sb etmi\u015fdir. XX \u0259srin ortalar\u0131ndan ba\u015flayaraq sosial t\u0259r\u0259qqi, elm v\u0259 texnikan\u0131n s\u00fcr\u0259tli inki\u015faf\u0131 n\u0259tic\u0259sind\u0259 informasiyan\u0131n rolu daha da artm\u0131\u015fd\u0131r. Qloballa\u015fan d\u00fcnyada informasiyan\u0131n mahiyy\u0259ti v\u0259 m\u00fcasir sivilizasiyan\u0131n inki\u015faf\u0131nda rolu, informasiya v\u0259 informasiyala\u015fd\u0131rma prosesl\u0259rinin geni\u015f v\u00fcs\u0259t almas\u0131, informasiya c\u0259miyy\u0259tinin formala\u015fmas\u0131 m\u00fch\u00fcm m\u0259s\u0259l\u0259l\u0259rd\u0259n biridir. Qeyd ed\u0259k ki, 1992-ci il&hellip;<\/p>\n","protected":false},"author":2,"featured_media":661391,"comment_status":"closed","ping_status":"closed","sticky":false,"template":"","format":"standard","meta":{"om_disable_all_campaigns":false,"_monsterinsights_skip_tracking":false,"_monsterinsights_sitenote_active":false,"_monsterinsights_sitenote_note":"","_monsterinsights_sitenote_category":0},"categories":[1],"tags":[],"aioseo_notices":[],"gutentor_comment":0,"rttpg_featured_image_url":{"full":["https:\/\/arantv.az\/wp-content\/uploads\/2023\/11\/1543219093387729577_1200x630.jpg",924,630,false],"landscape":["https:\/\/arantv.az\/wp-content\/uploads\/2023\/11\/1543219093387729577_1200x630.jpg",924,630,false],"portraits":["https:\/\/arantv.az\/wp-content\/uploads\/2023\/11\/1543219093387729577_1200x630.jpg",924,630,false],"thumbnail":["https:\/\/arantv.az\/wp-content\/uploads\/2023\/11\/1543219093387729577_1200x630-500x280.jpg",500,280,true],"medium":["https:\/\/arantv.az\/wp-content\/uploads\/2023\/11\/1543219093387729577_1200x630-535x365.jpg",535,365,true],"large":["https:\/\/arantv.az\/wp-content\/uploads\/2023\/11\/1543219093387729577_1200x630-840x573.jpg",640,437,true],"1536x1536":["https:\/\/arantv.az\/wp-content\/uploads\/2023\/11\/1543219093387729577_1200x630.jpg",924,630,false],"2048x2048":["https:\/\/arantv.az\/wp-content\/uploads\/2023\/11\/1543219093387729577_1200x630.jpg",924,630,false],"post-thumbnail":["https:\/\/arantv.az\/wp-content\/uploads\/2023\/11\/1543219093387729577_1200x630-240x172.jpg",240,172,true],"advps-thumb-one":["https:\/\/arantv.az\/wp-content\/uploads\/2023\/11\/1543219093387729577_1200x630-924x620.jpg",924,620,true]},"rttpg_author":{"display_name":"V\u00fcsal Rafiqo\u011flu","author_link":"https:\/\/arantv.az\/?author=2"},"rttpg_comment":0,"rttpg_category":"<a href=\"https:\/\/arantv.az\/?cat=1\" rel=\"category\">C\u0259miyy\u0259t<\/a>","rttpg_excerpt":"H\u0259r il noyabr\u0131n 26-da d\u00fcnyada \u00dcmumd\u00fcnya \u0130nformasiya G\u00fcn\u00fc qeyd edilir. BMT-nin \u0130qtisadi v\u0259 Sosial \u015euras\u0131nda m\u0259\u015fv\u0259r\u0259t\u00e7i statusa malik olan Beyn\u0259lxalq \u0130nformasiyala\u015fd\u0131rma Akademiyas\u0131 v\u0259 \u00dcmumd\u00fcnya \u0130nformasioloji Parlamentin t\u0259\u015f\u0259bb\u00fcs\u00fc il\u0259 qeyd olunan bu g\u00fcn informasiya-kommunikasiya texnologiyalar\u0131 sah\u0259sind\u0259 \u00e7al\u0131\u015fanlar\u0131n pe\u015f\u0259 bayram\u0131d\u0131r. B\u0259\u015f\u0259r tarixind\u0259 informasiya h\u0259mi\u015f\u0259 m\u00fch\u00fcm \u0259h\u0259miyy\u0259t k\u0259sb etmi\u015fdir. XX \u0259srin ortalar\u0131ndan ba\u015flayaraq sosial t\u0259r\u0259qqi, elm v\u0259 texnikan\u0131n&hellip;","_links":{"self":[{"href":"https:\/\/arantv.az\/index.php?rest_route=\/wp\/v2\/posts\/661390"}],"collection":[{"href":"https:\/\/arantv.az\/index.php?rest_route=\/wp\/v2\/posts"}],"about":[{"href":"https:\/\/arantv.az\/index.php?rest_route=\/wp\/v2\/types\/post"}],"author":[{"embeddable":true,"href":"https:\/\/arantv.az\/index.php?rest_route=\/wp\/v2\/users\/2"}],"replies":[{"embeddable":true,"href":"https:\/\/arantv.az\/index.php?rest_route=%2Fwp%2Fv2%2Fcomments&post=661390"}],"version-history":[{"count":0,"href":"https:\/\/arantv.az\/index.php?rest_route=\/wp\/v2\/posts\/661390\/revisions"}],"wp:featuredmedia":[{"embeddable":true,"href":"https:\/\/arantv.az\/index.php?rest_route=\/wp\/v2\/media\/661391"}],"wp:attachment":[{"href":"https:\/\/arantv.az\/index.php?rest_route=%2Fwp%2Fv2%2Fmedia&parent=661390"}],"wp:term":[{"taxonomy":"category","embeddable":true,"href":"https:\/\/arantv.az\/index.php?rest_route=%2Fwp%2Fv2%2Fcategories&post=661390"},{"taxonomy":"post_tag","embeddable":true,"href":"https:\/\/arantv.az\/index.php?rest_route=%2Fwp%2Fv2%2Ftags&post=661390"}],"curies":[{"name":"wp","href":"https:\/\/api.w.org\/{rel}","templated":true}]}}