{"id":661410,"date":"2023-11-26T14:12:28","date_gmt":"2023-11-26T10:12:28","guid":{"rendered":"https:\/\/arantv.az\/?p=661410"},"modified":"2023-11-26T14:12:28","modified_gmt":"2023-11-26T10:12:28","slug":"v%c9%99kill%c9%99r-kollegiyasinin-r%c9%99hb%c9%99rliyinin-yunanistanda-istirak-etdiyi-iclasda-ccbe-y%c9%99-prezident-secilib-foto","status":"publish","type":"post","link":"https:\/\/arantv.az\/?p=661410","title":{"rendered":"V\u0259kill\u0259r Kollegiyas\u0131n\u0131n r\u0259hb\u0259rliyinin Yunan\u0131standa i\u015ftirak etdiyi iclasda CCBE-y\u0259 prezident se\u00e7ilib &#8211; FOTO"},"content":{"rendered":"<p>Cari ilin 23-24 noyabr tarixl\u0259rind\u0259 Az\u0259rbaycan Respublikas\u0131n\u0131n V\u0259kill\u0259r Kollegiyas\u0131n\u0131n (ARVK) s\u0259dri Anar Ba\u011f\u0131rovun r\u0259hb\u0259rlik etdiyi n\u00fcmay\u0259nd\u0259 hey\u0259ti Yunan\u0131stan\u0131n Afina V\u0259kill\u0259r Kollegiyas\u0131n\u0131n d\u0259v\u0259ti il\u0259 V\u0259kill\u0259r Kollegiyas\u0131 v\u0259 H\u00fcquq C\u0259miyy\u0259tl\u0259ri \u015euras\u0131n\u0131n (CCBE) plenar iclas\u0131nda i\u015ftirak etm\u0259k \u00fc\u00e7\u00fcn Afina \u015f\u0259h\u0259rind\u0259 r\u0259smi s\u0259f\u0259rd\u0259 olub.<\/p>\n<p>Bu bar\u0259d\u0259\u00a0V\u0259kill\u0259r Kollegiyas\u0131ndan m\u0259lumat verilib.<\/p>\n<p>S\u0259f\u0259rd\u0259 ARVK-n\u0131n s\u0259dri Anar Ba\u011f\u0131rovla yana\u015f\u0131, Kollegiyan\u0131n R\u0259yas\u0259t Hey\u0259tinin \u00fczv\u00fc El\u00e7in Usub da i\u015ftirak edib.<\/p>\n<p>\u0130clasda Afina V\u0259kill\u0259r Kollegiyas\u0131 v\u0259 Yunan\u0131stan V\u0259kill\u0259r Kollegiyalar\u0131 Prezidentl\u0259ri Assambleyas\u0131n\u0131n prezidenti Dimitrios Vervesos, CCBE-nin prezidenti Panagiotis Perakis, d\u00fcnyan\u0131n m\u00fcxt\u0259lif \u00f6lk\u0259l\u0259rind\u0259n v\u0259kill\u0259r kollegiyalar\u0131, h\u00fcquq c\u0259miyy\u0259tl\u0259rinin r\u0259hb\u0259rl\u0259ri, habel\u0259 d\u00f6vl\u0259t r\u0259smil\u0259ri v\u0259 v\u0259t\u0259nda\u015f c\u0259miyy\u0259tinin n\u00fcmay\u0259nd\u0259l\u0259ri i\u015ftirak edibl\u0259r.<\/p>\n<p>\u0130clas \u00e7\u0259r\u00e7iv\u0259sind\u0259 t\u0259\u015fkilat\u0131n cari f\u0259aliyy\u0259ti il\u0259 \u0259laq\u0259dar bir s\u0131ra m\u00fczakir\u0259l\u0259r v\u0259 CCBE-nin uzunm\u00fcdd\u0259tli strategiyas\u0131 il\u0259 ba\u011fl\u0131 geni\u015f fikir m\u00fcbadil\u0259si apar\u0131l\u0131b.<\/p>\n<p>Daha sonra CCBE-y\u0259 yeni prezident hey\u0259ti se\u00e7ilib. Bel\u0259 ki, 2024-c\u00fc ilin yanvar ay\u0131ndan etibar\u0259n t\u0259\u015fkilata Pierre-Dominique Schupp (\u0130sve\u00e7r\u0259) r\u0259hb\u0259rlik ed\u0259c\u0259k. Vitse-prezidentl\u0259r v\u0259zif\u0259sin\u0259 is\u0259 Thierry Vickers (Fransa), Roman Zavrsek (Sloveniya) v\u0259 Aleks Tallon (Bel\u00e7ika) se\u00e7ilib.<\/p>\n<p>Eyni zamanda iclasda Birl\u0259\u015fmi\u015f Mill\u0259tl\u0259r T\u0259\u015fkilat\u0131n\u0131n x\u00fcsusi m\u0259ruz\u0259\u00e7isi Marqaret Satterthwaite hakiml\u0259rin v\u0259 v\u0259kill\u0259rin m\u00fcst\u0259qilliyi il\u0259 ba\u011fl\u0131 hesabat\u0131n\u0131 onlayn formatda t\u0259qdim edib.<\/p>\n<p>Qeyd ed\u0259k ki, t\u0259dbir \u00e7\u0259r\u00e7iv\u0259sind\u0259 g\u0259l\u0259c\u0259k \u0259m\u0259kda\u015fl\u0131\u011f\u0131n g\u00fccl\u0259ndirilm\u0259si m\u0259qs\u0259dil\u0259 ARVK-n\u0131n s\u0259dri Anar Ba\u011f\u0131rovla beyn\u0259lxalq t\u0259\u015fkilatlar\u0131n v\u0259 bir s\u0131ra \u00f6lk\u0259l\u0259rin v\u0259kill\u0259r kollegiyalar\u0131n\u0131n r\u0259hb\u0259rl\u0259ri aras\u0131nda m\u00fcvafiq g\u00f6r\u00fc\u015fl\u0259r ke\u00e7irilib, t\u0259cr\u00fcb\u0259 m\u00fcbadil\u0259si, g\u0259l\u0259c\u0259k \u0259m\u0259kda\u015fl\u0131\u011f\u0131n perspektivl\u0259ri bar\u0259d\u0259 m\u00fczakir\u0259l\u0259r apar\u0131l\u0131b.<\/p>\n<p>&nbsp;<\/p>\n<div class=\"gallery\">\n<div class=\"gallery-i\"><img src=\"https:\/\/cdn.oxu.az\/uploads\/W1siZiIsIjIwMjMvMTEvMjYvMTMvNDgvMjUvY2QxOTMwM2MtZjM3Yi00NjFjLWFkOGYtOGYwZmU4ZDVmMGZiLzQoMTkpLmpwZyJdLFsicCIsImVuY29kZSIsImpwZyIsIi1xdWFsaXR5IDgwIl0sWyJwIiwidGh1bWIiLCI1OTB4NTkwXHUwMDNlIl1d?sha=e23af192ee2cb6da\" alt=\"\" \/><\/p>\n<div class=\"gallery-i-caption\"><\/div>\n<\/div>\n<div class=\"gallery-i\"><img src=\"https:\/\/cdn.oxu.az\/uploads\/W1siZiIsIjIwMjMvMTEvMjYvMTMvNDgvMjUvOWUwNDVmNTctMjk2My00NjRkLTg3ZDYtZTUwZDFiOGYxNzIyLzIoMjYpLmpwZyJdLFsicCIsImVuY29kZSIsImpwZyIsIi1xdWFsaXR5IDgwIl0sWyJwIiwidGh1bWIiLCI1OTB4NTkwXHUwMDNlIl1d?sha=e31757682717e560\" alt=\"\" \/><\/p>\n<div class=\"gallery-i-caption\"><\/div>\n<\/div>\n<div class=\"gallery-i\"><img src=\"https:\/\/cdn.oxu.az\/uploads\/W1siZiIsIjIwMjMvMTEvMjYvMTMvNDgvMjUvYjFiZmUwMWYtNmMwMi00NjllLWFkMDEtNmI4NTEzNmRlNzQ0LzUoMTkpLmpwZyJdLFsicCIsImVuY29kZSIsImpwZyIsIi1xdWFsaXR5IDgwIl0sWyJwIiwidGh1bWIiLCI1OTB4NTkwXHUwMDNlIl1d?sha=77bd5e6b99bb90e2\" alt=\"\" \/><\/p>\n<div class=\"gallery-i-caption\"><\/div>\n<\/div>\n<div class=\"gallery-i\"><img src=\"https:\/\/cdn.oxu.az\/uploads\/W1siZiIsIjIwMjMvMTEvMjYvMTMvNDgvMjUvOWUyZGJjNTQtMTRjMC00ZThiLWFiMTQtZDY0NGExOWJlMTliLzMoMjgpLmpwZyJdLFsicCIsImVuY29kZSIsImpwZyIsIi1xdWFsaXR5IDgwIl0sWyJwIiwidGh1bWIiLCI1OTB4NTkwXHUwMDNlIl1d?sha=21b42690d4377faf\" alt=\"\" \/><\/p>\n<div class=\"gallery-i-caption\"><\/div>\n<\/div>\n<div class=\"gallery-i\"><img src=\"https:\/\/cdn.oxu.az\/uploads\/W1siZiIsIjIwMjMvMTEvMjYvMTMvNDgvMjUvZDczNjYwYTgtZTExZS00OGM2LTk1MjItMzQwNjQxOWRhZDMwLzA5ZmVjOTJmLTA2MmItNGVlOC1iODQzLTA3OWNjYTI0MTRiNS5qcGciXSxbInAiLCJlbmNvZGUiLCJqcGciLCItcXVhbGl0eSA4MCJdLFsicCIsInRodW1iIiwiNTkweDU5MFx1MDAzZSJdXQ?sha=08a9368a79a7f042\" alt=\"\" \/><\/div>\n<\/div>\n","protected":false},"excerpt":{"rendered":"<p>Cari ilin 23-24 noyabr tarixl\u0259rind\u0259 Az\u0259rbaycan Respublikas\u0131n\u0131n V\u0259kill\u0259r Kollegiyas\u0131n\u0131n (ARVK) s\u0259dri Anar Ba\u011f\u0131rovun r\u0259hb\u0259rlik etdiyi n\u00fcmay\u0259nd\u0259 hey\u0259ti Yunan\u0131stan\u0131n Afina V\u0259kill\u0259r Kollegiyas\u0131n\u0131n d\u0259v\u0259ti il\u0259 V\u0259kill\u0259r Kollegiyas\u0131 v\u0259 H\u00fcquq C\u0259miyy\u0259tl\u0259ri \u015euras\u0131n\u0131n (CCBE) plenar iclas\u0131nda i\u015ftirak etm\u0259k \u00fc\u00e7\u00fcn Afina \u015f\u0259h\u0259rind\u0259 r\u0259smi s\u0259f\u0259rd\u0259 olub. Bu bar\u0259d\u0259\u00a0V\u0259kill\u0259r Kollegiyas\u0131ndan m\u0259lumat verilib. S\u0259f\u0259rd\u0259 ARVK-n\u0131n s\u0259dri Anar Ba\u011f\u0131rovla yana\u015f\u0131, Kollegiyan\u0131n R\u0259yas\u0259t Hey\u0259tinin \u00fczv\u00fc El\u00e7in Usub da i\u015ftirak edib. \u0130clasda Afina V\u0259kill\u0259r Kollegiyas\u0131 v\u0259 Yunan\u0131stan V\u0259kill\u0259r Kollegiyalar\u0131 Prezidentl\u0259ri Assambleyas\u0131n\u0131n prezidenti Dimitrios Vervesos, CCBE-nin prezidenti Panagiotis Perakis, d\u00fcnyan\u0131n m\u00fcxt\u0259lif \u00f6lk\u0259l\u0259rind\u0259n v\u0259kill\u0259r kollegiyalar\u0131, h\u00fcquq c\u0259miyy\u0259tl\u0259rinin r\u0259hb\u0259rl\u0259ri, habel\u0259 d\u00f6vl\u0259t r\u0259smil\u0259ri v\u0259 v\u0259t\u0259nda\u015f&hellip;<\/p>\n","protected":false},"author":2,"featured_media":661411,"comment_status":"closed","ping_status":"closed","sticky":false,"template":"","format":"standard","meta":{"om_disable_all_campaigns":false,"_monsterinsights_skip_tracking":false,"_monsterinsights_sitenote_active":false,"_monsterinsights_sitenote_note":"","_monsterinsights_sitenote_category":0},"categories":[19],"tags":[],"aioseo_notices":[],"gutentor_comment":0,"rttpg_featured_image_url":{"full":["https:\/\/arantv.az\/wp-content\/uploads\/2023\/11\/samples_2_45284f57781723ad5a02ce7fc664fd84.jpg",620,413,false],"landscape":["https:\/\/arantv.az\/wp-content\/uploads\/2023\/11\/samples_2_45284f57781723ad5a02ce7fc664fd84.jpg",620,413,false],"portraits":["https:\/\/arantv.az\/wp-content\/uploads\/2023\/11\/samples_2_45284f57781723ad5a02ce7fc664fd84.jpg",620,413,false],"thumbnail":["https:\/\/arantv.az\/wp-content\/uploads\/2023\/11\/samples_2_45284f57781723ad5a02ce7fc664fd84-500x280.jpg",500,280,true],"medium":["https:\/\/arantv.az\/wp-content\/uploads\/2023\/11\/samples_2_45284f57781723ad5a02ce7fc664fd84-548x365.jpg",548,365,true],"large":["https:\/\/arantv.az\/wp-content\/uploads\/2023\/11\/samples_2_45284f57781723ad5a02ce7fc664fd84.jpg",620,413,false],"1536x1536":["https:\/\/arantv.az\/wp-content\/uploads\/2023\/11\/samples_2_45284f57781723ad5a02ce7fc664fd84.jpg",620,413,false],"2048x2048":["https:\/\/arantv.az\/wp-content\/uploads\/2023\/11\/samples_2_45284f57781723ad5a02ce7fc664fd84.jpg",620,413,false],"post-thumbnail":["https:\/\/arantv.az\/wp-content\/uploads\/2023\/11\/samples_2_45284f57781723ad5a02ce7fc664fd84-240x172.jpg",240,172,true],"advps-thumb-one":["https:\/\/arantv.az\/wp-content\/uploads\/2023\/11\/samples_2_45284f57781723ad5a02ce7fc664fd84.jpg",620,413,false]},"rttpg_author":{"display_name":"V\u00fcsal Rafiqo\u011flu","author_link":"https:\/\/arantv.az\/?author=2"},"rttpg_comment":0,"rttpg_category":"<a href=\"https:\/\/arantv.az\/?cat=19\" rel=\"category\">G\u00fcnd\u0259m<\/a>","rttpg_excerpt":"Cari ilin 23-24 noyabr tarixl\u0259rind\u0259 Az\u0259rbaycan Respublikas\u0131n\u0131n V\u0259kill\u0259r Kollegiyas\u0131n\u0131n (ARVK) s\u0259dri Anar Ba\u011f\u0131rovun r\u0259hb\u0259rlik etdiyi n\u00fcmay\u0259nd\u0259 hey\u0259ti Yunan\u0131stan\u0131n Afina V\u0259kill\u0259r Kollegiyas\u0131n\u0131n d\u0259v\u0259ti il\u0259 V\u0259kill\u0259r Kollegiyas\u0131 v\u0259 H\u00fcquq C\u0259miyy\u0259tl\u0259ri \u015euras\u0131n\u0131n (CCBE) plenar iclas\u0131nda i\u015ftirak etm\u0259k \u00fc\u00e7\u00fcn Afina \u015f\u0259h\u0259rind\u0259 r\u0259smi s\u0259f\u0259rd\u0259 olub. Bu bar\u0259d\u0259\u00a0V\u0259kill\u0259r Kollegiyas\u0131ndan m\u0259lumat verilib. S\u0259f\u0259rd\u0259 ARVK-n\u0131n s\u0259dri Anar Ba\u011f\u0131rovla yana\u015f\u0131, Kollegiyan\u0131n R\u0259yas\u0259t Hey\u0259tinin \u00fczv\u00fc&hellip;","_links":{"self":[{"href":"https:\/\/arantv.az\/index.php?rest_route=\/wp\/v2\/posts\/661410"}],"collection":[{"href":"https:\/\/arantv.az\/index.php?rest_route=\/wp\/v2\/posts"}],"about":[{"href":"https:\/\/arantv.az\/index.php?rest_route=\/wp\/v2\/types\/post"}],"author":[{"embeddable":true,"href":"https:\/\/arantv.az\/index.php?rest_route=\/wp\/v2\/users\/2"}],"replies":[{"embeddable":true,"href":"https:\/\/arantv.az\/index.php?rest_route=%2Fwp%2Fv2%2Fcomments&post=661410"}],"version-history":[{"count":0,"href":"https:\/\/arantv.az\/index.php?rest_route=\/wp\/v2\/posts\/661410\/revisions"}],"wp:featuredmedia":[{"embeddable":true,"href":"https:\/\/arantv.az\/index.php?rest_route=\/wp\/v2\/media\/661411"}],"wp:attachment":[{"href":"https:\/\/arantv.az\/index.php?rest_route=%2Fwp%2Fv2%2Fmedia&parent=661410"}],"wp:term":[{"taxonomy":"category","embeddable":true,"href":"https:\/\/arantv.az\/index.php?rest_route=%2Fwp%2Fv2%2Fcategories&post=661410"},{"taxonomy":"post_tag","embeddable":true,"href":"https:\/\/arantv.az\/index.php?rest_route=%2Fwp%2Fv2%2Ftags&post=661410"}],"curies":[{"name":"wp","href":"https:\/\/api.w.org\/{rel}","templated":true}]}}