{"id":661413,"date":"2023-11-26T14:13:10","date_gmt":"2023-11-26T10:13:10","guid":{"rendered":"https:\/\/arantv.az\/?p=661413"},"modified":"2023-11-26T14:13:10","modified_gmt":"2023-11-26T10:13:10","slug":"bir-%c9%99razi-uc-rayon-kaspinin-arasdirmasi-foto","status":"publish","type":"post","link":"https:\/\/arantv.az\/?p=661413","title":{"rendered":"Bir \u0259razi, \u00fc\u00e7 rayon &#8211; \u201cKaspi\u201dnin ARA\u015eDIRMASI + FOTO"},"content":{"rendered":"<p>Sumqay\u0131t \u015f\u0259h\u0259rinin, Bin\u0259q\u0259di v\u0259 Ab\u015feron rayonlar\u0131n\u0131n s\u0259rh\u0259dl\u0259rinin m\u00fc\u0259yy\u0259nl\u0259\u015fdirilm\u0259si haqq\u0131nda qanunun q\u00fcvv\u0259y\u0259 minm\u0259si il\u0259 \u00e7oxdand\u0131r m\u00f6vcud olan problemin h\u0259lli istiqam\u0259tind\u0259 ilk add\u0131m at\u0131l\u0131b. Bu g\u00fcn Bak\u0131n\u0131n Sabun\u00e7u, Suraxan\u0131, X\u0259z\u0259r, Qarada\u011f rayonlar\u0131nda da analoji problem h\u0259llini g\u00f6zl\u0259yir.<\/p>\n<p>Bir ne\u00e7\u0259 g\u00fcn \u0259vv\u0259l Prezident\u00a0<strong>\u0130lham \u018fliyev<\/strong>\u00a0\u201cBak\u0131 \u015f\u0259h\u0259ri Bin\u0259q\u0259di rayonunun, Sumqay\u0131t \u015f\u0259h\u0259rinin v\u0259 Ab\u015feron rayonunun s\u0259rh\u0259dl\u0259rinin m\u00fc\u0259yy\u0259nl\u0259\u015fdirilm\u0259si haqq\u0131nda\u201d qanunu t\u0259sdiql\u0259yib. Qanunla Bin\u0259q\u0259di q\u0259s\u0259b\u0259sinin \u0259razisind\u0259n 1213 ha torpaq sah\u0259si, Ab\u015feron rayonunun inzibati \u0259razisind\u0259 yerl\u0259\u015f\u0259n 375 ha v\u0259 2223,67 ha torpaq sah\u0259l\u0259ri Sumqay\u0131t \u015f\u0259h\u0259rinin inzibati \u0259razisin\u0259 veril\u0259c\u0259k. B\u0259s bu qanunun q\u00fcvv\u0259y\u0259 minm\u0259sind\u0259n sonra \u0259razid\u0259 ya\u015fayan \u0259halini hans\u0131 d\u0259yi\u015fiklikl\u0259r g\u00f6zl\u0259yir?<\/p>\n<p><a href=\"https:\/\/kaspi.az\/hali-ucun-daha-yaxsi-olacaq?fbclid=IwAR1av4CujBzPMbjnIVXLi3QhJwoqDhgeXdJ73_ELKDJB3aNAykOUE3UDEt0\" target=\"_blank\" rel=\"noopener\"><strong>\u201cKaspi\u201d<\/strong><\/a>\u00a0q\u0259zeti m\u00f6vzu il\u0259 ba\u011fl\u0131 m\u0259qal\u0259sind\u0259 bu v\u0259 dig\u0259r suallara cavab axtar\u0131b.<\/p>\n<p><strong>Xidm\u0259t sah\u0259l\u0259ri Sumqay\u0131tla ba\u011fl\u0131 olacaq<\/strong><\/p>\n<p>Sumqay\u0131t \u015e\u0259h\u0259r \u0130cra Hakimiyy\u0259tinin M\u0259tbuat Xidm\u0259tinin r\u0259hb\u0259ri Eyvaz Qocayev \u201cKaspi\u201d q\u0259zetin\u0259 a\u00e7\u0131qlamas\u0131nda bildirib ki, \u201cBak\u0131 \u015f\u0259h\u0259ri Bin\u0259q\u0259di rayonunun, Sumqay\u0131t \u015f\u0259h\u0259rinin v\u0259 Ab\u015feron rayonunun s\u0259rh\u0259dl\u0259rinin m\u00fc\u0259yy\u0259nl\u0259\u015fdirilm\u0259si haqq\u0131nda\u201d qanun q\u00fcvv\u0259y\u0259 minm\u0259mi\u015fd\u0259n \u0259vv\u0259l d\u0259 qeyd olunan \u0259razil\u0259rd\u0259 ya\u015fayan \u0259halinin sosial t\u0259minat\u0131, kommunal v\u0259 dig\u0259r xidm\u0259tl\u0259ri Sumqay\u0131t \u015f\u0259h\u0259rind\u0259 f\u0259aliyy\u0259t g\u00f6st\u0259r\u0259n m\u00fcvafiq d\u00f6vl\u0259t idar\u0259l\u0259ri t\u0259r\u0259find\u0259n h\u0259yata ke\u00e7irilib: \u201cLakin bu \u0259razil\u0259r Bin\u0259q\u0259di v\u0259 Ab\u015feron \u0259razisin\u0259 aid idi. Qanun layih\u0259sinin q\u0259bulundan sonra bu \u0259razil\u0259r art\u0131q r\u0259sm\u0259n Sumqay\u0131ta aiddir. Eyni zamanda, xidm\u0259t sah\u0259l\u0259ri d\u0259 \u0259vv\u0259lki kimi Sumqay\u0131tla ba\u011fl\u0131 olacaq\u201d.<\/p>\n<p><img src=\"https:\/\/cdn.oxu.az\/uploads\/W1siZiIsIjIwMjMvMTEvMjYvMDkvNTkvMjUvMDE0MmM5OTctYmY1ZC00YzdiLTkyMDItZmI4ZTM4MmY5OWRlL2NwRndjckRLSUpLN0czazlOVWczRVB1UHB6S3ZFdTg5aWdlbWF2VTIuanBnIl0sWyJwIiwiZW5jb2RlIiwianBnIiwiLXF1YWxpdHkgODAiXSxbInAiLCJ0aHVtYiIsIjU5MHg1OTBcdTAwM2UiXV0?sha=eff22abde624c6cd\" alt=\"\" \/><\/p>\n<p><strong>Sumqay\u0131tda evl\u0259rin s\u0259n\u0259dl\u0259\u015fdirilm\u0259sind\u0259 problem yoxdur<\/strong><\/p>\n<p>\u201cB\u0259l\u0259diyy\u0259l\u0259rin f\u0259aliyy\u0259tinin t\u0259bli\u011fi\u201d \u0130ctimai Birliyinin s\u0259dri V\u00fcqar Tofiqli bildirib ki, Bin\u0259q\u0259di v\u0259 Ab\u015feron rayonlar\u0131ndan hektarlarla \u0259razil\u0259rin Sumqay\u0131t \u015f\u0259h\u0259rin\u0259 verilm\u0259sinin m\u00fc\u0259yy\u0259n \u0259saslar\u0131 var: \u201cSumqay\u0131t\u0131n iqtisadi \u015f\u0259h\u0259r kimi b\u0259rpa edilm\u0259si planlar\u0131 m\u00f6vcuddur v\u0259 bu istiqam\u0259td\u0259 ciddi add\u0131mlar at\u0131l\u0131r. H\u0259min \u0259razil\u0259rd\u0259 ya\u015fayan insanlar \u00fc\u00e7\u00fcn x\u00fcsusi d\u0259yi\u015fiklikl\u0259r g\u00f6zl\u0259nilmir. Oradak\u0131 m\u0259kt\u0259bl\u0259r, poliklinikalar yen\u0259 d\u0259 f\u0259aliyy\u0259t g\u00f6st\u0259r\u0259c\u0259kl\u0259r. H\u0259min \u0259razid\u0259 formala\u015fan b\u0259l\u0259diyy\u0259l\u0259rd\u0259 d\u0259 he\u00e7 bir d\u0259yi\u015fiklik olmayacaq. \u00c7\u00fcnki Ab\u015feron v\u0259 \u00a0Bin\u0259q\u0259di rayonlar\u0131 \u0259razisind\u0259 torpaqlar\u0131n oradak\u0131 b\u0259l\u0259diyy\u0259l\u0259r\u0259 verilm\u0259 prosesi ba\u015fa \u00e7atmay\u0131b. 20 ild\u0259n art\u0131qd\u0131r ki, bu proses davam edir v\u0259 n\u0259 zaman bit\u0259c\u0259yi bilinmir. Bunun \u00fc\u00e7\u00fcn ciddi bir problem olmayacaq. Orada \u0259halinin m\u0259skunla\u015fmas\u0131 m\u0259s\u0259l\u0259si varsa, g\u00fcman edir\u0259m ki, prosesl\u0259rd\u0259n sonra m\u0259nzill\u0259rin, f\u0259rdi evl\u0259rin \u00e7\u0131xar\u0131\u015f m\u0259s\u0259l\u0259si s\u00fcr\u0259tl\u0259n\u0259c\u0259k. \u00c7\u00fcnki Sumqay\u0131t \u015f\u0259h\u0259rind\u0259 s\u0259n\u0259dsiz m\u0259nzill\u0259r\u0259 sahib \u0259halinin evl\u0259rinin s\u0259n\u0259dl\u0259\u015fdirilm\u0259sind\u0259 problem yoxdur. Ona g\u00f6r\u0259 ki, orada b\u0259l\u0259diyy\u0259l\u0259rin m\u00fclkiyy\u0259tin\u0259 torpaq verilib. Bin\u0259q\u0259di \u0259razisind\u0259 is\u0259 bu qeyri-m\u00fcmk\u00fcn idi. Bak\u0131 \u0259razisind\u0259 b\u0259l\u0259diyy\u0259l\u0259rin m\u00fclkiyy\u0259tin\u0259 bir santimetrd\u0259 olsa torpaq verilm\u0259yib\u201d.<\/p>\n<p><img src=\"https:\/\/cdn.oxu.az\/uploads\/W1siZiIsIjIwMjMvMTEvMjYvMDkvNTkvMjUvNTE0ZDljMTUtN2Y0Zi00ZWE2LThkZWUtOWVjNDVjNzkzY2EzL1VkbEVzNHI0cW1aamh2bGxMNnFtc1RQVzdmemZMeUZ1ejdRR2hFN2MuanBnIl0sWyJwIiwiZW5jb2RlIiwianBnIiwiLXF1YWxpdHkgODAiXSxbInAiLCJ0aHVtYiIsIjU5MHg1OTBcdTAwM2UiXV0?sha=d2537f0b921fa7ab\" alt=\"\" \/><\/p>\n<p><strong>Bir \u0259razi, \u00fc\u00e7 rayon<\/strong><\/p>\n<p>Ekspert vur\u011fulay\u0131b ki, m\u0259rk\u0259zi icra orqanlar\u0131 regional idar\u0259etm\u0259y\u0259 ke\u00e7id etdiyind\u0259n h\u0259r hans\u0131 bir problemin olmas\u0131 g\u00f6zl\u0259nilmir: \u201cSumqay\u0131ta veril\u0259n \u0259razil\u0259rd\u0259 ya\u015fayan \u0259hali \u00fc\u00e7\u00fcn he\u00e7 bir d\u0259yi\u015fiklik olmayacaq. Arzu ed\u0259rdim ki, g\u0259l\u0259c\u0259kd\u0259 bu c\u00fcr qar\u0131\u015f\u0131ql\u0131q olan \u0259razil\u0259rin m\u0259s\u0259l\u0259si d\u0259 \u00f6z h\u0259llini taps\u0131n. Bu g\u00fcn Bak\u0131n\u0131n Sabun\u00e7u, Suraxan\u0131, X\u0259z\u0259r, Bin\u0259q\u0259di v\u0259 Qarada\u011f rayonlar\u0131n\u0131n inzibati \u0259razil\u0259ri dola\u015f\u0131qd\u0131r. T\u0259s\u0259vv\u00fcr edin ki, Bin\u0259 q\u0259s\u0259b\u0259sind\u0259 155 mind\u0259n \u00e7ox \u0259hali ya\u015fay\u0131r. Bu \u0259razil\u0259rd\u0259 ya\u015fayan sakinl\u0259r &#8211; X\u0259z\u0259r, Suraxan\u0131 v\u0259 ya Ab\u015feron rayonuna m\u00fcraci\u0259t etm\u0259k \u00fczr\u0259 b\u00f6l\u00fcn\u00fcr. Y\u0259ni \u0259hali bir \u0259razid\u0259 ya\u015fay\u0131r, amma \u00fc\u00e7 rayon bax\u0131r. Yaxud, bir q\u0259s\u0259b\u0259nin \u00fc\u00e7 rayona tabeliyi var. Vaxtil\u0259 ciddi problem yaradan m\u0259murlar\u0131n say\u0259sind\u0259 bu rayonlarda s\u0259rh\u0259din m\u00fc\u0259yy\u0259nl\u0259\u015fdirilm\u0259si m\u00fcmk\u00fcn olmay\u0131b. \u0130nzibati \u0259razil\u0259rd\u0259ki s\u0259rh\u0259d b\u00f6lg\u00fcs\u00fcn\u00fcn d\u0259qiql\u0259\u015fdirilm\u0259si, \u0259razil\u0259rd\u0259ki s\u0259n\u0259dsiz m\u0259nzill\u0259rin s\u0259n\u0259dl\u0259\u015fdirilm\u0259si prosesi ba\u015fa \u00e7atd\u0131r\u0131lmal\u0131d\u0131r. Bu bax\u0131mdan, Sumqay\u0131tla ba\u011fl\u0131 son add\u0131m m\u00fcsb\u0259t hald\u0131r\u201d.<\/p>\n<p><strong>M\u0259qs\u0259d Sumqay\u0131t\u0131n sosial-iqtisadi inki\u015faf\u0131d\u0131r<\/strong><\/p>\n<p>Milli M\u0259clisin deputat\u0131 Kamran Bayramovun s\u00f6zl\u0259rin\u0259 g\u00f6r\u0259, Prezident \u0130lham \u018fliyevin imzalad\u0131\u011f\u0131 qanunun \u0259sas m\u0259qs\u0259di Sumqay\u0131t\u0131n sosial-iqtisadi inki\u015faf\u0131n\u0131n t\u0259min edilm\u0259sidir:<\/p>\n<p><img src=\"https:\/\/cdn.oxu.az\/uploads\/W1siZiIsIjIwMjMvMTEvMjYvMDkvNTkvMjUvYjc5NTMyNzctNmQ1MC00NzNhLWIxMTAtMjg4NTRmNGM4MzBmLzRaeFM2MHpRbkFqTHRydVJPWHQzQTJLa3ZPNEp2eXd4ME4zWUNWMnYuanBnIl0sWyJwIiwiZW5jb2RlIiwianBnIiwiLXF1YWxpdHkgODAiXSxbInAiLCJ0aHVtYiIsIjU5MHg1OTBcdTAwM2UiXV0?sha=c940b7669504f17c\" alt=\"\" \/><\/p>\n<p>\u201cEyni zamanda, orada ya\u015fayan v\u0259t\u0259nda\u015flar\u0131n rifah\u0131n\u0131n yax\u015f\u0131la\u015fd\u0131r\u0131lmas\u0131, ya\u015fad\u0131qlar\u0131 \u0259razinin abadla\u015fd\u0131r\u0131lmas\u0131 da bu m\u0259qs\u0259dl\u0259r\u0259 daxildir. Sumqay\u0131t b\u00f6y\u00fck \u015f\u0259h\u0259rdir. T\u0259bii ki, orada ya\u015fayan insanlar\u0131n \u015f\u0259h\u0259r sakinl\u0259ri kimi statusu olacaq. Bu, m\u00fcvafiq layih\u0259l\u0259rin h\u0259yata ke\u00e7irilm\u0259si \u00fc\u00e7\u00fcn \u0259lveri\u015flidir. Bildiyiniz kimi, son zamanlar \u00f6lk\u0259d\u0259 b\u00f6y\u00fck infrastruktur layih\u0259l\u0259ri h\u0259yata ke\u00e7irilir. Sumqay\u0131tda da islahatlar, quruculuq i\u015fl\u0259ri apar\u0131l\u0131b. Bu yax\u0131nlarda d\u00f6vl\u0259t ba\u015f\u00e7\u0131s\u0131 da orada a\u00e7\u0131l\u0131\u015flara qat\u0131ld\u0131. Bin\u0259q\u0259di v\u0259 Ab\u015feronun b\u0259zi \u0259razil\u0259rinin Sumqay\u0131ta verilm\u0259si yax\u015f\u0131 t\u0259cr\u00fcb\u0259dir v\u0259 \u0259razisinin geni\u015fl\u0259nm\u0259si oran\u0131n iqtisadi inki\u015faf\u0131na xidm\u0259t ed\u0259c\u0259k\u201d.<\/p>\n","protected":false},"excerpt":{"rendered":"<p>Sumqay\u0131t \u015f\u0259h\u0259rinin, Bin\u0259q\u0259di v\u0259 Ab\u015feron rayonlar\u0131n\u0131n s\u0259rh\u0259dl\u0259rinin m\u00fc\u0259yy\u0259nl\u0259\u015fdirilm\u0259si haqq\u0131nda qanunun q\u00fcvv\u0259y\u0259 minm\u0259si il\u0259 \u00e7oxdand\u0131r m\u00f6vcud olan problemin h\u0259lli istiqam\u0259tind\u0259 ilk add\u0131m at\u0131l\u0131b. Bu g\u00fcn Bak\u0131n\u0131n Sabun\u00e7u, Suraxan\u0131, X\u0259z\u0259r, Qarada\u011f rayonlar\u0131nda da analoji problem h\u0259llini g\u00f6zl\u0259yir. Bir ne\u00e7\u0259 g\u00fcn \u0259vv\u0259l Prezident\u00a0\u0130lham \u018fliyev\u00a0\u201cBak\u0131 \u015f\u0259h\u0259ri Bin\u0259q\u0259di rayonunun, Sumqay\u0131t \u015f\u0259h\u0259rinin v\u0259 Ab\u015feron rayonunun s\u0259rh\u0259dl\u0259rinin m\u00fc\u0259yy\u0259nl\u0259\u015fdirilm\u0259si haqq\u0131nda\u201d qanunu t\u0259sdiql\u0259yib. Qanunla Bin\u0259q\u0259di q\u0259s\u0259b\u0259sinin \u0259razisind\u0259n 1213 ha torpaq sah\u0259si, Ab\u015feron rayonunun inzibati \u0259razisind\u0259 yerl\u0259\u015f\u0259n 375 ha v\u0259 2223,67 ha torpaq sah\u0259l\u0259ri Sumqay\u0131t \u015f\u0259h\u0259rinin inzibati \u0259razisin\u0259 veril\u0259c\u0259k. B\u0259s bu qanunun q\u00fcvv\u0259y\u0259 minm\u0259sind\u0259n sonra \u0259razid\u0259 ya\u015fayan \u0259halini hans\u0131 d\u0259yi\u015fiklikl\u0259r&hellip;<\/p>\n","protected":false},"author":2,"featured_media":661414,"comment_status":"closed","ping_status":"closed","sticky":false,"template":"","format":"standard","meta":{"om_disable_all_campaigns":false,"_monsterinsights_skip_tracking":false,"_monsterinsights_sitenote_active":false,"_monsterinsights_sitenote_note":"","_monsterinsights_sitenote_category":0},"categories":[1],"tags":[],"aioseo_notices":[],"gutentor_comment":0,"rttpg_featured_image_url":{"full":["https:\/\/arantv.az\/wp-content\/uploads\/2023\/11\/GiT3Ha8OkIarZ9hF05DfO2XN5iFBdTvhwsfWuBg9.jpg",620,413,false],"landscape":["https:\/\/arantv.az\/wp-content\/uploads\/2023\/11\/GiT3Ha8OkIarZ9hF05DfO2XN5iFBdTvhwsfWuBg9.jpg",620,413,false],"portraits":["https:\/\/arantv.az\/wp-content\/uploads\/2023\/11\/GiT3Ha8OkIarZ9hF05DfO2XN5iFBdTvhwsfWuBg9.jpg",620,413,false],"thumbnail":["https:\/\/arantv.az\/wp-content\/uploads\/2023\/11\/GiT3Ha8OkIarZ9hF05DfO2XN5iFBdTvhwsfWuBg9-500x280.jpg",500,280,true],"medium":["https:\/\/arantv.az\/wp-content\/uploads\/2023\/11\/GiT3Ha8OkIarZ9hF05DfO2XN5iFBdTvhwsfWuBg9-548x365.jpg",548,365,true],"large":["https:\/\/arantv.az\/wp-content\/uploads\/2023\/11\/GiT3Ha8OkIarZ9hF05DfO2XN5iFBdTvhwsfWuBg9.jpg",620,413,false],"1536x1536":["https:\/\/arantv.az\/wp-content\/uploads\/2023\/11\/GiT3Ha8OkIarZ9hF05DfO2XN5iFBdTvhwsfWuBg9.jpg",620,413,false],"2048x2048":["https:\/\/arantv.az\/wp-content\/uploads\/2023\/11\/GiT3Ha8OkIarZ9hF05DfO2XN5iFBdTvhwsfWuBg9.jpg",620,413,false],"post-thumbnail":["https:\/\/arantv.az\/wp-content\/uploads\/2023\/11\/GiT3Ha8OkIarZ9hF05DfO2XN5iFBdTvhwsfWuBg9-240x172.jpg",240,172,true],"advps-thumb-one":["https:\/\/arantv.az\/wp-content\/uploads\/2023\/11\/GiT3Ha8OkIarZ9hF05DfO2XN5iFBdTvhwsfWuBg9.jpg",620,413,false]},"rttpg_author":{"display_name":"V\u00fcsal Rafiqo\u011flu","author_link":"https:\/\/arantv.az\/?author=2"},"rttpg_comment":0,"rttpg_category":"<a href=\"https:\/\/arantv.az\/?cat=1\" rel=\"category\">C\u0259miyy\u0259t<\/a>","rttpg_excerpt":"Sumqay\u0131t \u015f\u0259h\u0259rinin, Bin\u0259q\u0259di v\u0259 Ab\u015feron rayonlar\u0131n\u0131n s\u0259rh\u0259dl\u0259rinin m\u00fc\u0259yy\u0259nl\u0259\u015fdirilm\u0259si haqq\u0131nda qanunun q\u00fcvv\u0259y\u0259 minm\u0259si il\u0259 \u00e7oxdand\u0131r m\u00f6vcud olan problemin h\u0259lli istiqam\u0259tind\u0259 ilk add\u0131m at\u0131l\u0131b. Bu g\u00fcn Bak\u0131n\u0131n Sabun\u00e7u, Suraxan\u0131, X\u0259z\u0259r, Qarada\u011f rayonlar\u0131nda da analoji problem h\u0259llini g\u00f6zl\u0259yir. Bir ne\u00e7\u0259 g\u00fcn \u0259vv\u0259l Prezident\u00a0\u0130lham \u018fliyev\u00a0\u201cBak\u0131 \u015f\u0259h\u0259ri Bin\u0259q\u0259di rayonunun, Sumqay\u0131t \u015f\u0259h\u0259rinin v\u0259 Ab\u015feron rayonunun s\u0259rh\u0259dl\u0259rinin m\u00fc\u0259yy\u0259nl\u0259\u015fdirilm\u0259si haqq\u0131nda\u201d qanunu t\u0259sdiql\u0259yib. Qanunla&hellip;","_links":{"self":[{"href":"https:\/\/arantv.az\/index.php?rest_route=\/wp\/v2\/posts\/661413"}],"collection":[{"href":"https:\/\/arantv.az\/index.php?rest_route=\/wp\/v2\/posts"}],"about":[{"href":"https:\/\/arantv.az\/index.php?rest_route=\/wp\/v2\/types\/post"}],"author":[{"embeddable":true,"href":"https:\/\/arantv.az\/index.php?rest_route=\/wp\/v2\/users\/2"}],"replies":[{"embeddable":true,"href":"https:\/\/arantv.az\/index.php?rest_route=%2Fwp%2Fv2%2Fcomments&post=661413"}],"version-history":[{"count":0,"href":"https:\/\/arantv.az\/index.php?rest_route=\/wp\/v2\/posts\/661413\/revisions"}],"wp:featuredmedia":[{"embeddable":true,"href":"https:\/\/arantv.az\/index.php?rest_route=\/wp\/v2\/media\/661414"}],"wp:attachment":[{"href":"https:\/\/arantv.az\/index.php?rest_route=%2Fwp%2Fv2%2Fmedia&parent=661413"}],"wp:term":[{"taxonomy":"category","embeddable":true,"href":"https:\/\/arantv.az\/index.php?rest_route=%2Fwp%2Fv2%2Fcategories&post=661413"},{"taxonomy":"post_tag","embeddable":true,"href":"https:\/\/arantv.az\/index.php?rest_route=%2Fwp%2Fv2%2Ftags&post=661413"}],"curies":[{"name":"wp","href":"https:\/\/api.w.org\/{rel}","templated":true}]}}