{"id":661464,"date":"2023-11-26T16:41:03","date_gmt":"2023-11-26T12:41:03","guid":{"rendered":"https:\/\/arantv.az\/?p=661464"},"modified":"2023-11-26T16:41:03","modified_gmt":"2023-11-26T12:41:03","slug":"musa-musayev-t%c9%99ran%c9%99-m%c9%99n%c9%99-tovb%c9%99-el%c9%99tdirdi-video","status":"publish","type":"post","link":"https:\/\/arantv.az\/?p=661464","title":{"rendered":"Musa Musayev: \u201cT\u0259ran\u0259 m\u0259n\u0259 t\u00f6vb\u0259 el\u0259tdirdi\u201d &#8211; V\u0130DEO"},"content":{"rendered":"<article class=\"news\">\n<div class=\"news-inner\">\n<p>M\u00fc\u011f\u0259nni Musa Musayev ail\u0259 h\u0259yat\u0131 il\u0259 ba\u011fl\u0131 maraql\u0131 a\u00e7\u0131qlama verib.<\/p>\n<p><strong>ARANTV.AZ<\/strong>\u00a0x\u0259b\u0259r verir ki, o, qonaq oldu\u011fu \u201c7 tamam\u201d ax\u015fam \u015fousunda cavan ya\u015flar\u0131nda pis v\u0259rdi\u015fl\u0259r\u0259 qur\u015fanmas\u0131ndan dan\u0131\u015f\u0131b.<\/p>\n<p>Musa T\u0259ran\u0259 Qumralla evl\u0259ndikd\u0259n sonra spirtli i\u00e7kil\u0259r\u0259 meyl sald\u0131\u011f\u0131n\u0131 etiraf edib.<\/p>\n<p>&#8220;T\u0259ran\u0259 xan\u0131mla ail\u0259 quranda spirtli i\u00e7kiy\u0259 qur\u015fand\u0131m. \u00c7ox i\u00e7ki i\u00e7irdim. Ad\u0131m vard\u0131, \u00f6z\u00fcm is\u0259 yox idim&#8221;. M.Musayevin\u00a0s\u00f6zl\u0259rin\u0259 g\u00f6r\u0259, T\u0259ran\u0259 Qumral onu spirtli i\u00e7ki v\u0259rdi\u015find\u0259n xilas edib.<\/p>\n<p><iframe loading=\"lazy\" title=\"YouTube video player\" src=\"https:\/\/www.youtube.com\/embed\/g5Ap8DxpxkQ?si=voX-4K1GanST2NjX\" width=\"560\" height=\"315\" frameborder=\"0\" allowfullscreen=\"allowfullscreen\" data-mce-fragment=\"1\"><\/iframe><\/p>\n<\/div>\n<\/article>\n","protected":false},"excerpt":{"rendered":"<p>M\u00fc\u011f\u0259nni Musa Musayev ail\u0259 h\u0259yat\u0131 il\u0259 ba\u011fl\u0131 maraql\u0131 a\u00e7\u0131qlama verib. ARANTV.AZ\u00a0x\u0259b\u0259r verir ki, o, qonaq oldu\u011fu \u201c7 tamam\u201d ax\u015fam \u015fousunda cavan ya\u015flar\u0131nda pis v\u0259rdi\u015fl\u0259r\u0259 qur\u015fanmas\u0131ndan dan\u0131\u015f\u0131b. Musa T\u0259ran\u0259 Qumralla evl\u0259ndikd\u0259n sonra spirtli i\u00e7kil\u0259r\u0259 meyl sald\u0131\u011f\u0131n\u0131 etiraf edib. &#8220;T\u0259ran\u0259 xan\u0131mla ail\u0259 quranda spirtli i\u00e7kiy\u0259 qur\u015fand\u0131m. \u00c7ox i\u00e7ki i\u00e7irdim. Ad\u0131m vard\u0131, \u00f6z\u00fcm is\u0259 yox idim&#8221;. M.Musayevin\u00a0s\u00f6zl\u0259rin\u0259 g\u00f6r\u0259, T\u0259ran\u0259 Qumral onu spirtli i\u00e7ki v\u0259rdi\u015find\u0259n xilas edib.<\/p>\n","protected":false},"author":2,"featured_media":661465,"comment_status":"closed","ping_status":"closed","sticky":false,"template":"","format":"standard","meta":{"om_disable_all_campaigns":false,"_monsterinsights_skip_tracking":false,"_monsterinsights_sitenote_active":false,"_monsterinsights_sitenote_note":"","_monsterinsights_sitenote_category":0},"categories":[20],"tags":[],"aioseo_notices":[],"gutentor_comment":0,"rttpg_featured_image_url":{"full":["https:\/\/arantv.az\/wp-content\/uploads\/2023\/11\/FotoJet-23-4.jpg",620,413,false],"landscape":["https:\/\/arantv.az\/wp-content\/uploads\/2023\/11\/FotoJet-23-4.jpg",620,413,false],"portraits":["https:\/\/arantv.az\/wp-content\/uploads\/2023\/11\/FotoJet-23-4.jpg",620,413,false],"thumbnail":["https:\/\/arantv.az\/wp-content\/uploads\/2023\/11\/FotoJet-23-4-500x280.jpg",500,280,true],"medium":["https:\/\/arantv.az\/wp-content\/uploads\/2023\/11\/FotoJet-23-4-548x365.jpg",548,365,true],"large":["https:\/\/arantv.az\/wp-content\/uploads\/2023\/11\/FotoJet-23-4.jpg",620,413,false],"1536x1536":["https:\/\/arantv.az\/wp-content\/uploads\/2023\/11\/FotoJet-23-4.jpg",620,413,false],"2048x2048":["https:\/\/arantv.az\/wp-content\/uploads\/2023\/11\/FotoJet-23-4.jpg",620,413,false],"post-thumbnail":["https:\/\/arantv.az\/wp-content\/uploads\/2023\/11\/FotoJet-23-4-240x172.jpg",240,172,true],"advps-thumb-one":["https:\/\/arantv.az\/wp-content\/uploads\/2023\/11\/FotoJet-23-4.jpg",620,413,false]},"rttpg_author":{"display_name":"V\u00fcsal Rafiqo\u011flu","author_link":"https:\/\/arantv.az\/?author=2"},"rttpg_comment":0,"rttpg_category":"<a href=\"https:\/\/arantv.az\/?cat=20\" rel=\"category\">\u015eou biznes<\/a>","rttpg_excerpt":"M\u00fc\u011f\u0259nni Musa Musayev ail\u0259 h\u0259yat\u0131 il\u0259 ba\u011fl\u0131 maraql\u0131 a\u00e7\u0131qlama verib. ARANTV.AZ\u00a0x\u0259b\u0259r verir ki, o, qonaq oldu\u011fu \u201c7 tamam\u201d ax\u015fam \u015fousunda cavan ya\u015flar\u0131nda pis v\u0259rdi\u015fl\u0259r\u0259 qur\u015fanmas\u0131ndan dan\u0131\u015f\u0131b. Musa T\u0259ran\u0259 Qumralla evl\u0259ndikd\u0259n sonra spirtli i\u00e7kil\u0259r\u0259 meyl sald\u0131\u011f\u0131n\u0131 etiraf edib. &#8220;T\u0259ran\u0259 xan\u0131mla ail\u0259 quranda spirtli i\u00e7kiy\u0259 qur\u015fand\u0131m. \u00c7ox i\u00e7ki i\u00e7irdim. Ad\u0131m vard\u0131, \u00f6z\u00fcm is\u0259 yox idim&#8221;. M.Musayevin\u00a0s\u00f6zl\u0259rin\u0259 g\u00f6r\u0259,&hellip;","_links":{"self":[{"href":"https:\/\/arantv.az\/index.php?rest_route=\/wp\/v2\/posts\/661464"}],"collection":[{"href":"https:\/\/arantv.az\/index.php?rest_route=\/wp\/v2\/posts"}],"about":[{"href":"https:\/\/arantv.az\/index.php?rest_route=\/wp\/v2\/types\/post"}],"author":[{"embeddable":true,"href":"https:\/\/arantv.az\/index.php?rest_route=\/wp\/v2\/users\/2"}],"replies":[{"embeddable":true,"href":"https:\/\/arantv.az\/index.php?rest_route=%2Fwp%2Fv2%2Fcomments&post=661464"}],"version-history":[{"count":0,"href":"https:\/\/arantv.az\/index.php?rest_route=\/wp\/v2\/posts\/661464\/revisions"}],"wp:featuredmedia":[{"embeddable":true,"href":"https:\/\/arantv.az\/index.php?rest_route=\/wp\/v2\/media\/661465"}],"wp:attachment":[{"href":"https:\/\/arantv.az\/index.php?rest_route=%2Fwp%2Fv2%2Fmedia&parent=661464"}],"wp:term":[{"taxonomy":"category","embeddable":true,"href":"https:\/\/arantv.az\/index.php?rest_route=%2Fwp%2Fv2%2Fcategories&post=661464"},{"taxonomy":"post_tag","embeddable":true,"href":"https:\/\/arantv.az\/index.php?rest_route=%2Fwp%2Fv2%2Ftags&post=661464"}],"curies":[{"name":"wp","href":"https:\/\/api.w.org\/{rel}","templated":true}]}}