{"id":661467,"date":"2023-11-26T16:41:36","date_gmt":"2023-11-26T12:41:36","guid":{"rendered":"https:\/\/arantv.az\/?p=661467"},"modified":"2023-11-26T16:41:36","modified_gmt":"2023-11-26T12:41:36","slug":"peskov-b%c9%99zi-q%c9%99rb-dovl%c9%99tl%c9%99ri-qarabag-%c9%99trafinda-sabitliyi-pozmaga-calisirlar","status":"publish","type":"post","link":"https:\/\/arantv.az\/?p=661467","title":{"rendered":"Peskov: \u201cB\u0259zi Q\u0259rb d\u00f6vl\u0259tl\u0259ri Qaraba\u011f \u0259traf\u0131nda sabitliyi pozma\u011fa \u00e7al\u0131\u015f\u0131rlar\u201d"},"content":{"rendered":"<p>\u201cB\u0259zi Q\u0259rb d\u00f6vl\u0259tl\u0259ri Qaraba\u011f \u0259traf\u0131nda sabitliyi pozma\u011fa \u00e7al\u0131\u015f\u0131r v\u0259 regionda a\u00e7\u0131q \u015f\u0259kild\u0259 Rusiyaya qar\u015f\u0131 m\u00fcbariz\u0259 apar\u0131rlar\u201d.<\/p>\n<p>Bunu Kremlin s\u00f6z\u00e7\u00fcs\u00fc Dmitri Peskov deyib.<\/p>\n<p>\u201cHaradasa, y\u0259qin ki, 3, 4, 5 il \u0259vv\u0259l d\u0259 bel\u0259 bir m\u00fcbariz\u0259 diplomatik maskalarla apar\u0131l\u0131rd\u0131. \u0130ndi bu maskalar \u00e7oxdan at\u0131l\u0131b v\u0259 \u00fczb\u0259\u00fcz, a\u00e7\u0131q \u015f\u0259kild\u0259 m\u00fcbariz\u0259 apar\u0131l\u0131r. Do\u011frudan da, bir s\u0131ra \u00f6lk\u0259l\u0259r h\u0259l\u0259 d\u0259 Qaraba\u011f \u0259traf\u0131nda sabitliyi pozma\u011fa \u00e7al\u0131\u015f\u0131r.<\/p>\n<p>N\u0259tic\u0259d\u0259 Az\u0259rbaycan t\u0259r\u0259fi\u00a0r\u0259smi \u015f\u0259kild\u0259 b\u0259yan etdi ki, bu sayda d\u00f6vl\u0259tl\u0259r birt\u0259r\u0259fli m\u00f6vqe tutduqlar\u0131 \u00fc\u00e7\u00fcn \u00e7\u0259tin ki, h\u0259r hans\u0131 vasit\u0259\u00e7i roluna iddia ed\u0259 bil\u0259rl\u0259r\u201d, &#8211; Kreml n\u00fcmay\u0259nd\u0259si bildirib.<\/p>\n<p>M\u0259nb\u0259: TASS<\/p>\n","protected":false},"excerpt":{"rendered":"<p>\u201cB\u0259zi Q\u0259rb d\u00f6vl\u0259tl\u0259ri Qaraba\u011f \u0259traf\u0131nda sabitliyi pozma\u011fa \u00e7al\u0131\u015f\u0131r v\u0259 regionda a\u00e7\u0131q \u015f\u0259kild\u0259 Rusiyaya qar\u015f\u0131 m\u00fcbariz\u0259 apar\u0131rlar\u201d. Bunu Kremlin s\u00f6z\u00e7\u00fcs\u00fc Dmitri Peskov deyib. \u201cHaradasa, y\u0259qin ki, 3, 4, 5 il \u0259vv\u0259l d\u0259 bel\u0259 bir m\u00fcbariz\u0259 diplomatik maskalarla apar\u0131l\u0131rd\u0131. \u0130ndi bu maskalar \u00e7oxdan at\u0131l\u0131b v\u0259 \u00fczb\u0259\u00fcz, a\u00e7\u0131q \u015f\u0259kild\u0259 m\u00fcbariz\u0259 apar\u0131l\u0131r. Do\u011frudan da, bir s\u0131ra \u00f6lk\u0259l\u0259r h\u0259l\u0259 d\u0259 Qaraba\u011f \u0259traf\u0131nda sabitliyi pozma\u011fa \u00e7al\u0131\u015f\u0131r. N\u0259tic\u0259d\u0259 Az\u0259rbaycan t\u0259r\u0259fi\u00a0r\u0259smi \u015f\u0259kild\u0259 b\u0259yan etdi ki, bu sayda d\u00f6vl\u0259tl\u0259r birt\u0259r\u0259fli m\u00f6vqe tutduqlar\u0131 \u00fc\u00e7\u00fcn \u00e7\u0259tin ki, h\u0259r hans\u0131 vasit\u0259\u00e7i roluna iddia ed\u0259 bil\u0259rl\u0259r\u201d, &#8211; Kreml n\u00fcmay\u0259nd\u0259si bildirib. M\u0259nb\u0259: TASS<\/p>\n","protected":false},"author":2,"featured_media":661468,"comment_status":"closed","ping_status":"closed","sticky":false,"template":"","format":"standard","meta":{"om_disable_all_campaigns":false,"_monsterinsights_skip_tracking":false,"_monsterinsights_sitenote_active":false,"_monsterinsights_sitenote_note":"","_monsterinsights_sitenote_category":0},"categories":[4],"tags":[],"aioseo_notices":[],"gutentor_comment":0,"rttpg_featured_image_url":{"full":["https:\/\/arantv.az\/wp-content\/uploads\/2023\/11\/peskov_103.jpg",620,413,false],"landscape":["https:\/\/arantv.az\/wp-content\/uploads\/2023\/11\/peskov_103.jpg",620,413,false],"portraits":["https:\/\/arantv.az\/wp-content\/uploads\/2023\/11\/peskov_103.jpg",620,413,false],"thumbnail":["https:\/\/arantv.az\/wp-content\/uploads\/2023\/11\/peskov_103-500x280.jpg",500,280,true],"medium":["https:\/\/arantv.az\/wp-content\/uploads\/2023\/11\/peskov_103-548x365.jpg",548,365,true],"large":["https:\/\/arantv.az\/wp-content\/uploads\/2023\/11\/peskov_103.jpg",620,413,false],"1536x1536":["https:\/\/arantv.az\/wp-content\/uploads\/2023\/11\/peskov_103.jpg",620,413,false],"2048x2048":["https:\/\/arantv.az\/wp-content\/uploads\/2023\/11\/peskov_103.jpg",620,413,false],"post-thumbnail":["https:\/\/arantv.az\/wp-content\/uploads\/2023\/11\/peskov_103-240x172.jpg",240,172,true],"advps-thumb-one":["https:\/\/arantv.az\/wp-content\/uploads\/2023\/11\/peskov_103.jpg",620,413,false]},"rttpg_author":{"display_name":"V\u00fcsal Rafiqo\u011flu","author_link":"https:\/\/arantv.az\/?author=2"},"rttpg_comment":0,"rttpg_category":"<a href=\"https:\/\/arantv.az\/?cat=4\" rel=\"category\">Siyas\u0259t<\/a>","rttpg_excerpt":"\u201cB\u0259zi Q\u0259rb d\u00f6vl\u0259tl\u0259ri Qaraba\u011f \u0259traf\u0131nda sabitliyi pozma\u011fa \u00e7al\u0131\u015f\u0131r v\u0259 regionda a\u00e7\u0131q \u015f\u0259kild\u0259 Rusiyaya qar\u015f\u0131 m\u00fcbariz\u0259 apar\u0131rlar\u201d. Bunu Kremlin s\u00f6z\u00e7\u00fcs\u00fc Dmitri Peskov deyib. \u201cHaradasa, y\u0259qin ki, 3, 4, 5 il \u0259vv\u0259l d\u0259 bel\u0259 bir m\u00fcbariz\u0259 diplomatik maskalarla apar\u0131l\u0131rd\u0131. \u0130ndi bu maskalar \u00e7oxdan at\u0131l\u0131b v\u0259 \u00fczb\u0259\u00fcz, a\u00e7\u0131q \u015f\u0259kild\u0259 m\u00fcbariz\u0259 apar\u0131l\u0131r. Do\u011frudan da, bir s\u0131ra \u00f6lk\u0259l\u0259r h\u0259l\u0259 d\u0259&hellip;","_links":{"self":[{"href":"https:\/\/arantv.az\/index.php?rest_route=\/wp\/v2\/posts\/661467"}],"collection":[{"href":"https:\/\/arantv.az\/index.php?rest_route=\/wp\/v2\/posts"}],"about":[{"href":"https:\/\/arantv.az\/index.php?rest_route=\/wp\/v2\/types\/post"}],"author":[{"embeddable":true,"href":"https:\/\/arantv.az\/index.php?rest_route=\/wp\/v2\/users\/2"}],"replies":[{"embeddable":true,"href":"https:\/\/arantv.az\/index.php?rest_route=%2Fwp%2Fv2%2Fcomments&post=661467"}],"version-history":[{"count":0,"href":"https:\/\/arantv.az\/index.php?rest_route=\/wp\/v2\/posts\/661467\/revisions"}],"wp:featuredmedia":[{"embeddable":true,"href":"https:\/\/arantv.az\/index.php?rest_route=\/wp\/v2\/media\/661468"}],"wp:attachment":[{"href":"https:\/\/arantv.az\/index.php?rest_route=%2Fwp%2Fv2%2Fmedia&parent=661467"}],"wp:term":[{"taxonomy":"category","embeddable":true,"href":"https:\/\/arantv.az\/index.php?rest_route=%2Fwp%2Fv2%2Fcategories&post=661467"},{"taxonomy":"post_tag","embeddable":true,"href":"https:\/\/arantv.az\/index.php?rest_route=%2Fwp%2Fv2%2Ftags&post=661467"}],"curies":[{"name":"wp","href":"https:\/\/api.w.org\/{rel}","templated":true}]}}