{"id":661477,"date":"2023-11-26T16:44:28","date_gmt":"2023-11-26T12:44:28","guid":{"rendered":"https:\/\/arantv.az\/?p=661477"},"modified":"2023-11-26T16:44:28","modified_gmt":"2023-11-26T12:44:28","slug":"baki-zirv%c9%99sind%c9%99n-iki-v%c9%99-ya-daha-cox-stulda-oturmaq-ist%c9%99y%c9%99n-bir-nec%c9%99-agaya-xidm%c9%99t-ed%c9%99n-olk%c9%99y%c9%99-noqt%c9%99li-z%c9%99rb%c9%99l%c9%99r","status":"publish","type":"post","link":"https:\/\/arantv.az\/?p=661477","title":{"rendered":"Bak\u0131 Zirv\u0259sind\u0259n \u201ciki v\u0259 ya daha \u00e7ox stulda oturmaq ist\u0259y\u0259n, bir ne\u00e7\u0259 a\u011faya xidm\u0259t ed\u0259n\u201d \u00f6lk\u0259y\u0259 n\u00f6qt\u0259li Z\u018fRB\u018fL\u018fR"},"content":{"rendered":"<p><strong>\u00d6t\u0259n h\u0259ft\u0259 Az\u0259rbaycan\u0131n ba\u015fk\u0259ndi daha bir zirv\u0259y\u0259 evsahibliyi etdi. BMT-nin M\u0259rk\u0259zi Asiya \u00d6lk\u0259l\u0259rinin \u0130qtisadiyyatlar\u0131 \u00fc\u00e7\u00fcn X\u00fcsusi Proqram\u0131n\u0131n \u2013 SPECA-n\u0131n i\u015ftirak\u00e7\u0131 \u00f6lk\u0259l\u0259rinin d\u00f6vl\u0259t v\u0259 h\u00f6kum\u0259t ba\u015f\u00e7\u0131lar\u0131n\u0131n Zirv\u0259 g\u00f6r\u00fc\u015f\u00fc m\u00fctt\u0259fiq \u00f6lk\u0259l\u0259ri bir araya g\u0259tirdi. 2023-c\u00fc il SPECA-n\u0131n 25-ci ild\u00f6n\u00fcm\u00fcd\u00fcr, amma \u00fczv d\u00f6vl\u0259tl\u0259rin Zirv\u0259 g\u00f6r\u00fc\u015f\u00fc ilk d\u0259f\u0259 ke\u00e7irildi, \u00f6z\u00fc d\u0259 Az\u0259rbaycan\u0131n SPECA-ya s\u0259drlik etdiyi zaman.<\/strong><\/p>\n<p><strong><img loading=\"lazy\" src=\"https:\/\/cdn.musavat.com\/news\/thumbnails\/d8065309b3eaf6525dee89e28a7f976b.jpg\" alt=\"SPECA SON.jpg (113 KB)\" width=\"700\" height=\"436\" \/><\/strong><\/p>\n<p><strong>Az\u0259rbaycan\u0131n b\u00f6lg\u0259d\u0259ki m\u00fch\u00fcm rolu, missiyas\u0131 v\u0259 \u201colmazsa, olmaz\u201d\u0131 bar\u0259d\u0259 ill\u0259rdir h\u0259tta regiondan \u00e7ox uzaq olan \u00f6lk\u0259l\u0259rin liderl\u0259ri t\u0259r\u0259find\u0259n etiraflar dil\u0259 g\u0259tirilir.<\/strong>\u00a0Bu m\u0259nada b\u00f6lg\u0259mizl\u0259, h\u0259m d\u0259 \u00f6lk\u0259mizl\u0259 birba\u015fa v\u0259 dolay\u0131s\u0131 il\u0259 ba\u011fl\u0131 olan d\u00f6vl\u0259tl\u0259rin Az\u0259rbaycana mara\u011f\u0131, h\u0259m\u00e7inin y\u00fcks\u0259k d\u0259y\u0259r verm\u0259si tamamil\u0259 t\u0259biidir. El\u0259 m\u0259hz bu d\u0259y\u0259rl\u0259ndirm\u0259nin m\u0259ntiqi n\u0259tic\u0259sidir ki, Zirv\u0259 g\u00f6r\u00fc\u015f\u00fcn\u00fcn ke\u00e7irilm\u0259si il\u0259 \u0259laq\u0259dar Az\u0259rbaycan\u0131n t\u0259\u015f\u0259bb\u00fcs\u00fc M\u0259rk\u0259zi Asiya \u00f6lk\u0259l\u0259rinin r\u0259hb\u0259rl\u0259ri t\u0259r\u0259find\u0259n d\u0259rhal d\u0259st\u0259kl\u0259nib v\u0259 \u0259n y\u00fcks\u0259k s\u0259viyy\u0259l\u0259rd\u0259 i\u015ftirak t\u0259min edilib. D\u00fcnyan\u0131n indiki narahat vaxt\u0131nda az-az \u00f6lk\u0259l\u0259rin paytaxtlar\u0131 eyni zamanda, eyni t\u0259dbird\u0259 bu q\u0259d\u0259r sayda d\u00f6vl\u0259t v\u0259 h\u00f6kum\u0259t ba\u015f\u00e7\u0131lar\u0131n\u0131 qonaq edir, Az\u0259rbaycan yen\u0259 d\u0259 f\u0259rql\u0259ndi. Az\u0259rbaycan M\u0259rk\u0259zi Asiya \u00f6lk\u0259l\u0259ri il\u0259 &#8211; Qazax\u0131stan, Q\u0131r\u011f\u0131z\u0131stan, Tacikistan, T\u00fcrkm\u0259nistan v\u0259 \u00d6zb\u0259kistanla bir s\u0131ra \u00e7oxt\u0259r\u0259fli formatlarda u\u011furla \u0259m\u0259kda\u015fl\u0131q edir. Odur ki, s\u00f6z\u00fcged\u0259n \u00f6lk\u0259l\u0259rin liderl\u0259rinin Bak\u0131ya t\u0259\u015frif buyurmas\u0131 \u0259m\u0259kda\u015fl\u0131\u011fa, b\u00fct\u00fcn m\u00fcst\u0259vil\u0259rd\u0259 \u0259laq\u0259l\u0259rin daha da ir\u0259li apar\u0131lmas\u0131na stimul ver\u0259n hadis\u0259dir. Eyni zamanda dost Macar\u0131stan v\u0259 G\u00fcrc\u00fcstan\u0131n h\u00f6kum\u0259t ba\u015f\u00e7\u0131lar\u0131n\u0131n Az\u0259rbaycan paytaxt\u0131ndak\u0131 m\u00fch\u00fcm t\u0259dbird\u0259 i\u015ftirak\u0131 \u0259laq\u0259 orbitinin geni\u015fl\u0259nm\u0259si imkanlar\u0131n\u0131 art\u0131r\u0131r. He\u00e7 \u015f\u00fcbh\u0259siz ki, yeni t\u0259rkibd\u0259 ke\u00e7iril\u0259n Zirv\u0259 g\u00f6r\u00fc\u015f\u00fc daha geni\u015f iqtisadi \u0259m\u0259kda\u015fl\u0131q format\u0131na yol a\u00e7acaq. Zirv\u0259 g\u00f6r\u00fc\u015f\u00fcnd\u0259 G\u00fcrc\u00fcstan\u0131n v\u0259 Macar\u0131stan\u0131n ba\u015f nazirl\u0259ri il\u0259 yana\u015f\u0131, K\u00f6rf\u0259z \u018fm\u0259kda\u015fl\u0131q \u015euras\u0131n\u0131n ba\u015f katibinin d\u0259 f\u0259xri qonaqlar qismind\u0259 i\u015ftirak\u0131 SPECA-n\u0131n perspektivd\u0259 daha da b\u00f6y\u00fcy\u0259c\u0259yin\u0259, bu t\u0259rkibd\u0259 ke\u00e7iril\u0259n Zirv\u0259 g\u00f6r\u00fc\u015f\u00fcn\u00fcn daha geni\u015f iqtisadi \u0259m\u0259kda\u015fl\u0131q format\u0131na yol a\u00e7aca\u011f\u0131na \u015f\u00fcbh\u0259 yeri qoymur.<\/p>\n<p><img loading=\"lazy\" src=\"https:\/\/cdn.musavat.com\/news\/thumbnails\/3cf1b4df0540b66e84e3a095c7ab5d21.jpg\" alt=\"NEV SON.jpg (138 KB)\" width=\"700\" height=\"428\" \/><\/p>\n<p><strong>D\u00f6vl\u0259t ba\u015f\u00e7\u0131m\u0131z\u0131n qeyd etdiyi kimi, SPECA yarananda \u00fczv \u00f6lk\u0259l\u0259r d\u00f6vl\u0259t m\u00fcst\u0259qilliyinin ilk add\u0131mlar\u0131n\u0131 at\u0131rd\u0131lar. H\u0259l\u0259 k\u00f6vr\u0259k add\u0131mlar at\u0131l\u0131rd\u0131.<\/strong>\u00a0Amma art\u0131q postsovet m\u0259kan\u0131n\u0131n m\u00fcst\u0259qil \u00f6lk\u0259l\u0259ri tarixin bu q\u0131sa d\u00f6vr\u00fcnd\u0259 uzun, ke\u015fm\u0259ke\u015fli yol ke\u00e7ibl\u0259r, ayaqlar\u0131 \u00fcst\u00fcnd\u0259 dayanma\u011f\u0131 bacar\u0131blar, z\u0259f\u0259rl\u0259r\u0259 imza atan \u00f6lk\u0259l\u0259rin s\u0259si-sora\u011f\u0131 d\u00fcnyaya yay\u0131l\u0131b. Bu m\u0259nada b\u0259li, son 25 ild\u0259 \u0259sas \u00e7a\u011f\u0131r\u0131\u015flar arxada qal\u0131b, biz d\u00f6vl\u0259t suverenliyimizi m\u00f6hk\u0259ml\u0259ndirmi\u015f, beyn\u0259lxalq al\u0259min d\u0259y\u0259rli \u00fczvl\u0259rin\u0259 \u00e7evrilmi\u015f v\u0259 iqtisadi c\u0259h\u0259td\u0259n s\u00fcr\u0259tl\u0259 inki\u015faf etmi\u015fik.<\/p>\n<p><img loading=\"lazy\" src=\"https:\/\/cdn.musavat.com\/news\/thumbnails\/8868b72e2c63e60f1ebdc9aa647c9a8a.jpg\" alt=\"C\u0130X\u0130S SON.jpg (96 KB)\" width=\"700\" height=\"477\" \/><\/p>\n<p><strong>Az\u0259rbaycan Prezidenti \u0130lham \u018fliyev Zirv\u0259d\u0259ki \u00e7\u0131x\u0131\u015f\u0131nda bildirdi ki, \u00f6lk\u0259l\u0259rimizi birl\u0259\u015fdir\u0259n daha bir amil var, o da siyasi sabitlikdir. He\u00e7 \u015f\u00fcbh\u0259siz, sabitlik olmadan he\u00e7 bir iqtisadi inki\u015fafdan s\u00f6hb\u0259t ged\u0259 bilm\u0259z:<\/strong>\u00a0\u201cBu g\u00fcn d\u00fcnyan\u0131n m\u00fcxt\u0259lif b\u00f6lg\u0259l\u0259rind\u0259 m\u00fcharib\u0259l\u0259r, m\u00fcnaqi\u015f\u0259l\u0259r, qanl\u0131 toqqu\u015fmalar geni\u015f v\u00fcs\u0259t al\u0131b. Bizim \u00f6lk\u0259l\u0259rimizd\u0259 is\u0259 s\u00fclh, sabitlik, \u0259min-amanl\u0131q h\u00f6km s\u00fcr\u00fcr, inki\u015faf, quruculuq prosesl\u0259ri u\u011furla gedir. Bu, d\u00f6vl\u0259tl\u0259rimizin v\u0259 xalqlar\u0131m\u0131z\u0131n b\u00f6y\u00fck nailiyy\u0259ti v\u0259 u\u011furudur\u201d.<\/p>\n<p>Amma he\u00e7 \u015f\u00fcbh\u0259siz u\u011fursuz \u00f6lk\u0259l\u0259r d\u0259 var, hans\u0131sa \u201ca\u011fa\u201dya, \u201cbac\u0131\u201dya yar\u0131nmaqla, qon\u015fular\u0131na x\u0259yan\u0259t etm\u0259kl\u0259, \u0259razisini poliqona \u00e7evirib, regional s\u00fclh\u00fc, sabitliyi t\u0259hl\u00fck\u0259y\u0259 atmaqla, \u201cnala-m\u0131xa vurma siyas\u0259ti\u201d il\u0259 qeyri-ciddiliyin t\u0259kin\u0259 yuvarlanan birisi d\u0259 bizim qon\u015fuluqda&#8230; \u00d6lk\u0259 ba\u015f\u00e7\u0131s\u0131 s\u0259rrast \u015f\u0259kild\u0259 ifad\u0259 etdi h\u0259min \u00f6lk\u0259nin g\u00fcn-g\u00fcz\u0259ran\u0131n\u0131. \u018fslind\u0259 n\u00f6qt\u0259li z\u0259rb\u0259l\u0259r endirdi Bak\u0131 Zirv\u0259sind\u0259n: \u201cD\u00fcnyada u\u011fursuz, as\u0131l\u0131, iki v\u0259 ya daha \u00e7ox stulda oturmaq ist\u0259y\u0259n, bir ne\u00e7\u0259 a\u011faya xidm\u0259t ed\u0259n, \u00f6z\u00fcn\u00fc daha b\u00f6y\u00fck d\u00f6vl\u0259tl\u0259rin qar\u015f\u0131durma arenas\u0131na \u00e7evir\u0259n \u00f6lk\u0259l\u0259rin say\u0131 az deyil. Onlardan biri Az\u0259rbaycan\u0131n qon\u015fusu Erm\u0259nistand\u0131r. Bel\u0259 \u00f6lk\u0259l\u0259r\u0259, s\u00f6z\u00fcn \u0259sl m\u0259nas\u0131nda, m\u00fcst\u0259qil \u00f6lk\u0259 dem\u0259k olmaz. Bel\u0259 \u00f6lk\u0259l\u0259rin siyas\u0259ti xalqlar\u0131n\u0131n irad\u0259sin\u0259 \u0259saslanm\u0131r, onlar\u0131n taleyi xarici sponsorlar\u0131n \u0259lind\u0259dir\u201d. B\u0259li, marionet Erm\u0259nistandan f\u0259rqli olaraq SPECA-ya \u00fczv d\u00f6vl\u0259tl\u0259r is\u0259 \u0259sl m\u00fcst\u0259qil \u00f6lk\u0259l\u0259rdir, \u00e7\u00fcnki m\u00fcst\u0259qil xarici v\u0259 daxili siyas\u0259t apar\u0131rlar.<\/p>\n<p><strong>Az\u0259rbaycan\u0131 M\u0259rk\u0259zi Asiya \u00f6lk\u0259l\u0259ri il\u0259 \u00e7ox\u0259srlik tarixi v\u0259 m\u0259d\u0259ni \u0259laq\u0259l\u0259r ba\u011flay\u0131r, bu ba\u011flar\u0131 q\u0131rma\u011fa \u00e7al\u0131\u015fanlar\u0131n c\u0259hdl\u0259ri tarix boyunca u\u011fursuzlu\u011fa d\u00fc\u00e7ar olub.<\/strong>\u00a0Son ill\u0259rd\u0259 Az\u0259rbaycan \u00f6z\u00fcn\u00fcn n\u0259qliyyat infrastrukturuna milyardlarla AB\u015e dollar\u0131 h\u0259cmind\u0259 s\u0259rmay\u0259 qoyub ki, b\u00fct\u00fcn bunlar \u00f6lk\u0259mizi M\u0259rk\u0259zi Asiya \u00f6lk\u0259l\u0259ri \u00fc\u00e7\u00fcn d\u0259 u\u011furlu tranzit rolu oynayan \u00fcnvana \u00e7evirib. Az\u0259rbaycan Avrasiyan\u0131n \u015e\u0259rq-Q\u0259rb v\u0259 \u015eimal-C\u0259nub n\u0259qliyyat d\u0259hlizl\u0259ri \u00fcz\u0259rind\u0259 yerl\u0259\u015f\u0259n n\u0259qliyyat v\u0259 logistika m\u0259rk\u0259zl\u0259rind\u0259n birin\u0259 \u00e7evrilib. Az\u0259rbaycanda \u0259lveri\u015fli investisiya m\u00fchiti yarad\u0131l\u0131b. Son 20 ild\u0259 iqtisadiyyat\u0131na 310 milyard AB\u015e dollar\u0131ndan \u00e7ox s\u0259rmay\u0259 qoyulan Az\u0259rbaycanla \u0259m\u0259kda\u015fl\u0131q SPECA \u00f6lk\u0259l\u0259ri \u00fc\u00e7\u00fcn d\u0259 \u00f6n\u0259m k\u0259sb edir. Yat\u0131r\u0131lan investisiyan\u0131n 200 milyard dollar\u0131n\u0131n qeyri-enerji sektorunun pay\u0131na d\u00fc\u015fm\u0259si d\u0259 ciddi r\u0259q\u0259mdir v\u0259 \u00f6lk\u0259mizin c\u0259lbediciliyini art\u0131r\u0131r.<\/p>\n<p><img loading=\"lazy\" src=\"https:\/\/cdn.musavat.com\/news\/thumbnails\/059498b6161c21302fd61430e1d7f1bb.jpg\" alt=\"TATYANA.jpg (69 KB)\" width=\"700\" height=\"436\" \/><\/p>\n<p><strong>BMT-nin Avropa \u00fczr\u0259 \u0130qtisadi Komissiyas\u0131n\u0131n (UNECE) icra\u00e7\u0131 katibi Tatyana Mol\u00e7an SPECA-n\u0131n \u00fczv\u00fc olan \u00f6lk\u0259l\u0259r t\u0259r\u0259find\u0259n h\u0259lli vacib m\u0259s\u0259l\u0259l\u0259rin m\u00fczakir\u0259si bax\u0131m\u0131ndan Bak\u0131 Zirv\u0259sinin \u00f6n\u0259mind\u0259n b\u0259hs etdi:<\/strong>\u00a0\u201c\u0130caz\u0259 verin, m\u0259n \u00f6z \u00e7\u0131x\u0131\u015f\u0131ma Az\u0259rbaycan Respublikas\u0131na v\u0259 x\u00fcsus\u0259n d\u0259 c\u0259nab Prezident \u018fliyev\u0259 biz\u0259 g\u00f6st\u0259rilmi\u015f s\u0259mimi qonaqp\u0259rv\u0259rliy\u0259 g\u00f6r\u0259 v\u0259 t\u0259dbiri \u2013 bu Sammiti v\u0259 \u00fcmumiyy\u0259tl\u0259 SPECA h\u0259ft\u0259sini y\u00fcks\u0259k s\u0259viyy\u0259d\u0259 t\u0259\u015fkil etdikl\u0259rin\u0259 g\u00f6r\u0259 minn\u0259tdarl\u0131\u011f\u0131m\u0131 bildirim. Bildiyiniz kimi, SPECA 25 ild\u0259n sonra bu t\u0259dbirl\u0259rl\u0259 yen\u0259 d\u0259 yeni t\u0259kan qazan\u0131r. Bildiyiniz kimi, bu yax\u0131nlarda BMT Ba\u015f Assambleyas\u0131n\u0131n Nyu-Yorkda ke\u00e7irilmi\u015f sessiyas\u0131nda SPECA il\u0259 ba\u011fl\u0131 x\u00fcsusi q\u0259tnam\u0259 q\u0259bul olunmu\u015fdur. Bel\u0259 m\u00fch\u00fcm bir tarixl\u0259 m\u0259n Az\u0259rbaycan\u0131 v\u0259 b\u00fct\u00fcn dig\u0259r i\u015ftirak\u00e7\u0131lar\u0131 t\u0259brik etm\u0259k ist\u0259yir\u0259m\u201d. Bu m\u00fcnasib\u0259t Az\u0259rbaycan\u0131n u\u011furlu, etibarl\u0131 t\u0259r\u0259fda\u015f olmas\u0131n\u0131n, h\u0259m\u00e7inin y\u00fcks\u0259k s\u0259viyy\u0259d\u0259 s\u0259drlik missiyas\u0131n\u0131n t\u0259sdiqidir. Az\u0259rbaycan\u0131n Qo\u015fulmama H\u0259r\u0259kat\u0131na iki d\u00f6n\u0259m y\u00fcks\u0259k s\u0259viyy\u0259d\u0259 s\u0259drlik etm\u0259si, eyni zamanda BMT T\u0259hl\u00fck\u0259sizlik \u015euras\u0131n\u0131n qeyri-daimi s\u0259drliyi kimi n\u00fcmun\u0259l\u0259r d\u0259 var. K\u0259s\u0259si, Az\u0259rbaycanla \u0259m\u0259kda\u015fl\u0131qdan kims\u0259 uduzmaz, \u0259ksin\u0259, qazanar. \u00c7\u00fcnki Az\u0259rbaycan s\u00f6z\u00fc il\u0259 imzas\u0131 v\u0259hd\u0259t t\u0259\u015fkil ed\u0259n \u00f6lk\u0259dir!<\/p>\n<p><strong>Bak\u0131 Zirv\u0259sind\u0259 d\u00f6vl\u0259t ba\u015f\u00e7\u0131m\u0131z daha bir u\u011furlu \u0259m\u0259kda\u015fl\u0131q platformas\u0131ndan Az\u0259rbaycan h\u0259qiq\u0259tl\u0259rinin \u00e7atd\u0131r\u0131lmas\u0131 \u00fc\u00e7\u00fcn istifad\u0259 etdi.<\/strong>\u00a0Bu, h\u0259l\u0259 d\u0259 Az\u0259rbaycana qar\u015f\u0131 dezinformasiya \u201csava\u015f\u0131\u201d aparan, bir s\u0131ra hallarda beyn\u0259lxalq t\u0259\u015fkilatlar\u0131n v\u0259 b\u0259zi paytaxtlar\u0131n anti-Az\u0259rbaycan ritorikas\u0131n\u0131n i\u015fin\u0259 yarayan Erm\u0259nistan\u0131n if\u015fas\u0131 bax\u0131m\u0131ndan olduqca \u00f6n\u0259mli idi. \u00d6lk\u0259 r\u0259hb\u0259ri xat\u0131rlatd\u0131 ki, m\u00fcst\u0259qilliyimizin ilk ill\u0259rind\u0259 \u00f6lk\u0259mizin beyn\u0259lxalq s\u0259viyy\u0259d\u0259 tan\u0131nan \u0259razil\u0259rinin t\u0259xmin\u0259n 20 faizi Erm\u0259nistan t\u0259r\u0259find\u0259n i\u015f\u011fal edilmi\u015fdi. Erm\u0259nistan\u0131n h\u0259yata ke\u00e7irdiyi etnik t\u0259mizl\u0259m\u0259 siyas\u0259ti n\u0259tic\u0259sind\u0259 bir milyondan art\u0131q az\u0259rbaycanl\u0131 \u00f6z d\u0259d\u0259-baba yurdlar\u0131ndan qovulmu\u015fdu. Lakin 30 il\u0259 yax\u0131n apar\u0131lan dan\u0131\u015f\u0131qlar he\u00e7 bir n\u0259tic\u0259 verm\u0259di. \u00c7\u00fcnki Erm\u0259nistan\u0131n m\u0259qs\u0259di i\u015f\u011fal\u0131 qoruyub saxlamaq idi. Sitat: \u201c2019-cu ild\u0259 Erm\u0259nistan\u0131n ba\u015f nazirinin o vaxt i\u015f\u011fal alt\u0131nda olan Xank\u0259ndi \u015f\u0259h\u0259rind\u0259 \u201cQaraba\u011f Erm\u0259nistand\u0131r v\u0259 n\u00f6qt\u0259\u201d a\u00e7\u0131qlamas\u0131 dan\u0131\u015f\u0131qlar prosesini tamamil\u0259 m\u0259hv etdi. 2020-ci ilin noyabr ay\u0131nda Az\u0259rbaycan xalq\u0131 \u00f6z tarixinin \u0259n parlaq Q\u0259l\u0259b\u0259sin\u0259 imza atd\u0131. Az\u0259rbaycan 44 g\u00fcnl\u00fck V\u0259t\u0259n m\u00fcharib\u0259sind\u0259 Erm\u0259nistan\u0131 m\u0259\u011flub etdi v\u0259 i\u015f\u011fala son qoydu. BMT T\u0259hl\u00fck\u0259sizlik \u015euras\u0131n\u0131n 1993-c\u00fc ild\u0259 q\u0259bul etdiyi v\u0259 27 il ka\u011f\u0131z \u00fcz\u0259rind\u0259 qalm\u0131\u015f d\u00f6rd q\u0259tnam\u0259sinin icras\u0131n\u0131 \u00f6z\u00fcm\u00fcz t\u0259min etdik. T\u0259\u0259ss\u00fcf ki, Erm\u0259nistan bundan sonra da \u00f6z \u00f6hd\u0259likl\u0259rini yerin\u0259 yetirm\u0259di. Az\u0259rbaycan\u0131n suveren \u0259razil\u0259rind\u0259 Erm\u0259nistan silahl\u0131 q\u00fcvv\u0259l\u0259rinin 15 min\u0259 yax\u0131n h\u0259rbi kontingenti qalmaqda idi. Onlar t\u0259r\u0259find\u0259n t\u00f6r\u0259dilmi\u015f h\u0259rbi t\u0259xribatlar n\u0259tic\u0259sind\u0259 h\u0259rb\u00e7il\u0259rimiz h\u0259lak olmu\u015flar. Buna cavab olaraq v\u0259 \u201cboz zona\u201dya son qoyulmas\u0131 m\u0259qs\u0259dil\u0259 bu il sentyabr\u0131n 19-20-d\u0259 biz Qaraba\u011fda antiterror t\u0259dbirl\u0259ri ke\u00e7irdik. C\u0259mi bir g\u00fcn \u0259rzind\u0259 1992-ci ild\u0259 xalq\u0131m\u0131za qar\u015f\u0131 soyq\u0131r\u0131m\u0131n\u0131n t\u00f6r\u0259dildiyi Xocal\u0131 \u015f\u0259h\u0259ri d\u0259 daxil olmaqla, b\u00fct\u00fcn \u0259razil\u0259rimiz \u00fcz\u0259rind\u0259 suverenliyimizi tam b\u0259rpa etdik v\u0259 Az\u0259rbaycan \u0259razisind\u0259 t\u0259cav\u00fczkar separatizm\u0259 son qoyduq\u201d.<\/p>\n<p><img loading=\"lazy\" src=\"https:\/\/cdn.musavat.com\/news\/thumbnails\/30fd2f4abc3e198d90281c893fc36527.jpg\" alt=\"ANT\u0130TERROR SON.jpg (60 KB)\" width=\"700\" height=\"436\" \/><\/p>\n<p>Az\u0259rbaycan\u0131n iki \u0259sr\u0259 b\u0259rab\u0259r m\u00f6ht\u0259\u015f\u0259m q\u0259l\u0259b\u0259sinin \u0259ld\u0259 olunmas\u0131 bar\u0259d\u0259 xronologiyan\u0131 q\u0131sa \u015f\u0259kild\u0259 \u00e7atd\u0131ran d\u00f6vl\u0259t ba\u015f\u00e7\u0131m\u0131z \u00e7ox m\u00fch\u00fcm v\u0259 inc\u0259 bir m\u0259qama da toxundu, \u201cBu tarixi Q\u0259l\u0259b\u0259 m\u00fcnasib\u0259til\u0259 Az\u0259rbaycan\u0131 t\u0259brik ed\u0259n b\u00fct\u00fcn \u00f6lk\u0259l\u0259r\u0259 t\u0259\u015f\u0259kk\u00fcr\u00fcm\u00fc bildirir\u0259m\u201d-dem\u0259kl\u0259 Az\u0259rbaycan\u0131n ger\u00e7\u0259kd\u0259n yan\u0131nda olanlara he\u00e7 n\u0259yi unutmad\u0131\u011f\u0131m\u0131z\u0131 bildirmi\u015f oldu. Bu d\u0259y\u0259rl\u0259ndirm\u0259 h\u0259m d\u0259 Az\u0259rbaycan\u0131n tarixi z\u0259f\u0259rini v\u0259 \u0259dal\u0259tli sava\u015fdak\u0131 qalibiyy\u0259tini g\u00f6rm\u0259zd\u0259n, e\u015fitm\u0259zd\u0259n g\u0259l\u0259nl\u0259r\u0259 diplomatik ismar\u0131c say\u0131lmal\u0131d\u0131r.<\/p>\n<p>Az\u0259rbaycan\u0131n \u00f6z torpaqlar\u0131n\u0131 i\u015f\u011faldan azad etm\u0259sin\u0259 bizim q\u0259d\u0259r sevin\u0259n \u00f6lk\u0259l\u0259rin h\u0259m d\u0259 quruculuq prosesind\u0259 i\u015ftirak\u0131 da tarixi hadis\u0259dir, biz bu bar\u0259d\u0259 add\u0131mlar\u0131 da unutmayaca\u011f\u0131q, nec\u0259 ki, c\u0259nab prezident bildirdi. Xat\u0131rlatd\u0131 ki, haz\u0131rda i\u015f\u011faldan azad olunmu\u015f \u0259razil\u0259rd\u0259 geni\u015fmiqyasl\u0131 b\u0259rpa-quruculuq i\u015fl\u0259ri h\u0259yata ke\u00e7irilir. Biz s\u0131f\u0131rdan yeni \u015f\u0259h\u0259rl\u0259r v\u0259 k\u0259ndl\u0259r in\u015fa edirik. \u0130lkin m\u0259rh\u0259l\u0259d\u0259 100 ya\u015fay\u0131\u015f m\u0259nt\u0259q\u0259sinin, o c\u00fcml\u0259d\u0259n 9 \u015f\u0259h\u0259r v\u0259 8 q\u0259s\u0259b\u0259nin b\u0259rpa edilm\u0259si n\u0259z\u0259rd\u0259 tutulur. Ke\u00e7mi\u015f m\u0259cburi k\u00f6\u00e7k\u00fcnl\u0259r \u201cB\u00f6y\u00fck Qay\u0131d\u0131\u015f\u201d Proqram\u0131 \u00e7\u0259r\u00e7iv\u0259sind\u0259 \u00f6z d\u0259d\u0259-baba yurdlar\u0131na qay\u0131d\u0131rlar. 2026-c\u0131 ilin sonuna q\u0259d\u0259r 140 min ke\u00e7mi\u015f m\u0259cburi k\u00f6\u00e7k\u00fcn \u00f6z do\u011fma evl\u0259rin\u0259 qay\u0131dacaq.<\/p>\n<p><img loading=\"lazy\" src=\"https:\/\/cdn.musavat.com\/news\/thumbnails\/15c701e43899715c368a0f0a1fa1d2eb.jpg\" alt=\"QAY\u0130D\u0130S SON.jpg (187 KB)\" width=\"700\" height=\"394\" \/><\/p>\n<p><strong>V\u0259 qarda\u015f k\u00f6m\u0259yinin y\u00fcks\u0259k platformada elan\u0131:<\/strong>\u00a0\u201cBu ilin avqust ay\u0131nda F\u00fczuli \u015f\u0259h\u0259rind\u0259 \u00d6zb\u0259kistan\u0131n h\u0259diyy\u0259si olan 960 \u015fagird yerlik Mirz\u0259 Uluqb\u0259y ad\u0131na m\u0259kt\u0259bin a\u00e7\u0131l\u0131\u015f\u0131 oldu. Qazax\u0131stan\u0131n h\u0259diyy\u0259si &#8211; Kurmanqaz\u0131 ad\u0131na yarad\u0131c\u0131l\u0131q m\u0259rk\u0259zi haz\u0131rda F\u00fczulid\u0259 in\u015fa edilir v\u0259 g\u0259l\u0259n il a\u00e7\u0131lacaq. Bu qarda\u015fl\u0131q d\u0259st\u0259yin\u0259 g\u00f6r\u0259 \u015eavkat Miromonovi\u00e7 Mirziyoyev\u0259 v\u0259 Kas\u0131m-Jomart Kemelevi\u00e7 Tokayev\u0259 bir daha t\u0259\u015f\u0259kk\u00fcr\u00fcm\u00fc bildirir\u0259m\u201d. Qaraba\u011f\u0131, \u015e\u0259rqi Z\u0259ng\u0259zuru vandall\u0131qla da\u011f\u0131dan Erm\u0259nistan \u00fc\u00e7\u00fcn \u00f6l\u00fcm\u0259 b\u0259rab\u0259rdir bu iki fakt. Onun i\u015f\u011fal\u00e7\u0131, terror\u00e7u d\u0259st\u0259l\u0259rinin yer \u00fcz\u00fcnd\u0259 sildiyi m\u0259kt\u0259bl\u0259ri, yarad\u0131c\u0131l\u0131q m\u0259rk\u0259zl\u0259rini&#8230; Az\u0259rbaycanla yana\u015f\u0131, qarda\u015f, m\u00fctt\u0259fiq \u00f6lk\u0259l\u0259r yenid\u0259n tikirl\u0259r! Tarix boyunca h\u0259r zaman xat\u0131rlanacaq bu kimi faktlar. \u015e\u00fcbh\u0259miz yoxdur ki, bel\u0259 n\u00fcmun\u0259l\u0259r getdikc\u0259 artacaq, \u00e7\u00fcnki Az\u0259rbaycan\u0131n dostlar\u0131 kifay\u0259t q\u0259d\u0259r \u00e7oxdur v\u0259 onlar \u0259dal\u0259tin yan\u0131ndad\u0131rlar.<\/p>\n<p><img loading=\"lazy\" src=\"https:\/\/cdn.musavat.com\/news\/thumbnails\/2ef574f63f66c047d7793b152a855e72.jpg\" alt=\"PREZ YEN\u0130.jpg (115 KB)\" width=\"700\" height=\"442\" \/><\/p>\n<p>\u00d6lk\u0259mizin ikit\u0259r\u0259fli v\u0259 \u00e7oxt\u0259r\u0259fli \u0259m\u0259kda\u015fl\u0131q formatlar\u0131ndak\u0131 yeri, rolu, \u00f6n\u0259mi artd\u0131qca \u0259m\u0259kda\u015fl\u0131\u011f\u0131m\u0131z d\u0259rinl\u0259\u015fir, eyni zamanda fakt qar\u015f\u0131s\u0131nda qalan beyn\u0259lxalq t\u0259\u015fkilatlar da reall\u0131\u011fa uy\u011fun davranmal\u0131 olurlar. T\u0259sad\u00fcfi deyil ki, bu g\u00fcnl\u0259rd\u0259 BMT Ba\u015f Assambleyas\u0131nda SPECA-n\u0131n 25 illiyi il\u0259 \u0259laq\u0259dar m\u0259mnunluq do\u011furan q\u0259tnam\u0259ni q\u0259bul edib. Eyni zamanda BMT-nin himay\u0259si alt\u0131nda SPECA Etimad Fondu t\u0259sis edilib. Az\u0259rbaycan\u0131n Etimad Fonduna 3,5 milyon AB\u015e dollar\u0131 ay\u0131raca\u011f\u0131n\u0131 elan etm\u0259si d\u0259 \u00f6lk\u0259mizin beyn\u0259lxalq t\u0259\u015f\u0259bb\u00fcsl\u0259rd\u0259 i\u015ftirak\u0131n\u0131n n\u00f6vb\u0259ti \u0259yani s\u00fcbutudur. He\u00e7 \u015f\u00fcbh\u0259siz ki, SPECA h\u0259ft\u0259sind\u0259 Bak\u0131da t\u0259\u015fkil olunan iqtisadi forum \u00f6lk\u0259l\u0259rimiz aras\u0131ndak\u0131 biznes \u0259laq\u0259l\u0259rinin inki\u015faf\u0131nda m\u00fch\u00fcm rol oynayacaq. Bak\u0131 Zirv\u0259si ikit\u0259r\u0259fli g\u00f6r\u00fc\u015fl\u0259r v\u0259 dan\u0131\u015f\u0131qlar \u00fc\u00e7\u00fcn d\u0259 platforma oldu.\u00a0<strong>Bu, \u0259m\u0259kda\u015fl\u0131\u011f\u0131n daha da ir\u0259li apar\u0131lmas\u0131, hans\u0131sa narahatedici m\u0259s\u0259l\u0259l\u0259r varsa \u2013 m\u0259s\u0259l\u0259n, G\u00fcrc\u00fcstanla ba\u011fl\u0131 \u2013 onlar\u0131n a\u015fkarlanmas\u0131, ortadan qald\u0131r\u0131lmas\u0131 bax\u0131m\u0131ndan da faydal\u0131 hesab edilm\u0259lidir.<\/strong><\/p>\n<div class=\"news-author text-left\"><a href=\"https:\/\/www.musavat.com\/author\/elsad-pasasoy_10\"><img class=\"img-responsive img-author\" src=\"https:\/\/cdn.musavat.com\/authors\/thumbnails\/efebc9e552e05242fb5c15b017367239.jpg\" \/>El\u015fad PA\u015eASOY<\/a><\/div>\n","protected":false},"excerpt":{"rendered":"<p>\u00d6t\u0259n h\u0259ft\u0259 Az\u0259rbaycan\u0131n ba\u015fk\u0259ndi daha bir zirv\u0259y\u0259 evsahibliyi etdi. BMT-nin M\u0259rk\u0259zi Asiya \u00d6lk\u0259l\u0259rinin \u0130qtisadiyyatlar\u0131 \u00fc\u00e7\u00fcn X\u00fcsusi Proqram\u0131n\u0131n \u2013 SPECA-n\u0131n i\u015ftirak\u00e7\u0131 \u00f6lk\u0259l\u0259rinin d\u00f6vl\u0259t v\u0259 h\u00f6kum\u0259t ba\u015f\u00e7\u0131lar\u0131n\u0131n Zirv\u0259 g\u00f6r\u00fc\u015f\u00fc m\u00fctt\u0259fiq \u00f6lk\u0259l\u0259ri bir araya g\u0259tirdi. 2023-c\u00fc il SPECA-n\u0131n 25-ci ild\u00f6n\u00fcm\u00fcd\u00fcr, amma \u00fczv d\u00f6vl\u0259tl\u0259rin Zirv\u0259 g\u00f6r\u00fc\u015f\u00fc ilk d\u0259f\u0259 ke\u00e7irildi, \u00f6z\u00fc d\u0259 Az\u0259rbaycan\u0131n SPECA-ya s\u0259drlik etdiyi zaman. Az\u0259rbaycan\u0131n b\u00f6lg\u0259d\u0259ki m\u00fch\u00fcm rolu, missiyas\u0131 v\u0259 \u201colmazsa, olmaz\u201d\u0131 bar\u0259d\u0259 ill\u0259rdir h\u0259tta regiondan \u00e7ox uzaq olan \u00f6lk\u0259l\u0259rin liderl\u0259ri t\u0259r\u0259find\u0259n etiraflar dil\u0259 g\u0259tirilir.\u00a0Bu m\u0259nada b\u00f6lg\u0259mizl\u0259, h\u0259m d\u0259 \u00f6lk\u0259mizl\u0259 birba\u015fa v\u0259 dolay\u0131s\u0131 il\u0259 ba\u011fl\u0131 olan d\u00f6vl\u0259tl\u0259rin Az\u0259rbaycana mara\u011f\u0131, h\u0259m\u00e7inin y\u00fcks\u0259k d\u0259y\u0259r&hellip;<\/p>\n","protected":false},"author":2,"featured_media":661478,"comment_status":"closed","ping_status":"closed","sticky":false,"template":"","format":"standard","meta":{"om_disable_all_campaigns":false,"_monsterinsights_skip_tracking":false,"_monsterinsights_sitenote_active":false,"_monsterinsights_sitenote_note":"","_monsterinsights_sitenote_category":0},"categories":[19],"tags":[],"aioseo_notices":[],"gutentor_comment":0,"rttpg_featured_image_url":{"full":["https:\/\/arantv.az\/wp-content\/uploads\/2023\/11\/3003fba2f61cf7c5948752aad9b73aaa.jpg",870,500,false],"landscape":["https:\/\/arantv.az\/wp-content\/uploads\/2023\/11\/3003fba2f61cf7c5948752aad9b73aaa.jpg",870,500,false],"portraits":["https:\/\/arantv.az\/wp-content\/uploads\/2023\/11\/3003fba2f61cf7c5948752aad9b73aaa.jpg",870,500,false],"thumbnail":["https:\/\/arantv.az\/wp-content\/uploads\/2023\/11\/3003fba2f61cf7c5948752aad9b73aaa-500x280.jpg",500,280,true],"medium":["https:\/\/arantv.az\/wp-content\/uploads\/2023\/11\/3003fba2f61cf7c5948752aad9b73aaa-635x365.jpg",635,365,true],"large":["https:\/\/arantv.az\/wp-content\/uploads\/2023\/11\/3003fba2f61cf7c5948752aad9b73aaa-840x483.jpg",640,368,true],"1536x1536":["https:\/\/arantv.az\/wp-content\/uploads\/2023\/11\/3003fba2f61cf7c5948752aad9b73aaa.jpg",870,500,false],"2048x2048":["https:\/\/arantv.az\/wp-content\/uploads\/2023\/11\/3003fba2f61cf7c5948752aad9b73aaa.jpg",870,500,false],"post-thumbnail":["https:\/\/arantv.az\/wp-content\/uploads\/2023\/11\/3003fba2f61cf7c5948752aad9b73aaa-240x172.jpg",240,172,true],"advps-thumb-one":["https:\/\/arantv.az\/wp-content\/uploads\/2023\/11\/3003fba2f61cf7c5948752aad9b73aaa.jpg",870,500,false]},"rttpg_author":{"display_name":"V\u00fcsal Rafiqo\u011flu","author_link":"https:\/\/arantv.az\/?author=2"},"rttpg_comment":0,"rttpg_category":"<a href=\"https:\/\/arantv.az\/?cat=19\" rel=\"category\">G\u00fcnd\u0259m<\/a>","rttpg_excerpt":"\u00d6t\u0259n h\u0259ft\u0259 Az\u0259rbaycan\u0131n ba\u015fk\u0259ndi daha bir zirv\u0259y\u0259 evsahibliyi etdi. BMT-nin M\u0259rk\u0259zi Asiya \u00d6lk\u0259l\u0259rinin \u0130qtisadiyyatlar\u0131 \u00fc\u00e7\u00fcn X\u00fcsusi Proqram\u0131n\u0131n \u2013 SPECA-n\u0131n i\u015ftirak\u00e7\u0131 \u00f6lk\u0259l\u0259rinin d\u00f6vl\u0259t v\u0259 h\u00f6kum\u0259t ba\u015f\u00e7\u0131lar\u0131n\u0131n Zirv\u0259 g\u00f6r\u00fc\u015f\u00fc m\u00fctt\u0259fiq \u00f6lk\u0259l\u0259ri bir araya g\u0259tirdi. 2023-c\u00fc il SPECA-n\u0131n 25-ci ild\u00f6n\u00fcm\u00fcd\u00fcr, amma \u00fczv d\u00f6vl\u0259tl\u0259rin Zirv\u0259 g\u00f6r\u00fc\u015f\u00fc ilk d\u0259f\u0259 ke\u00e7irildi, \u00f6z\u00fc d\u0259 Az\u0259rbaycan\u0131n SPECA-ya s\u0259drlik etdiyi zaman. Az\u0259rbaycan\u0131n b\u00f6lg\u0259d\u0259ki m\u00fch\u00fcm&hellip;","_links":{"self":[{"href":"https:\/\/arantv.az\/index.php?rest_route=\/wp\/v2\/posts\/661477"}],"collection":[{"href":"https:\/\/arantv.az\/index.php?rest_route=\/wp\/v2\/posts"}],"about":[{"href":"https:\/\/arantv.az\/index.php?rest_route=\/wp\/v2\/types\/post"}],"author":[{"embeddable":true,"href":"https:\/\/arantv.az\/index.php?rest_route=\/wp\/v2\/users\/2"}],"replies":[{"embeddable":true,"href":"https:\/\/arantv.az\/index.php?rest_route=%2Fwp%2Fv2%2Fcomments&post=661477"}],"version-history":[{"count":0,"href":"https:\/\/arantv.az\/index.php?rest_route=\/wp\/v2\/posts\/661477\/revisions"}],"wp:featuredmedia":[{"embeddable":true,"href":"https:\/\/arantv.az\/index.php?rest_route=\/wp\/v2\/media\/661478"}],"wp:attachment":[{"href":"https:\/\/arantv.az\/index.php?rest_route=%2Fwp%2Fv2%2Fmedia&parent=661477"}],"wp:term":[{"taxonomy":"category","embeddable":true,"href":"https:\/\/arantv.az\/index.php?rest_route=%2Fwp%2Fv2%2Fcategories&post=661477"},{"taxonomy":"post_tag","embeddable":true,"href":"https:\/\/arantv.az\/index.php?rest_route=%2Fwp%2Fv2%2Ftags&post=661477"}],"curies":[{"name":"wp","href":"https:\/\/api.w.org\/{rel}","templated":true}]}}