{"id":661495,"date":"2023-11-26T18:15:15","date_gmt":"2023-11-26T14:15:15","guid":{"rendered":"https:\/\/arantv.az\/?p=661495"},"modified":"2023-11-26T18:15:15","modified_gmt":"2023-11-26T14:15:15","slug":"turkiy%c9%99-mudafi%c9%99-naziri-az%c9%99rbaycana-s%c9%99f%c9%99r%c9%99-g%c9%99lib-video","status":"publish","type":"post","link":"https:\/\/arantv.az\/?p=661495","title":{"rendered":"T\u00fcrkiy\u0259 m\u00fcdafi\u0259 naziri Az\u0259rbaycana s\u0259f\u0259r\u0259 g\u0259lib &#8211; V\u0130DEO"},"content":{"rendered":"<p>T\u00fcrkiy\u0259nin milli m\u00fcdafi\u0259 naziri Ya\u015far G\u00fcl\u0259r Az\u0259rbaycana s\u0259f\u0259r\u0259 g\u0259lib.<\/p>\n<p>Bu bar\u0259d\u0259 T\u00fcrkiy\u0259 Milli M\u00fcdafi\u0259 Nazirliyi \u201cX\u201d s\u0259hif\u0259sind\u0259 m\u0259lumat yay\u0131b.<\/p>\n<p>T\u00fcrkiy\u0259 m\u00fcdafi\u0259 nazirini Heyd\u0259r \u018fliyev Beyn\u0259lxalq Aeroportunda az\u0259rbaycanl\u0131 h\u0259mkar\u0131 Zakir H\u0259s\u0259nov qar\u015f\u0131lay\u0131b.<\/p>\n<p>Ya\u015far G\u00fcl\u0259r Bak\u0131da Az\u0259rbaycan, T\u00fcrkiy\u0259 v\u0259 G\u00fcrc\u00fcstan m\u00fcdafi\u0259 nazirl\u0259rinin toplant\u0131s\u0131nda i\u015ftirak ed\u0259c\u0259k.<\/p>\n<div>\n<div class=\"twitter-tweet twitter-tweet-rendered\"><iframe id=\"twitter-widget-0\" class=\"\" title=\"Twitter Tweet\" src=\"https:\/\/platform.twitter.com\/embed\/Tweet.html?creatorScreenName=oxuaz&amp;dnt=false&amp;embedId=twitter-widget-0&amp;features=eyJ0ZndfdGltZWxpbmVfbGlzdCI6eyJidWNrZXQiOltdLCJ2ZXJzaW9uIjpudWxsfSwidGZ3X2ZvbGxvd2VyX2NvdW50X3N1bnNldCI6eyJidWNrZXQiOnRydWUsInZlcnNpb24iOm51bGx9LCJ0ZndfdHdlZXRfZWRpdF9iYWNrZW5kIjp7ImJ1Y2tldCI6Im9uIiwidmVyc2lvbiI6bnVsbH0sInRmd19yZWZzcmNfc2Vzc2lvbiI6eyJidWNrZXQiOiJvbiIsInZlcnNpb24iOm51bGx9LCJ0ZndfZm9zbnJfc29mdF9pbnRlcnZlbnRpb25zX2VuYWJsZWQiOnsiYnVja2V0Ijoib24iLCJ2ZXJzaW9uIjpudWxsfSwidGZ3X21peGVkX21lZGlhXzE1ODk3Ijp7ImJ1Y2tldCI6InRyZWF0bWVudCIsInZlcnNpb24iOm51bGx9LCJ0ZndfZXhwZXJpbWVudHNfY29va2llX2V4cGlyYXRpb24iOnsiYnVja2V0IjoxMjA5NjAwLCJ2ZXJzaW9uIjpudWxsfSwidGZ3X3Nob3dfYmlyZHdhdGNoX3Bpdm90c19lbmFibGVkIjp7ImJ1Y2tldCI6Im9uIiwidmVyc2lvbiI6bnVsbH0sInRmd19kdXBsaWNhdGVfc2NyaWJlc190b19zZXR0aW5ncyI6eyJidWNrZXQiOiJvbiIsInZlcnNpb24iOm51bGx9LCJ0ZndfdXNlX3Byb2ZpbGVfaW1hZ2Vfc2hhcGVfZW5hYmxlZCI6eyJidWNrZXQiOiJvbiIsInZlcnNpb24iOm51bGx9LCJ0ZndfdmlkZW9faGxzX2R5bmFtaWNfbWFuaWZlc3RzXzE1MDgyIjp7ImJ1Y2tldCI6InRydWVfYml0cmF0ZSIsInZlcnNpb24iOm51bGx9LCJ0ZndfbGVnYWN5X3RpbWVsaW5lX3N1bnNldCI6eyJidWNrZXQiOnRydWUsInZlcnNpb24iOm51bGx9LCJ0ZndfdHdlZXRfZWRpdF9mcm9udGVuZCI6eyJidWNrZXQiOiJvbiIsInZlcnNpb24iOm51bGx9fQ%3D%3D&amp;frame=false&amp;hideCard=false&amp;hideThread=false&amp;id=1728769036182303127&amp;lang=en&amp;origin=https%3A%2F%2Foxu.az%2Fpolitics%2F808214&amp;sessionId=79b203752d156cdbd1e74e021347ccbe70082a8b&amp;siteScreenName=oxuaz&amp;theme=light&amp;widgetsVersion=01917f4d1d4cb%3A1696883169554&amp;width=550px\" frameborder=\"0\" scrolling=\"no\" allowfullscreen=\"allowfullscreen\" data-tweet-id=\"1728769036182303127\" data-mce-fragment=\"1\"><\/iframe><\/div>\n<\/div>\n<p>&nbsp;<\/p>\n","protected":false},"excerpt":{"rendered":"<p>T\u00fcrkiy\u0259nin milli m\u00fcdafi\u0259 naziri Ya\u015far G\u00fcl\u0259r Az\u0259rbaycana s\u0259f\u0259r\u0259 g\u0259lib. Bu bar\u0259d\u0259 T\u00fcrkiy\u0259 Milli M\u00fcdafi\u0259 Nazirliyi \u201cX\u201d s\u0259hif\u0259sind\u0259 m\u0259lumat yay\u0131b. T\u00fcrkiy\u0259 m\u00fcdafi\u0259 nazirini Heyd\u0259r \u018fliyev Beyn\u0259lxalq Aeroportunda az\u0259rbaycanl\u0131 h\u0259mkar\u0131 Zakir H\u0259s\u0259nov qar\u015f\u0131lay\u0131b. Ya\u015far G\u00fcl\u0259r Bak\u0131da Az\u0259rbaycan, T\u00fcrkiy\u0259 v\u0259 G\u00fcrc\u00fcstan m\u00fcdafi\u0259 nazirl\u0259rinin toplant\u0131s\u0131nda i\u015ftirak ed\u0259c\u0259k. &nbsp;<\/p>\n","protected":false},"author":2,"featured_media":661496,"comment_status":"closed","ping_status":"closed","sticky":false,"template":"","format":"standard","meta":{"om_disable_all_campaigns":false,"_monsterinsights_skip_tracking":false,"_monsterinsights_sitenote_active":false,"_monsterinsights_sitenote_note":"","_monsterinsights_sitenote_category":0},"categories":[4],"tags":[],"aioseo_notices":[],"gutentor_comment":0,"rttpg_featured_image_url":{"full":["https:\/\/arantv.az\/wp-content\/uploads\/2023\/11\/bakan-guler-karabagin-tamaminda-sanli-azerbaycan-bayraginin-dalgalanmasindan-buyuk-bir-memnuniyet-duyuruyoruz-cvr4-1.jpg",620,413,false],"landscape":["https:\/\/arantv.az\/wp-content\/uploads\/2023\/11\/bakan-guler-karabagin-tamaminda-sanli-azerbaycan-bayraginin-dalgalanmasindan-buyuk-bir-memnuniyet-duyuruyoruz-cvr4-1.jpg",620,413,false],"portraits":["https:\/\/arantv.az\/wp-content\/uploads\/2023\/11\/bakan-guler-karabagin-tamaminda-sanli-azerbaycan-bayraginin-dalgalanmasindan-buyuk-bir-memnuniyet-duyuruyoruz-cvr4-1.jpg",620,413,false],"thumbnail":["https:\/\/arantv.az\/wp-content\/uploads\/2023\/11\/bakan-guler-karabagin-tamaminda-sanli-azerbaycan-bayraginin-dalgalanmasindan-buyuk-bir-memnuniyet-duyuruyoruz-cvr4-1-500x280.jpg",500,280,true],"medium":["https:\/\/arantv.az\/wp-content\/uploads\/2023\/11\/bakan-guler-karabagin-tamaminda-sanli-azerbaycan-bayraginin-dalgalanmasindan-buyuk-bir-memnuniyet-duyuruyoruz-cvr4-1-548x365.jpg",548,365,true],"large":["https:\/\/arantv.az\/wp-content\/uploads\/2023\/11\/bakan-guler-karabagin-tamaminda-sanli-azerbaycan-bayraginin-dalgalanmasindan-buyuk-bir-memnuniyet-duyuruyoruz-cvr4-1.jpg",620,413,false],"1536x1536":["https:\/\/arantv.az\/wp-content\/uploads\/2023\/11\/bakan-guler-karabagin-tamaminda-sanli-azerbaycan-bayraginin-dalgalanmasindan-buyuk-bir-memnuniyet-duyuruyoruz-cvr4-1.jpg",620,413,false],"2048x2048":["https:\/\/arantv.az\/wp-content\/uploads\/2023\/11\/bakan-guler-karabagin-tamaminda-sanli-azerbaycan-bayraginin-dalgalanmasindan-buyuk-bir-memnuniyet-duyuruyoruz-cvr4-1.jpg",620,413,false],"post-thumbnail":["https:\/\/arantv.az\/wp-content\/uploads\/2023\/11\/bakan-guler-karabagin-tamaminda-sanli-azerbaycan-bayraginin-dalgalanmasindan-buyuk-bir-memnuniyet-duyuruyoruz-cvr4-1-240x172.jpg",240,172,true],"advps-thumb-one":["https:\/\/arantv.az\/wp-content\/uploads\/2023\/11\/bakan-guler-karabagin-tamaminda-sanli-azerbaycan-bayraginin-dalgalanmasindan-buyuk-bir-memnuniyet-duyuruyoruz-cvr4-1.jpg",620,413,false]},"rttpg_author":{"display_name":"V\u00fcsal Rafiqo\u011flu","author_link":"https:\/\/arantv.az\/?author=2"},"rttpg_comment":0,"rttpg_category":"<a href=\"https:\/\/arantv.az\/?cat=4\" rel=\"category\">Siyas\u0259t<\/a>","rttpg_excerpt":"T\u00fcrkiy\u0259nin milli m\u00fcdafi\u0259 naziri Ya\u015far G\u00fcl\u0259r Az\u0259rbaycana s\u0259f\u0259r\u0259 g\u0259lib. Bu bar\u0259d\u0259 T\u00fcrkiy\u0259 Milli M\u00fcdafi\u0259 Nazirliyi \u201cX\u201d s\u0259hif\u0259sind\u0259 m\u0259lumat yay\u0131b. T\u00fcrkiy\u0259 m\u00fcdafi\u0259 nazirini Heyd\u0259r \u018fliyev Beyn\u0259lxalq Aeroportunda az\u0259rbaycanl\u0131 h\u0259mkar\u0131 Zakir H\u0259s\u0259nov qar\u015f\u0131lay\u0131b. Ya\u015far G\u00fcl\u0259r Bak\u0131da Az\u0259rbaycan, T\u00fcrkiy\u0259 v\u0259 G\u00fcrc\u00fcstan m\u00fcdafi\u0259 nazirl\u0259rinin toplant\u0131s\u0131nda i\u015ftirak ed\u0259c\u0259k. &nbsp;","_links":{"self":[{"href":"https:\/\/arantv.az\/index.php?rest_route=\/wp\/v2\/posts\/661495"}],"collection":[{"href":"https:\/\/arantv.az\/index.php?rest_route=\/wp\/v2\/posts"}],"about":[{"href":"https:\/\/arantv.az\/index.php?rest_route=\/wp\/v2\/types\/post"}],"author":[{"embeddable":true,"href":"https:\/\/arantv.az\/index.php?rest_route=\/wp\/v2\/users\/2"}],"replies":[{"embeddable":true,"href":"https:\/\/arantv.az\/index.php?rest_route=%2Fwp%2Fv2%2Fcomments&post=661495"}],"version-history":[{"count":0,"href":"https:\/\/arantv.az\/index.php?rest_route=\/wp\/v2\/posts\/661495\/revisions"}],"wp:featuredmedia":[{"embeddable":true,"href":"https:\/\/arantv.az\/index.php?rest_route=\/wp\/v2\/media\/661496"}],"wp:attachment":[{"href":"https:\/\/arantv.az\/index.php?rest_route=%2Fwp%2Fv2%2Fmedia&parent=661495"}],"wp:term":[{"taxonomy":"category","embeddable":true,"href":"https:\/\/arantv.az\/index.php?rest_route=%2Fwp%2Fv2%2Fcategories&post=661495"},{"taxonomy":"post_tag","embeddable":true,"href":"https:\/\/arantv.az\/index.php?rest_route=%2Fwp%2Fv2%2Ftags&post=661495"}],"curies":[{"name":"wp","href":"https:\/\/api.w.org\/{rel}","templated":true}]}}