{"id":661502,"date":"2023-11-26T18:16:39","date_gmt":"2023-11-26T14:16:39","guid":{"rendered":"https:\/\/arantv.az\/?p=661502"},"modified":"2023-11-26T18:16:39","modified_gmt":"2023-11-26T14:16:39","slug":"moskvada-az%c9%99rbaycan-pavilyonunda-40-dan-cox-t%c9%99dbir-kecirilib-foto","status":"publish","type":"post","link":"https:\/\/arantv.az\/?p=661502","title":{"rendered":"Moskvada Az\u0259rbaycan pavilyonunda 40-dan \u00e7ox t\u0259dbir ke\u00e7irilib &#8211; FOTO"},"content":{"rendered":"<p>Son d\u00f6rd il \u0259rzind\u0259 Rusiyan\u0131n Moskva \u015f\u0259h\u0259rind\u0259 Xalq T\u0259s\u0259rr\u00fcfat\u0131 Nailiyy\u0259tl\u0259ri S\u0259rgisind\u0259ki Az\u0259rbaycan\u00a0pavilyonunda 40-dan \u00e7ox t\u0259dbir ke\u00e7irilib, h\u0259r il pavilyonu 1 milyondan \u00e7ox insan ziyar\u0259t edir.<\/p>\n<p>Bu bar\u0259d\u0259 Moskva merinin r\u0259smi sayt\u0131nda m\u0259lumat verilib.<\/p>\n<p>Qeyd olunub ki, Az\u0259rbaycan pavilyonu 23 noyabr 2019-cu il tarixind\u0259 b\u0259rpadan sonra a\u00e7\u0131l\u0131b. H\u0259r il pavilyonu 1 milyondan \u00e7ox insan ziyar\u0259t edir. D\u00f6rd il \u0259rzind\u0259 o, r\u0259sm s\u0259rgil\u0259ri, dequstasiya il\u0259 milli bayramlar, musiqi v\u0259 r\u0259qs tama\u015falar\u0131 da daxil olmaqla 40-dan \u00e7ox t\u0259dbir\u0259 ev sahibliyi edib.<\/p>\n<p>Xat\u0131rladaq ki, Moskvan\u0131n Xalq T\u0259s\u0259rr\u00fcfat\u0131 Nailiyy\u0259tl\u0259ri S\u0259rgisind\u0259ki Az\u0259rbaycan pavilyonu 1939-cu ild\u0259 m\u0259\u015fhur Az\u0259rbaycan memarlar\u0131 Sad\u0131q Dada\u015fov v\u0259 Mikay\u0131l Useynovun layih\u0259si \u00fczr\u0259 yarad\u0131l\u0131b. Sonrak\u0131 ill\u0259rd\u0259 Xalq T\u0259s\u0259rr\u00fcfat\u0131 Nailiyy\u0259tl\u0259ri S\u0259rgisinin \u0259razisind\u0259ki bir \u00e7ox ba\u015fqa pavilyonlar kimi bu pavilyon da \u00e7oxsayl\u0131 d\u0259yi\u015fiklikl\u0259r\u0259 m\u0259ruz qal\u0131b, yenid\u0259n qurulub.<\/p>\n<p>Milli pavilyonumuzda b\u0259rpa i\u015fl\u0259ri onun binas\u0131n\u0131n tarixi g\u00f6r\u00fcn\u00fc\u015f\u00fc, memarl\u0131q-etnik \u00f6z\u00fcn\u0259m\u0259xsuslu\u011fu saxlan\u0131lmaqla h\u0259yata ke\u00e7irilib. Haz\u0131rda nadir memarl\u0131q simas\u0131 b\u0259rpa olunan milli pavilyon, h\u0259m\u00e7inin yeni m\u0259zmunla izl\u0259yicil\u0259rini qar\u015f\u0131lay\u0131r.<\/p>\n<p>Burada yeddi zalda xalq\u0131m\u0131z\u0131n q\u0259dim tarixini, m\u0259d\u0259niyy\u0259tini, \u0259n\u0259n\u0259l\u0259rini \u0259ks etdir\u0259n eksponatlarla yana\u015f\u0131, m\u00fcst\u0259qil Az\u0259rbaycan\u0131n tarixi, \u00f6lk\u0259mizin iqtisadi-siyasi, humanitar sah\u0259l\u0259rd\u0259ki nailiyy\u0259tl\u0259ri, turizm potensial\u0131 bar\u0259d\u0259 m\u0259lumatlar \u0259ld\u0259 etm\u0259k m\u00fcmk\u00fcnd\u00fcr.<\/p>\n<p>B\u0259rpa zaman\u0131 ornamentl\u0259rl\u0259 ba\u011fl\u0131 i\u015f onlar\u0131n \u0259vv\u0259lki qatlar\u0131n\u0131n t\u0259mizl\u0259nm\u0259si il\u0259 ba\u015flad\u0131 v\u0259 ilkin hesab edil\u0259n r\u0259ng \u00e7oxsayl\u0131 qatlar\u0131n alt\u0131ndan \u00fcz\u0259 \u00e7\u0131xar\u0131l\u0131b. Bir illik g\u0259rgin i\u015f n\u0259tic\u0259sind\u0259 m\u0259rm\u0259r d\u00f6\u015f\u0259m\u0259l\u0259r, s\u00fctunlar, divar v\u0259 tavandak\u0131 nax\u0131\u015flar, kitabxana v\u0259 oranjereya tamamil\u0259 b\u0259rpa olunub. Metal konstruksiyalar\u0131n b\u0259rpas\u0131 zaman\u0131 torpa\u011fa basd\u0131r\u0131lm\u0131\u015f f\u0259vvar\u0259 a\u015fkar edilib. Onu \u00e7\u0131xar\u0131b b\u0259rpa edibl\u0259r v\u0259 haz\u0131rda h\u0259min f\u0259vvar\u0259 Az\u0259rbaycan pavilyonunda qoyulub.<\/p>\n<p>Daimi ekspozisiya zal\u0131nda milli musiqi, xal\u00e7a\u00e7\u0131l\u0131q, s\u0259n\u0259tkarl\u0131q n\u00fcmun\u0259l\u0259ri s\u0259rgil\u0259nir. H\u0259m\u00e7inin pavilyonda Az\u0259rbaycan\u0131n m\u0259\u015fhur r\u0259ssamlar\u0131n\u0131n \u0259s\u0259rl\u0259ri t\u0259qdim edilir. Pavilyonun ekspozisiya zal\u0131nda, eyni zamanda, Az\u0259rbaycan xalq\u0131n\u0131n \u00fcmummilli lideri Heyd\u0259r \u018fliyev, Az\u0259rbaycan-Rusiya \u0259laq\u0259l\u0259rinin geni\u015fl\u0259nm\u0259sind\u0259 vacib rol oynam\u0131\u015f \u00f6lk\u0259 ziyal\u0131lar\u0131 bar\u0259d\u0259 m\u0259lumatlar t\u0259qdim olunur.<\/p>\n<p>Burada ayr\u0131-ayr\u0131 zallarda m\u00fcxt\u0259lif m\u00f6vzularda m\u00fchazir\u0259 v\u0259 konfranslar ke\u00e7irilir, musiqi proqramlar\u0131, el\u0259c\u0259 d\u0259 turizm zonas\u0131nda Az\u0259rbaycan\u0131n turizm imkanlar\u0131 bar\u0259d\u0259 m\u0259lumatlar\u0131n t\u0259qdimat\u0131 olur.<\/p>\n<p>&nbsp;<\/p>\n<div class=\"gallery\">\n<div class=\"gallery-i\"><img src=\"https:\/\/cdn.oxu.az\/uploads\/W1siZiIsIjIwMjMvMTEvMjYvMTUvMDQvMjAvMjllYTNmNzYtOWMzZi00MGY3LTk3NTQtYjljMTI5NTA5ZDYzLzBhOTFjY2IzLTU2NTUtMzVmMC1iNTM1LWRiZjFmYmJkZWI0Ny5qcGciXSxbInAiLCJlbmNvZGUiLCJqcGciLCItcXVhbGl0eSA4MCJdLFsicCIsInRodW1iIiwiNTkweDU5MFx1MDAzZSJdXQ?sha=c3f7a78abb159770\" alt=\"\" \/><\/p>\n<div class=\"gallery-i-caption\"><\/div>\n<\/div>\n<div class=\"gallery-i\"><img src=\"https:\/\/cdn.oxu.az\/uploads\/W1siZiIsIjIwMjMvMTEvMjYvMTUvMDQvMjAvN2YyZmFlOTMtMDAyMi00OGE3LTkyZDgtZDgzZWNiM2FlM2YxLzNkMWNjMDU0LTFiM2UtM2M5YS1hZjZlLTQ0NjhhYmU1ZDFmZi5qcGciXSxbInAiLCJlbmNvZGUiLCJqcGciLCItcXVhbGl0eSA4MCJdLFsicCIsInRodW1iIiwiNTkweDU5MFx1MDAzZSJdXQ?sha=f9698ce4ffff9211\" alt=\"\" \/><\/p>\n<div class=\"gallery-i-caption\"><\/div>\n<\/div>\n<div class=\"gallery-i\"><img src=\"https:\/\/cdn.oxu.az\/uploads\/W1siZiIsIjIwMjMvMTEvMjYvMTUvMDQvMjAvZDRmNGNiOWYtODc2Mi00Zjc4LWIyNGQtMWRiMTVmNzIwYmU5LzVmODIwZWZiLTJiNTMtMzdlYi1iMmMwLTU2ODgxYmYzNGU3MC5qcGciXSxbInAiLCJlbmNvZGUiLCJqcGciLCItcXVhbGl0eSA4MCJdLFsicCIsInRodW1iIiwiNTkweDU5MFx1MDAzZSJdXQ?sha=2b7aac5375ee4efa\" alt=\"\" \/><\/p>\n<div class=\"gallery-i-caption\"><\/div>\n<\/div>\n<div class=\"gallery-i\"><img src=\"https:\/\/cdn.oxu.az\/uploads\/W1siZiIsIjIwMjMvMTEvMjYvMTUvMDQvMjAvZjlkZDFiOGEtODk4MS00OTRjLWE4NDEtMjU0Y2Q1ZDVkZWYwLzZkNzViZWQwLWUyMjYtMzY5NC1hYTRjLTI5YTYwMjJmZmMzNy5qcGciXSxbInAiLCJlbmNvZGUiLCJqcGciLCItcXVhbGl0eSA4MCJdLFsicCIsInRodW1iIiwiNTkweDU5MFx1MDAzZSJdXQ?sha=2b2e19e9421004e8\" alt=\"\" \/><\/p>\n<div class=\"gallery-i-caption\"><\/div>\n<\/div>\n<div class=\"gallery-i\"><img src=\"https:\/\/cdn.oxu.az\/uploads\/W1siZiIsIjIwMjMvMTEvMjYvMTUvMDQvMjAvODQwYjZjYTAtMTU1My00YzA3LWEwZTAtODFiMTc3ZTI5NWU5LzY0NWZmYTgwLTk3YzgtMzIwYi1iNjI5LWM3ZjIxOTRkMGY2ZS5qcGciXSxbInAiLCJlbmNvZGUiLCJqcGciLCItcXVhbGl0eSA4MCJdLFsicCIsInRodW1iIiwiNTkweDU5MFx1MDAzZSJdXQ?sha=f5030bcf9463cf68\" alt=\"\" \/><\/p>\n<div class=\"gallery-i-caption\"><\/div>\n<\/div>\n<div class=\"gallery-i\"><img src=\"https:\/\/cdn.oxu.az\/uploads\/W1siZiIsIjIwMjMvMTEvMjYvMTUvMDQvMjEvM2I1NzQzNDQtYzRlNC00MDg2LThmYTItNzNhMmUzOGI1OTNkLzYyOTZkY2Y0LTBiZGEtMzQwZi04MDk5LTdkYzlmOWRhYjgyNy5qcGciXSxbInAiLCJlbmNvZGUiLCJqcGciLCItcXVhbGl0eSA4MCJdLFsicCIsInRodW1iIiwiNTkweDU5MFx1MDAzZSJdXQ?sha=ed3c41eae0dd2dbf\" alt=\"\" \/><\/p>\n<div class=\"gallery-i-caption\"><\/div>\n<\/div>\n<div class=\"gallery-i\"><img src=\"https:\/\/cdn.oxu.az\/uploads\/W1siZiIsIjIwMjMvMTEvMjYvMTUvMDQvMjEvMDhkM2E3NGQtZDE2NC00ZjM0LWI2OTctODliNTI0NGRmYjk5LzY2MjRiNmFlLTdlNGItM2E3OC1iZjQ3LTIwZGI0ZThmZjYzYS5qcGciXSxbInAiLCJlbmNvZGUiLCJqcGciLCItcXVhbGl0eSA4MCJdLFsicCIsInRodW1iIiwiNTkweDU5MFx1MDAzZSJdXQ?sha=7dd10e38b1947f05\" alt=\"\" \/><\/p>\n<div class=\"gallery-i-caption\"><\/div>\n<\/div>\n<div class=\"gallery-i\"><img src=\"https:\/\/cdn.oxu.az\/uploads\/W1siZiIsIjIwMjMvMTEvMjYvMTUvMDQvMjEvMjRiM2RmOTMtOGM2NS00NjNhLTgyMDYtOWZjM2Q3ZGEyYTk3L2QyMmZlODRjLWI3NTAtMzU5Zi1iMDljLTNkNTE4M2JiNTRlOS5qcGciXSxbInAiLCJlbmNvZGUiLCJqcGciLCItcXVhbGl0eSA4MCJdLFsicCIsInRodW1iIiwiNTkweDU5MFx1MDAzZSJdXQ?sha=44f1ba33e153f962\" alt=\"\" \/><\/p>\n<div class=\"gallery-i-caption\"><\/div>\n<\/div>\n<div class=\"gallery-i\"><img src=\"https:\/\/cdn.oxu.az\/uploads\/W1siZiIsIjIwMjMvMTEvMjYvMTUvMDQvMjEvZDM1YWVhYzEtNzE2NS00ZDVmLWEzNTktYjcxZjY1OWQxYzU1L2Q3NTkxMWQxLWE5NTgtMzdmMS05MmZmLTlhNGJiODFmM2MyZC5qcGciXSxbInAiLCJlbmNvZGUiLCJqcGciLCItcXVhbGl0eSA4MCJdLFsicCIsInRodW1iIiwiNTkweDU5MFx1MDAzZSJdXQ?sha=0146960cdfb8304d\" alt=\"\" \/><\/div>\n<\/div>\n","protected":false},"excerpt":{"rendered":"<p>Son d\u00f6rd il \u0259rzind\u0259 Rusiyan\u0131n Moskva \u015f\u0259h\u0259rind\u0259 Xalq T\u0259s\u0259rr\u00fcfat\u0131 Nailiyy\u0259tl\u0259ri S\u0259rgisind\u0259ki Az\u0259rbaycan\u00a0pavilyonunda 40-dan \u00e7ox t\u0259dbir ke\u00e7irilib, h\u0259r il pavilyonu 1 milyondan \u00e7ox insan ziyar\u0259t edir. Bu bar\u0259d\u0259 Moskva merinin r\u0259smi sayt\u0131nda m\u0259lumat verilib. Qeyd olunub ki, Az\u0259rbaycan pavilyonu 23 noyabr 2019-cu il tarixind\u0259 b\u0259rpadan sonra a\u00e7\u0131l\u0131b. H\u0259r il pavilyonu 1 milyondan \u00e7ox insan ziyar\u0259t edir. D\u00f6rd il \u0259rzind\u0259 o, r\u0259sm s\u0259rgil\u0259ri, dequstasiya il\u0259 milli bayramlar, musiqi v\u0259 r\u0259qs tama\u015falar\u0131 da daxil olmaqla 40-dan \u00e7ox t\u0259dbir\u0259 ev sahibliyi edib. Xat\u0131rladaq ki, Moskvan\u0131n Xalq T\u0259s\u0259rr\u00fcfat\u0131 Nailiyy\u0259tl\u0259ri S\u0259rgisind\u0259ki Az\u0259rbaycan pavilyonu 1939-cu ild\u0259 m\u0259\u015fhur&hellip;<\/p>\n","protected":false},"author":2,"featured_media":661503,"comment_status":"closed","ping_status":"closed","sticky":false,"template":"","format":"standard","meta":{"om_disable_all_campaigns":false,"_monsterinsights_skip_tracking":false,"_monsterinsights_sitenote_active":false,"_monsterinsights_sitenote_note":"","_monsterinsights_sitenote_category":0},"categories":[1],"tags":[],"aioseo_notices":[],"gutentor_comment":0,"rttpg_featured_image_url":{"full":["https:\/\/arantv.az\/wp-content\/uploads\/2023\/11\/0-1.jpg",620,413,false],"landscape":["https:\/\/arantv.az\/wp-content\/uploads\/2023\/11\/0-1.jpg",620,413,false],"portraits":["https:\/\/arantv.az\/wp-content\/uploads\/2023\/11\/0-1.jpg",620,413,false],"thumbnail":["https:\/\/arantv.az\/wp-content\/uploads\/2023\/11\/0-1-500x280.jpg",500,280,true],"medium":["https:\/\/arantv.az\/wp-content\/uploads\/2023\/11\/0-1-548x365.jpg",548,365,true],"large":["https:\/\/arantv.az\/wp-content\/uploads\/2023\/11\/0-1.jpg",620,413,false],"1536x1536":["https:\/\/arantv.az\/wp-content\/uploads\/2023\/11\/0-1.jpg",620,413,false],"2048x2048":["https:\/\/arantv.az\/wp-content\/uploads\/2023\/11\/0-1.jpg",620,413,false],"post-thumbnail":["https:\/\/arantv.az\/wp-content\/uploads\/2023\/11\/0-1-240x172.jpg",240,172,true],"advps-thumb-one":["https:\/\/arantv.az\/wp-content\/uploads\/2023\/11\/0-1.jpg",620,413,false]},"rttpg_author":{"display_name":"V\u00fcsal Rafiqo\u011flu","author_link":"https:\/\/arantv.az\/?author=2"},"rttpg_comment":0,"rttpg_category":"<a href=\"https:\/\/arantv.az\/?cat=1\" rel=\"category\">C\u0259miyy\u0259t<\/a>","rttpg_excerpt":"Son d\u00f6rd il \u0259rzind\u0259 Rusiyan\u0131n Moskva \u015f\u0259h\u0259rind\u0259 Xalq T\u0259s\u0259rr\u00fcfat\u0131 Nailiyy\u0259tl\u0259ri S\u0259rgisind\u0259ki Az\u0259rbaycan\u00a0pavilyonunda 40-dan \u00e7ox t\u0259dbir ke\u00e7irilib, h\u0259r il pavilyonu 1 milyondan \u00e7ox insan ziyar\u0259t edir. Bu bar\u0259d\u0259 Moskva merinin r\u0259smi sayt\u0131nda m\u0259lumat verilib. Qeyd olunub ki, Az\u0259rbaycan pavilyonu 23 noyabr 2019-cu il tarixind\u0259 b\u0259rpadan sonra a\u00e7\u0131l\u0131b. H\u0259r il pavilyonu 1 milyondan \u00e7ox insan ziyar\u0259t edir.&hellip;","_links":{"self":[{"href":"https:\/\/arantv.az\/index.php?rest_route=\/wp\/v2\/posts\/661502"}],"collection":[{"href":"https:\/\/arantv.az\/index.php?rest_route=\/wp\/v2\/posts"}],"about":[{"href":"https:\/\/arantv.az\/index.php?rest_route=\/wp\/v2\/types\/post"}],"author":[{"embeddable":true,"href":"https:\/\/arantv.az\/index.php?rest_route=\/wp\/v2\/users\/2"}],"replies":[{"embeddable":true,"href":"https:\/\/arantv.az\/index.php?rest_route=%2Fwp%2Fv2%2Fcomments&post=661502"}],"version-history":[{"count":0,"href":"https:\/\/arantv.az\/index.php?rest_route=\/wp\/v2\/posts\/661502\/revisions"}],"wp:featuredmedia":[{"embeddable":true,"href":"https:\/\/arantv.az\/index.php?rest_route=\/wp\/v2\/media\/661503"}],"wp:attachment":[{"href":"https:\/\/arantv.az\/index.php?rest_route=%2Fwp%2Fv2%2Fmedia&parent=661502"}],"wp:term":[{"taxonomy":"category","embeddable":true,"href":"https:\/\/arantv.az\/index.php?rest_route=%2Fwp%2Fv2%2Fcategories&post=661502"},{"taxonomy":"post_tag","embeddable":true,"href":"https:\/\/arantv.az\/index.php?rest_route=%2Fwp%2Fv2%2Ftags&post=661502"}],"curies":[{"name":"wp","href":"https:\/\/api.w.org\/{rel}","templated":true}]}}