{"id":66165,"date":"2019-06-13T11:20:06","date_gmt":"2019-06-13T08:20:06","guid":{"rendered":"http:\/\/arantv.az\/?p=66165"},"modified":"2019-06-13T11:20:06","modified_gmt":"2019-06-13T08:20:06","slug":"prezident-milli-m%c9%99clis%c9%99-muhum-qanun-layih%c9%99si-gond%c9%99rdi-bu-gun-muzakir%c9%99-olunacaq","status":"publish","type":"post","link":"https:\/\/arantv.az\/?p=66165","title":{"rendered":"Prezident Milli M\u0259clis\u0259 m\u00fch\u00fcm qanun layih\u0259si g\u00f6nd\u0259rdi &#8211; Bu g\u00fcn m\u00fczakir\u0259 olunacaq"},"content":{"rendered":"<p>M\u0259hk\u0259m\u0259 f\u0259aliyy\u0259ti, o c\u00fcml\u0259d\u0259n, kommersiya m\u0259hk\u0259m\u0259l\u0259rinin yarad\u0131lmas\u0131 il\u0259 ba\u011fl\u0131 m\u00fch\u00fcm qanun layih\u0259l\u0259ri paketi haz\u0131rlanaraq d\u00f6vl\u0259t ba\u015f\u00e7\u0131s\u0131n\u0131n qanunvericilik t\u0259\u015f\u0259bb\u00fcs\u00fc il\u0259 Milli M\u0259clis\u0259 t\u0259qdim edilib.<\/p>\n<p><strong>ARANTV.AZ\u00a0<\/strong>\u00a0x\u0259b\u0259r verir ki, bu s\u00f6zl\u0259ri Avropa \u0130ttifaq\u0131 V Az\u0259rbaycan Biznes Forumunda \u00e7\u0131x\u0131\u015f ed\u0259n \u018fdliyy\u0259 nazinin m\u00fcavini To\u011frul Musayev deyib.<\/p>\n<p>Onun s\u00f6zl\u0259rin\u0259 g\u00f6r\u0259, art\u0131q bu g\u00fcn h\u0259min qanun layih\u0259l\u0259rinin parlamentd\u0259 birinci oxunu\u015fda m\u00fczakir\u0259si n\u0259z\u0259rd\u0259 tutulub:<\/p>\n<div id=\"AdviadNativeVideo0\" class=\"AdviadNativeVideo\"><\/div>\n<p>\u201cH\u0259l\u0259 2006-c\u0131 ild\u0259 m\u0259hk\u0259m\u0259 hakiml\u0259rinin say\u0131 iki\u00a0d\u0259f\u0259 art\u0131r\u0131laraq, 600-\u0259 \u00e7atd\u0131r\u0131l\u0131b. Bununla bel\u0259, bu g\u00fcn \u00f6lk\u0259d\u0259 100 min n\u0259f\u0259r\u0259 d\u00fc\u015f\u0259n hakiml\u0259rin say\u0131 alt\u0131\u00a0olmaqla, Avropa \u00f6lk\u0259l\u0259ri \u00fczr\u0259 orta g\u00f6st\u0259ricid\u0259n \u00fc\u00e7\u00a0d\u0259f\u0259 azd\u0131r.<\/p>\n<p>M\u0259hz buna g\u00f6r\u0259 f\u0259rmanla hakiml\u0259rin say\u0131n\u0131n xeyli &#8211; 200 n\u0259f\u0259r art\u0131r\u0131lmas\u0131 m\u00fcst\u0259sna \u0259h\u0259miyy\u0259t\u0259 malikdir.\u00a0Bu add\u0131m\u00a0m\u0259hk\u0259m\u0259 hakimiyy\u0259tinin daha da optimal \u015f\u0259kild\u0259 qurulmas\u0131 \u00fc\u00e7\u00fcn \u00e7ox vacibdir\u201d.oxu.az<\/p>\n","protected":false},"excerpt":{"rendered":"<p>M\u0259hk\u0259m\u0259 f\u0259aliyy\u0259ti, o c\u00fcml\u0259d\u0259n, kommersiya m\u0259hk\u0259m\u0259l\u0259rinin yarad\u0131lmas\u0131 il\u0259 ba\u011fl\u0131 m\u00fch\u00fcm qanun layih\u0259l\u0259ri paketi haz\u0131rlanaraq d\u00f6vl\u0259t ba\u015f\u00e7\u0131s\u0131n\u0131n qanunvericilik t\u0259\u015f\u0259bb\u00fcs\u00fc il\u0259 Milli M\u0259clis\u0259 t\u0259qdim edilib. ARANTV.AZ\u00a0\u00a0x\u0259b\u0259r verir ki, bu s\u00f6zl\u0259ri Avropa \u0130ttifaq\u0131 V Az\u0259rbaycan Biznes Forumunda \u00e7\u0131x\u0131\u015f ed\u0259n \u018fdliyy\u0259 nazinin m\u00fcavini To\u011frul Musayev deyib. Onun s\u00f6zl\u0259rin\u0259 g\u00f6r\u0259, art\u0131q bu g\u00fcn h\u0259min qanun layih\u0259l\u0259rinin parlamentd\u0259 birinci oxunu\u015fda m\u00fczakir\u0259si n\u0259z\u0259rd\u0259 tutulub: \u201cH\u0259l\u0259 2006-c\u0131 ild\u0259 m\u0259hk\u0259m\u0259 hakiml\u0259rinin say\u0131 iki\u00a0d\u0259f\u0259 art\u0131r\u0131laraq, 600-\u0259 \u00e7atd\u0131r\u0131l\u0131b. Bununla bel\u0259, bu g\u00fcn \u00f6lk\u0259d\u0259 100 min n\u0259f\u0259r\u0259 d\u00fc\u015f\u0259n hakiml\u0259rin say\u0131 alt\u0131\u00a0olmaqla, Avropa \u00f6lk\u0259l\u0259ri \u00fczr\u0259 orta g\u00f6st\u0259ricid\u0259n \u00fc\u00e7\u00a0d\u0259f\u0259 azd\u0131r. M\u0259hz buna g\u00f6r\u0259 f\u0259rmanla&hellip;<\/p>\n","protected":false},"author":2,"featured_media":66166,"comment_status":"closed","ping_status":"closed","sticky":false,"template":"","format":"standard","meta":{"om_disable_all_campaigns":false,"_monsterinsights_skip_tracking":false,"_monsterinsights_sitenote_active":false,"_monsterinsights_sitenote_note":"","_monsterinsights_sitenote_category":0},"categories":[1],"tags":[],"aioseo_notices":[],"gutentor_comment":0,"rttpg_featured_image_url":{"full":["https:\/\/arantv.az\/wp-content\/uploads\/2019\/06\/deputa_9aee2b04c14836123951483956691148516031114859370221487049691.jpg",620,376,false],"landscape":["https:\/\/arantv.az\/wp-content\/uploads\/2019\/06\/deputa_9aee2b04c14836123951483956691148516031114859370221487049691.jpg",620,376,false],"portraits":["https:\/\/arantv.az\/wp-content\/uploads\/2019\/06\/deputa_9aee2b04c14836123951483956691148516031114859370221487049691.jpg",620,376,false],"thumbnail":["https:\/\/arantv.az\/wp-content\/uploads\/2019\/06\/deputa_9aee2b04c14836123951483956691148516031114859370221487049691-150x150.jpg",150,150,true],"medium":["https:\/\/arantv.az\/wp-content\/uploads\/2019\/06\/deputa_9aee2b04c14836123951483956691148516031114859370221487049691-300x182.jpg",300,182,true],"large":["https:\/\/arantv.az\/wp-content\/uploads\/2019\/06\/deputa_9aee2b04c14836123951483956691148516031114859370221487049691.jpg",620,376,false],"1536x1536":["https:\/\/arantv.az\/wp-content\/uploads\/2019\/06\/deputa_9aee2b04c14836123951483956691148516031114859370221487049691.jpg",620,376,false],"2048x2048":["https:\/\/arantv.az\/wp-content\/uploads\/2019\/06\/deputa_9aee2b04c14836123951483956691148516031114859370221487049691.jpg",620,376,false],"post-thumbnail":["https:\/\/arantv.az\/wp-content\/uploads\/2019\/06\/deputa_9aee2b04c14836123951483956691148516031114859370221487049691-240x172.jpg",240,172,true],"advps-thumb-one":["https:\/\/arantv.az\/wp-content\/uploads\/2019\/06\/deputa_9aee2b04c14836123951483956691148516031114859370221487049691.jpg",620,376,false]},"rttpg_author":{"display_name":"V\u00fcsal Rafiqo\u011flu","author_link":"https:\/\/arantv.az\/?author=2"},"rttpg_comment":0,"rttpg_category":"<a href=\"https:\/\/arantv.az\/?cat=1\" rel=\"category\">C\u0259miyy\u0259t<\/a>","rttpg_excerpt":"M\u0259hk\u0259m\u0259 f\u0259aliyy\u0259ti, o c\u00fcml\u0259d\u0259n, kommersiya m\u0259hk\u0259m\u0259l\u0259rinin yarad\u0131lmas\u0131 il\u0259 ba\u011fl\u0131 m\u00fch\u00fcm qanun layih\u0259l\u0259ri paketi haz\u0131rlanaraq d\u00f6vl\u0259t ba\u015f\u00e7\u0131s\u0131n\u0131n qanunvericilik t\u0259\u015f\u0259bb\u00fcs\u00fc il\u0259 Milli M\u0259clis\u0259 t\u0259qdim edilib. ARANTV.AZ\u00a0\u00a0x\u0259b\u0259r verir ki, bu s\u00f6zl\u0259ri Avropa \u0130ttifaq\u0131 V Az\u0259rbaycan Biznes Forumunda \u00e7\u0131x\u0131\u015f ed\u0259n \u018fdliyy\u0259 nazinin m\u00fcavini To\u011frul Musayev deyib. Onun s\u00f6zl\u0259rin\u0259 g\u00f6r\u0259, art\u0131q bu g\u00fcn h\u0259min qanun layih\u0259l\u0259rinin parlamentd\u0259 birinci oxunu\u015fda m\u00fczakir\u0259si&hellip;","_links":{"self":[{"href":"https:\/\/arantv.az\/index.php?rest_route=\/wp\/v2\/posts\/66165"}],"collection":[{"href":"https:\/\/arantv.az\/index.php?rest_route=\/wp\/v2\/posts"}],"about":[{"href":"https:\/\/arantv.az\/index.php?rest_route=\/wp\/v2\/types\/post"}],"author":[{"embeddable":true,"href":"https:\/\/arantv.az\/index.php?rest_route=\/wp\/v2\/users\/2"}],"replies":[{"embeddable":true,"href":"https:\/\/arantv.az\/index.php?rest_route=%2Fwp%2Fv2%2Fcomments&post=66165"}],"version-history":[{"count":0,"href":"https:\/\/arantv.az\/index.php?rest_route=\/wp\/v2\/posts\/66165\/revisions"}],"wp:featuredmedia":[{"embeddable":true,"href":"https:\/\/arantv.az\/index.php?rest_route=\/wp\/v2\/media\/66166"}],"wp:attachment":[{"href":"https:\/\/arantv.az\/index.php?rest_route=%2Fwp%2Fv2%2Fmedia&parent=66165"}],"wp:term":[{"taxonomy":"category","embeddable":true,"href":"https:\/\/arantv.az\/index.php?rest_route=%2Fwp%2Fv2%2Fcategories&post=66165"},{"taxonomy":"post_tag","embeddable":true,"href":"https:\/\/arantv.az\/index.php?rest_route=%2Fwp%2Fv2%2Ftags&post=66165"}],"curies":[{"name":"wp","href":"https:\/\/api.w.org\/{rel}","templated":true}]}}