{"id":66171,"date":"2019-06-13T11:23:33","date_gmt":"2019-06-13T08:23:33","guid":{"rendered":"http:\/\/arantv.az\/?p=66171"},"modified":"2019-06-13T11:23:33","modified_gmt":"2019-06-13T08:23:33","slug":"milli-m%c9%99clisd%c9%99-%c9%99lav%c9%99-s%c9%99lahiyy%c9%99t-muzakir%c9%99si","status":"publish","type":"post","link":"https:\/\/arantv.az\/?p=66171","title":{"rendered":"Milli M\u0259clisd\u0259 &#8220;\u0259lav\u0259 s\u0259lahiyy\u0259t&#8221; m\u00fczakir\u0259si"},"content":{"rendered":"<p>&#8220;2004-c\u00fc ild\u0259n indiy\u0259d\u0259k Az\u0259rbaycan \u0130nsan H\u00fcquqlar\u0131 M\u00fcv\u0259kkili Milli M\u0259clis\u0259 25 t\u0259klif verib. Bu, qanunlara \u0259lav\u0259l\u0259r, d\u0259yi\u015fiklikl\u0259rdir&#8221;.<\/p>\n<p><b>ARANTV.AZ\u00a0<\/b> x\u0259b\u0259r verir ki, bunu Milli M\u0259clisin n\u00f6vb\u0259d\u0259nk\u0259nar sessiyas\u0131n\u0131n ilk plenar iclas\u0131nda parlamentin H\u00fcquq siyas\u0259ti v\u0259 d\u00f6vl\u0259t quruculu\u011fu komit\u0259sinin s\u0259dri \u018fli H\u00fcseynli deyib.<\/p>\n<div id=\"AdviadNativeVideo0\" class=\"AdviadNativeVideo\"><\/div>\n<p>\u018f.H\u00fcseynli qeyd edib ki, bu d\u0259yi\u015fiklik t\u0259klifl\u0259ri q\u0259bul olunub.<\/p>\n<p>Deputat Tahir K\u0259rimli is\u0259 Ombudsmana \u0259lav\u0259 s\u0259lahiyy\u0259tl\u0259rin verilm\u0259sini t\u0259klif edib: &#8220;Qanunvericiliy\u0259 hans\u0131sa formada d\u0259yi\u015fiklik edilm\u0259lidir ki, Ombudsman\u0131n t\u0259klifl\u0259rin\u0259 m\u0259cburi \u015f\u0259kild\u0259 bax\u0131ls\u0131n. M\u00fcv\u0259kkil\u0259 bel\u0259 bir h\u00fcquq verilm\u0259lidir. Qanunvericilik t\u0259\u015f\u0259bb\u00fcs\u00fc olan orqan Ombudsman\u0131n t\u0259klifl\u0259rini m\u0259cburi \u015f\u0259kild\u0259 m\u00fczakir\u0259y\u0259 t\u0259qdim edilm\u0259lidir, bilinsin ki, r\u0259dd olunmayacaq&#8221;.<\/p>\n<p>Spiker Oqtay \u018fs\u0259dov \u018f. H\u00fcseynliy\u0259 deputat\u0131n t\u0259klifin\u0259 qanun layih\u0259sinin \u00fc\u00e7\u00fcnc\u00fc oxunu\u015funda bax\u0131lmas\u0131n\u0131 t\u00f6vsiy\u0259 edib.Sonxeber.az<\/p>\n","protected":false},"excerpt":{"rendered":"<p>&#8220;2004-c\u00fc ild\u0259n indiy\u0259d\u0259k Az\u0259rbaycan \u0130nsan H\u00fcquqlar\u0131 M\u00fcv\u0259kkili Milli M\u0259clis\u0259 25 t\u0259klif verib. Bu, qanunlara \u0259lav\u0259l\u0259r, d\u0259yi\u015fiklikl\u0259rdir&#8221;. ARANTV.AZ\u00a0 x\u0259b\u0259r verir ki, bunu Milli M\u0259clisin n\u00f6vb\u0259d\u0259nk\u0259nar sessiyas\u0131n\u0131n ilk plenar iclas\u0131nda parlamentin H\u00fcquq siyas\u0259ti v\u0259 d\u00f6vl\u0259t quruculu\u011fu komit\u0259sinin s\u0259dri \u018fli H\u00fcseynli deyib. \u018f.H\u00fcseynli qeyd edib ki, bu d\u0259yi\u015fiklik t\u0259klifl\u0259ri q\u0259bul olunub. Deputat Tahir K\u0259rimli is\u0259 Ombudsmana \u0259lav\u0259 s\u0259lahiyy\u0259tl\u0259rin verilm\u0259sini t\u0259klif edib: &#8220;Qanunvericiliy\u0259 hans\u0131sa formada d\u0259yi\u015fiklik edilm\u0259lidir ki, Ombudsman\u0131n t\u0259klifl\u0259rin\u0259 m\u0259cburi \u015f\u0259kild\u0259 bax\u0131ls\u0131n. M\u00fcv\u0259kkil\u0259 bel\u0259 bir h\u00fcquq verilm\u0259lidir. Qanunvericilik t\u0259\u015f\u0259bb\u00fcs\u00fc olan orqan Ombudsman\u0131n t\u0259klifl\u0259rini m\u0259cburi \u015f\u0259kild\u0259 m\u00fczakir\u0259y\u0259 t\u0259qdim edilm\u0259lidir, bilinsin ki, r\u0259dd olunmayacaq&#8221;. Spiker&hellip;<\/p>\n","protected":false},"author":2,"featured_media":66172,"comment_status":"closed","ping_status":"closed","sticky":false,"template":"","format":"standard","meta":{"om_disable_all_campaigns":false,"_monsterinsights_skip_tracking":false,"_monsterinsights_sitenote_active":false,"_monsterinsights_sitenote_note":"","_monsterinsights_sitenote_category":0},"categories":[1],"tags":[],"aioseo_notices":[],"gutentor_comment":0,"rttpg_featured_image_url":{"full":["https:\/\/arantv.az\/wp-content\/uploads\/2019\/06\/1560413896003.jpg",273,185,false],"landscape":["https:\/\/arantv.az\/wp-content\/uploads\/2019\/06\/1560413896003.jpg",273,185,false],"portraits":["https:\/\/arantv.az\/wp-content\/uploads\/2019\/06\/1560413896003.jpg",273,185,false],"thumbnail":["https:\/\/arantv.az\/wp-content\/uploads\/2019\/06\/1560413896003-150x150.jpg",150,150,true],"medium":["https:\/\/arantv.az\/wp-content\/uploads\/2019\/06\/1560413896003.jpg",273,185,false],"large":["https:\/\/arantv.az\/wp-content\/uploads\/2019\/06\/1560413896003.jpg",273,185,false],"1536x1536":["https:\/\/arantv.az\/wp-content\/uploads\/2019\/06\/1560413896003.jpg",273,185,false],"2048x2048":["https:\/\/arantv.az\/wp-content\/uploads\/2019\/06\/1560413896003.jpg",273,185,false],"post-thumbnail":["https:\/\/arantv.az\/wp-content\/uploads\/2019\/06\/1560413896003-240x172.jpg",240,172,true],"advps-thumb-one":["https:\/\/arantv.az\/wp-content\/uploads\/2019\/06\/1560413896003.jpg",273,185,false]},"rttpg_author":{"display_name":"V\u00fcsal Rafiqo\u011flu","author_link":"https:\/\/arantv.az\/?author=2"},"rttpg_comment":0,"rttpg_category":"<a href=\"https:\/\/arantv.az\/?cat=1\" rel=\"category\">C\u0259miyy\u0259t<\/a>","rttpg_excerpt":"&#8220;2004-c\u00fc ild\u0259n indiy\u0259d\u0259k Az\u0259rbaycan \u0130nsan H\u00fcquqlar\u0131 M\u00fcv\u0259kkili Milli M\u0259clis\u0259 25 t\u0259klif verib. Bu, qanunlara \u0259lav\u0259l\u0259r, d\u0259yi\u015fiklikl\u0259rdir&#8221;. ARANTV.AZ\u00a0 x\u0259b\u0259r verir ki, bunu Milli M\u0259clisin n\u00f6vb\u0259d\u0259nk\u0259nar sessiyas\u0131n\u0131n ilk plenar iclas\u0131nda parlamentin H\u00fcquq siyas\u0259ti v\u0259 d\u00f6vl\u0259t quruculu\u011fu komit\u0259sinin s\u0259dri \u018fli H\u00fcseynli deyib. \u018f.H\u00fcseynli qeyd edib ki, bu d\u0259yi\u015fiklik t\u0259klifl\u0259ri q\u0259bul olunub. Deputat Tahir K\u0259rimli is\u0259 Ombudsmana \u0259lav\u0259 s\u0259lahiyy\u0259tl\u0259rin&hellip;","_links":{"self":[{"href":"https:\/\/arantv.az\/index.php?rest_route=\/wp\/v2\/posts\/66171"}],"collection":[{"href":"https:\/\/arantv.az\/index.php?rest_route=\/wp\/v2\/posts"}],"about":[{"href":"https:\/\/arantv.az\/index.php?rest_route=\/wp\/v2\/types\/post"}],"author":[{"embeddable":true,"href":"https:\/\/arantv.az\/index.php?rest_route=\/wp\/v2\/users\/2"}],"replies":[{"embeddable":true,"href":"https:\/\/arantv.az\/index.php?rest_route=%2Fwp%2Fv2%2Fcomments&post=66171"}],"version-history":[{"count":0,"href":"https:\/\/arantv.az\/index.php?rest_route=\/wp\/v2\/posts\/66171\/revisions"}],"wp:featuredmedia":[{"embeddable":true,"href":"https:\/\/arantv.az\/index.php?rest_route=\/wp\/v2\/media\/66172"}],"wp:attachment":[{"href":"https:\/\/arantv.az\/index.php?rest_route=%2Fwp%2Fv2%2Fmedia&parent=66171"}],"wp:term":[{"taxonomy":"category","embeddable":true,"href":"https:\/\/arantv.az\/index.php?rest_route=%2Fwp%2Fv2%2Fcategories&post=66171"},{"taxonomy":"post_tag","embeddable":true,"href":"https:\/\/arantv.az\/index.php?rest_route=%2Fwp%2Fv2%2Ftags&post=66171"}],"curies":[{"name":"wp","href":"https:\/\/api.w.org\/{rel}","templated":true}]}}