{"id":661723,"date":"2023-11-27T12:34:29","date_gmt":"2023-11-27T08:34:29","guid":{"rendered":"https:\/\/arantv.az\/?p=661723"},"modified":"2023-11-27T12:34:29","modified_gmt":"2023-11-27T08:34:29","slug":"zaqatalada-d%c9%99hs%c9%99t-ail%c9%99si-g%c9%99linin-asilmis-meyitini-tapdi","status":"publish","type":"post","link":"https:\/\/arantv.az\/?p=661723","title":{"rendered":"Zaqatalada D\u018fH\u015e\u018fT: Ail\u0259si g\u0259linin as\u0131lm\u0131\u015f meyitini tapd\u0131"},"content":{"rendered":"<p>Zaqatalada intihar hadis\u0259si ba\u015f verib.<\/p>\n<p>Lent.az-\u0131n m\u0259lumat\u0131na g\u00f6r\u0259, hadis\u0259 rayonun A\u015fa\u011f\u0131 \u00c7ardaxlar k\u0259ndind\u0259 qeyd\u0259 al\u0131n\u0131b.<\/p>\n<p>K\u0259nd sakini, 1992-ci il t\u0259v\u0259ll\u00fcdl\u00fc Ayg\u00fcn Qurbanova ya\u015fad\u0131\u011f\u0131 evin h\u0259y\u0259tind\u0259 yerl\u0259\u015f\u0259n yar\u0131mtikilid\u0259 \u00f6z\u00fcn\u00fc as\u0131b.<\/p>\n<p>M\u0259lumata g\u00f6r\u0259, Ayg\u00fcn Qurbanova ail\u0259li olub. Onun son g\u00fcnl\u0259r depressiyaya d\u00fc\u015fd\u00fcy\u00fc bildirilir.<\/p>\n<p>Ayg\u00fcn Qurbanovan\u0131n as\u0131lm\u0131\u015f meyitini ail\u0259 \u00fczvl\u0259ri a\u015fkar edibl\u0259r.<\/p>\n<p>\u0130ntihar\u0131n s\u0259b\u0259bl\u0259ri d\u0259qiq m\u0259lum deyil.<\/p>\n<p>Faktla ba\u011fl\u0131 ara\u015fd\u0131rma apar\u0131l\u0131r.<\/p>\n","protected":false},"excerpt":{"rendered":"<p>Zaqatalada intihar hadis\u0259si ba\u015f verib. Lent.az-\u0131n m\u0259lumat\u0131na g\u00f6r\u0259, hadis\u0259 rayonun A\u015fa\u011f\u0131 \u00c7ardaxlar k\u0259ndind\u0259 qeyd\u0259 al\u0131n\u0131b. K\u0259nd sakini, 1992-ci il t\u0259v\u0259ll\u00fcdl\u00fc Ayg\u00fcn Qurbanova ya\u015fad\u0131\u011f\u0131 evin h\u0259y\u0259tind\u0259 yerl\u0259\u015f\u0259n yar\u0131mtikilid\u0259 \u00f6z\u00fcn\u00fc as\u0131b. M\u0259lumata g\u00f6r\u0259, Ayg\u00fcn Qurbanova ail\u0259li olub. Onun son g\u00fcnl\u0259r depressiyaya d\u00fc\u015fd\u00fcy\u00fc bildirilir. Ayg\u00fcn Qurbanovan\u0131n as\u0131lm\u0131\u015f meyitini ail\u0259 \u00fczvl\u0259ri a\u015fkar edibl\u0259r. \u0130ntihar\u0131n s\u0259b\u0259bl\u0259ri d\u0259qiq m\u0259lum deyil. Faktla ba\u011fl\u0131 ara\u015fd\u0131rma apar\u0131l\u0131r.<\/p>\n","protected":false},"author":2,"featured_media":445329,"comment_status":"closed","ping_status":"closed","sticky":false,"template":"","format":"standard","meta":{"om_disable_all_campaigns":false,"_monsterinsights_skip_tracking":false,"_monsterinsights_sitenote_active":false,"_monsterinsights_sitenote_note":"","_monsterinsights_sitenote_category":0},"categories":[5],"tags":[],"aioseo_notices":[],"gutentor_comment":0,"rttpg_featured_image_url":{"full":["https:\/\/arantv.az\/wp-content\/uploads\/2022\/02\/intihar.jpg",637,400,false],"landscape":["https:\/\/arantv.az\/wp-content\/uploads\/2022\/02\/intihar.jpg",637,400,false],"portraits":["https:\/\/arantv.az\/wp-content\/uploads\/2022\/02\/intihar.jpg",637,400,false],"thumbnail":["https:\/\/arantv.az\/wp-content\/uploads\/2022\/02\/intihar-500x280.jpg",500,280,true],"medium":["https:\/\/arantv.az\/wp-content\/uploads\/2022\/02\/intihar-581x365.jpg",581,365,true],"large":["https:\/\/arantv.az\/wp-content\/uploads\/2022\/02\/intihar.jpg",637,400,false],"1536x1536":["https:\/\/arantv.az\/wp-content\/uploads\/2022\/02\/intihar.jpg",637,400,false],"2048x2048":["https:\/\/arantv.az\/wp-content\/uploads\/2022\/02\/intihar.jpg",637,400,false],"post-thumbnail":["https:\/\/arantv.az\/wp-content\/uploads\/2022\/02\/intihar-240x172.jpg",240,172,true],"advps-thumb-one":["https:\/\/arantv.az\/wp-content\/uploads\/2022\/02\/intihar.jpg",637,400,false]},"rttpg_author":{"display_name":"V\u00fcsal Rafiqo\u011flu","author_link":"https:\/\/arantv.az\/?author=2"},"rttpg_comment":0,"rttpg_category":"<a href=\"https:\/\/arantv.az\/?cat=5\" rel=\"category\">Hadis\u0259<\/a>","rttpg_excerpt":"Zaqatalada intihar hadis\u0259si ba\u015f verib. Lent.az-\u0131n m\u0259lumat\u0131na g\u00f6r\u0259, hadis\u0259 rayonun A\u015fa\u011f\u0131 \u00c7ardaxlar k\u0259ndind\u0259 qeyd\u0259 al\u0131n\u0131b. K\u0259nd sakini, 1992-ci il t\u0259v\u0259ll\u00fcdl\u00fc Ayg\u00fcn Qurbanova ya\u015fad\u0131\u011f\u0131 evin h\u0259y\u0259tind\u0259 yerl\u0259\u015f\u0259n yar\u0131mtikilid\u0259 \u00f6z\u00fcn\u00fc as\u0131b. M\u0259lumata g\u00f6r\u0259, Ayg\u00fcn Qurbanova ail\u0259li olub. Onun son g\u00fcnl\u0259r depressiyaya d\u00fc\u015fd\u00fcy\u00fc bildirilir. Ayg\u00fcn Qurbanovan\u0131n as\u0131lm\u0131\u015f meyitini ail\u0259 \u00fczvl\u0259ri a\u015fkar edibl\u0259r. \u0130ntihar\u0131n s\u0259b\u0259bl\u0259ri d\u0259qiq m\u0259lum deyil. Faktla&hellip;","_links":{"self":[{"href":"https:\/\/arantv.az\/index.php?rest_route=\/wp\/v2\/posts\/661723"}],"collection":[{"href":"https:\/\/arantv.az\/index.php?rest_route=\/wp\/v2\/posts"}],"about":[{"href":"https:\/\/arantv.az\/index.php?rest_route=\/wp\/v2\/types\/post"}],"author":[{"embeddable":true,"href":"https:\/\/arantv.az\/index.php?rest_route=\/wp\/v2\/users\/2"}],"replies":[{"embeddable":true,"href":"https:\/\/arantv.az\/index.php?rest_route=%2Fwp%2Fv2%2Fcomments&post=661723"}],"version-history":[{"count":0,"href":"https:\/\/arantv.az\/index.php?rest_route=\/wp\/v2\/posts\/661723\/revisions"}],"wp:featuredmedia":[{"embeddable":true,"href":"https:\/\/arantv.az\/index.php?rest_route=\/wp\/v2\/media\/445329"}],"wp:attachment":[{"href":"https:\/\/arantv.az\/index.php?rest_route=%2Fwp%2Fv2%2Fmedia&parent=661723"}],"wp:term":[{"taxonomy":"category","embeddable":true,"href":"https:\/\/arantv.az\/index.php?rest_route=%2Fwp%2Fv2%2Fcategories&post=661723"},{"taxonomy":"post_tag","embeddable":true,"href":"https:\/\/arantv.az\/index.php?rest_route=%2Fwp%2Fv2%2Ftags&post=661723"}],"curies":[{"name":"wp","href":"https:\/\/api.w.org\/{rel}","templated":true}]}}