{"id":661728,"date":"2023-11-27T12:40:36","date_gmt":"2023-11-27T08:40:36","guid":{"rendered":"https:\/\/arantv.az\/?p=661728"},"modified":"2023-11-27T12:40:36","modified_gmt":"2023-11-27T08:40:36","slug":"azad-edilmis-%c9%99razil%c9%99rd%c9%99-%c9%99haliy%c9%99-pay-torpaqlarinin-verilm%c9%99si-gozl%c9%99nilir","status":"publish","type":"post","link":"https:\/\/arantv.az\/?p=661728","title":{"rendered":"Azad edilmi\u015f \u0259razil\u0259rd\u0259 \u0259haliy\u0259 pay torpaqlar\u0131n\u0131n verilm\u0259si g\u00f6zl\u0259nilir"},"content":{"rendered":"<p>\u0130\u015f\u011faldan azad edilmi\u015f \u0259razil\u0259rd\u0259 k\u0259ndl\u0259rd\u0259 ya\u015fayan \u0259haliy\u0259 pay torpaqlar\u0131n\u0131n verilm\u0259si g\u00f6zl\u0259nilir.<\/p>\n<p>\u201cTrend\u201d x\u0259b\u0259r verir ki, bunu Milli M\u0259clisin Regional m\u0259s\u0259l\u0259l\u0259r komit\u0259sinin s\u0259dri Siyavu\u015f Novruzov parlamentd\u0259 \u201cAz\u0259rbaycan Respublikas\u0131n\u0131n A\u011fd\u0259r\u0259 rayonunun yarad\u0131lmas\u0131 haqq\u0131nda\u201d qanun layih\u0259sinin m\u00fczakir\u0259si zaman\u0131 deyib.<\/p>\n<p>S.Novruzov vur\u011fulay\u0131b ki, k\u0259ndl\u0259r kompaktla\u015fd\u0131r\u0131laraq, onlara b\u00f6y\u00fck m\u0259kt\u0259bl\u0259r, x\u0259st\u0259xanalar tikilm\u0259si n\u0259z\u0259rd\u0259 tutulur.<\/p>\n<p>Qanun layih\u0259sin\u0259 g\u00f6r\u0259, A\u011fdam, K\u0259lb\u0259c\u0259r v\u0259 T\u0259rt\u0259r rayonlar\u0131n\u0131n inzibati \u0259razi b\u00f6lg\u00fcs\u00fcnd\u0259 qism\u0259n d\u0259yi\u015fiklikl\u0259r edil\u0259r\u0259k m\u0259rk\u0259zi A\u011fd\u0259r\u0259 \u015f\u0259h\u0259ri olmaqla inzibati s\u0259rh\u0259dl\u0259r daxilind\u0259 A\u011fd\u0259r\u0259 rayonu yarad\u0131lacaq.<\/p>\n","protected":false},"excerpt":{"rendered":"<p>\u0130\u015f\u011faldan azad edilmi\u015f \u0259razil\u0259rd\u0259 k\u0259ndl\u0259rd\u0259 ya\u015fayan \u0259haliy\u0259 pay torpaqlar\u0131n\u0131n verilm\u0259si g\u00f6zl\u0259nilir. \u201cTrend\u201d x\u0259b\u0259r verir ki, bunu Milli M\u0259clisin Regional m\u0259s\u0259l\u0259l\u0259r komit\u0259sinin s\u0259dri Siyavu\u015f Novruzov parlamentd\u0259 \u201cAz\u0259rbaycan Respublikas\u0131n\u0131n A\u011fd\u0259r\u0259 rayonunun yarad\u0131lmas\u0131 haqq\u0131nda\u201d qanun layih\u0259sinin m\u00fczakir\u0259si zaman\u0131 deyib. S.Novruzov vur\u011fulay\u0131b ki, k\u0259ndl\u0259r kompaktla\u015fd\u0131r\u0131laraq, onlara b\u00f6y\u00fck m\u0259kt\u0259bl\u0259r, x\u0259st\u0259xanalar tikilm\u0259si n\u0259z\u0259rd\u0259 tutulur. Qanun layih\u0259sin\u0259 g\u00f6r\u0259, A\u011fdam, K\u0259lb\u0259c\u0259r v\u0259 T\u0259rt\u0259r rayonlar\u0131n\u0131n inzibati \u0259razi b\u00f6lg\u00fcs\u00fcnd\u0259 qism\u0259n d\u0259yi\u015fiklikl\u0259r edil\u0259r\u0259k m\u0259rk\u0259zi A\u011fd\u0259r\u0259 \u015f\u0259h\u0259ri olmaqla inzibati s\u0259rh\u0259dl\u0259r daxilind\u0259 A\u011fd\u0259r\u0259 rayonu yarad\u0131lacaq.<\/p>\n","protected":false},"author":2,"featured_media":661729,"comment_status":"closed","ping_status":"closed","sticky":false,"template":"","format":"standard","meta":{"om_disable_all_campaigns":false,"_monsterinsights_skip_tracking":false,"_monsterinsights_sitenote_active":false,"_monsterinsights_sitenote_note":"","_monsterinsights_sitenote_category":0},"categories":[19],"tags":[],"aioseo_notices":[],"gutentor_comment":0,"rttpg_featured_image_url":{"full":["https:\/\/arantv.az\/wp-content\/uploads\/2023\/11\/1635758779_0a-2-kcur.jpg",700,394,false],"landscape":["https:\/\/arantv.az\/wp-content\/uploads\/2023\/11\/1635758779_0a-2-kcur.jpg",700,394,false],"portraits":["https:\/\/arantv.az\/wp-content\/uploads\/2023\/11\/1635758779_0a-2-kcur.jpg",700,394,false],"thumbnail":["https:\/\/arantv.az\/wp-content\/uploads\/2023\/11\/1635758779_0a-2-kcur-500x280.jpg",500,280,true],"medium":["https:\/\/arantv.az\/wp-content\/uploads\/2023\/11\/1635758779_0a-2-kcur-648x365.jpg",648,365,true],"large":["https:\/\/arantv.az\/wp-content\/uploads\/2023\/11\/1635758779_0a-2-kcur.jpg",640,360,false],"1536x1536":["https:\/\/arantv.az\/wp-content\/uploads\/2023\/11\/1635758779_0a-2-kcur.jpg",700,394,false],"2048x2048":["https:\/\/arantv.az\/wp-content\/uploads\/2023\/11\/1635758779_0a-2-kcur.jpg",700,394,false],"post-thumbnail":["https:\/\/arantv.az\/wp-content\/uploads\/2023\/11\/1635758779_0a-2-kcur-240x172.jpg",240,172,true],"advps-thumb-one":["https:\/\/arantv.az\/wp-content\/uploads\/2023\/11\/1635758779_0a-2-kcur.jpg",700,394,false]},"rttpg_author":{"display_name":"V\u00fcsal Rafiqo\u011flu","author_link":"https:\/\/arantv.az\/?author=2"},"rttpg_comment":0,"rttpg_category":"<a href=\"https:\/\/arantv.az\/?cat=19\" rel=\"category\">G\u00fcnd\u0259m<\/a>","rttpg_excerpt":"\u0130\u015f\u011faldan azad edilmi\u015f \u0259razil\u0259rd\u0259 k\u0259ndl\u0259rd\u0259 ya\u015fayan \u0259haliy\u0259 pay torpaqlar\u0131n\u0131n verilm\u0259si g\u00f6zl\u0259nilir. \u201cTrend\u201d x\u0259b\u0259r verir ki, bunu Milli M\u0259clisin Regional m\u0259s\u0259l\u0259l\u0259r komit\u0259sinin s\u0259dri Siyavu\u015f Novruzov parlamentd\u0259 \u201cAz\u0259rbaycan Respublikas\u0131n\u0131n A\u011fd\u0259r\u0259 rayonunun yarad\u0131lmas\u0131 haqq\u0131nda\u201d qanun layih\u0259sinin m\u00fczakir\u0259si zaman\u0131 deyib. S.Novruzov vur\u011fulay\u0131b ki, k\u0259ndl\u0259r kompaktla\u015fd\u0131r\u0131laraq, onlara b\u00f6y\u00fck m\u0259kt\u0259bl\u0259r, x\u0259st\u0259xanalar tikilm\u0259si n\u0259z\u0259rd\u0259 tutulur. Qanun layih\u0259sin\u0259 g\u00f6r\u0259, A\u011fdam, K\u0259lb\u0259c\u0259r v\u0259 T\u0259rt\u0259r&hellip;","_links":{"self":[{"href":"https:\/\/arantv.az\/index.php?rest_route=\/wp\/v2\/posts\/661728"}],"collection":[{"href":"https:\/\/arantv.az\/index.php?rest_route=\/wp\/v2\/posts"}],"about":[{"href":"https:\/\/arantv.az\/index.php?rest_route=\/wp\/v2\/types\/post"}],"author":[{"embeddable":true,"href":"https:\/\/arantv.az\/index.php?rest_route=\/wp\/v2\/users\/2"}],"replies":[{"embeddable":true,"href":"https:\/\/arantv.az\/index.php?rest_route=%2Fwp%2Fv2%2Fcomments&post=661728"}],"version-history":[{"count":0,"href":"https:\/\/arantv.az\/index.php?rest_route=\/wp\/v2\/posts\/661728\/revisions"}],"wp:featuredmedia":[{"embeddable":true,"href":"https:\/\/arantv.az\/index.php?rest_route=\/wp\/v2\/media\/661729"}],"wp:attachment":[{"href":"https:\/\/arantv.az\/index.php?rest_route=%2Fwp%2Fv2%2Fmedia&parent=661728"}],"wp:term":[{"taxonomy":"category","embeddable":true,"href":"https:\/\/arantv.az\/index.php?rest_route=%2Fwp%2Fv2%2Fcategories&post=661728"},{"taxonomy":"post_tag","embeddable":true,"href":"https:\/\/arantv.az\/index.php?rest_route=%2Fwp%2Fv2%2Ftags&post=661728"}],"curies":[{"name":"wp","href":"https:\/\/api.w.org\/{rel}","templated":true}]}}