{"id":661731,"date":"2023-11-27T12:45:06","date_gmt":"2023-11-27T08:45:06","guid":{"rendered":"https:\/\/arantv.az\/?p=661731"},"modified":"2023-11-27T12:45:06","modified_gmt":"2023-11-27T08:45:06","slug":"2023-cu-ild%c9%99-itirdiyimiz-m%c9%99shurlar","status":"publish","type":"post","link":"https:\/\/arantv.az\/?p=661731","title":{"rendered":"2023-c\u00fc ild\u0259 itirdiyimiz M\u018f\u015eHURLAR"},"content":{"rendered":"<p><strong>2023-c\u00fc ilin bitm\u0259sin\u0259 art\u0131q az vaxt qal\u0131b. Bu il m\u00fcxt\u0259lif sah\u0259l\u0259rd\u0259 qazand\u0131\u011f\u0131m\u0131z u\u011furlarla yadda qalacaq. Ancaq 2023-c\u00fc ild\u0259 qazand\u0131qlar\u0131m\u0131zla yana\u015f\u0131 itirdikl\u0259rimiz d\u0259 oldu. Bu il f\u0259rqli sferalardan olan tan\u0131nm\u0131\u015f \u015f\u0259xsl\u0259rin v\u0259fat\u0131 bir \u00e7oxumuzu\u00a0d\u0259rind\u0259n sars\u0131td\u0131.<\/strong><\/p>\n<div align=\"center\"><\/div>\n<p><strong>ARANTV.AZ <\/strong>\u00a0yenisabah.az-a istinad\u0259n x\u0259b\u0259r verir ki, Az\u0259rbaycanl\u0131 aktrisa, Az\u0259rbaycan Respublikas\u0131n\u0131n \u018fm\u0259kdar artisti, &#8220;Toppu\u015f bac\u0131&#8221; kimi tan\u0131nan T\u00fcnzal\u0259 \u018fliyeva yanvar ay\u0131n\u0131n 22-si uzun s\u00fcr\u0259n x\u0259st\u0259likd\u0259n sonra d\u00fcnyaya g\u00f6zl\u0259rini \u0259b\u0259di olaraq yumdu. Onun \u00f6l\u00fcm\u00fc s\u0259n\u0259t adamlar\u0131 il\u0259 yana\u015f\u0131, aktrisan\u0131 ekrandan tan\u0131yanlar\u0131 da d\u0259rind\u0259n sars\u0131td\u0131.<\/p>\n<p>Az\u0259rbaycan\u0131n teatr v\u0259 kino aktyoru, Az\u0259rbaycan\u0131n Respublikas\u0131n\u0131n Xalq Artisti, Az\u0259rbaycan D\u00f6vl\u0259t Akademik Milli Dram Teatr\u0131n\u0131n apar\u0131c\u0131 s\u0259hn\u0259 ustas\u0131 Ramiz Novruz uzun m\u00fcdd\u0259t m\u0259d\u0259 x\u0259r\u00e7\u0259ngi x\u0259st\u0259liyind\u0259n \u0259ziyy\u0259t \u00e7\u0259kirdi v\u0259 20 fevral 2023-c\u00fc il tarixind\u0259 v\u0259fat ed\u0259r\u0259k, sev\u0259nl\u0259rini yasa q\u0259rq etdi.<\/p>\n<p>Az\u0259rbaycanl\u0131 tan\u0131nm\u0131\u015f ilahiyyat\u00e7\u0131, xeyriyy\u0259\u00e7i, din xadimi, ictimai xadim, M\u0259\u015f\u0259di Dada\u015f m\u0259scidinin sabiq axundu, imam-camaat\u0131 \u015eahin H\u00fcseyn o\u011flu H\u0259s\u0259nli &#8211; Hac\u0131 \u015eahin 2023-c\u00fc il mart\u0131n 2-d\u0259 Bak\u0131da \u00fcr\u0259k \u00e7at\u0131\u015fmazl\u0131\u011f\u0131ndan d\u00fcnyas\u0131n\u0131 d\u0259yi\u015fdi. Onun \u00f6l\u00fcm\u00fc c\u0259miyy\u0259t aras\u0131nda b\u00f6y\u00fck bir m\u0259yuslu\u011fa s\u0259b\u0259b oldu.<\/p>\n<p>Televiziya prod\u00fcseri, rejissor Oktay \u018fliyev 22 mart 2023-c\u00fc ild\u0259 54 ya\u015f\u0131nda yol q\u0259zas\u0131nda h\u0259lak olub. Oqtay \u018fliyevin idar\u0259 etdiyi &#8220;Lexus Lx470&#8221; markal\u0131 avtomobil yolun h\u0259r\u0259k\u0259t hiss\u0259sind\u0259n \u00e7\u0131xaraq a\u015f\u0131b. Q\u0259za n\u0259tic\u0259sind\u0259 Oqtay \u018fliyev \u00f6lm\u00fc\u015f, avtomobild\u0259 olan xalq artisti Mehriban Z\u0259ki v\u0259 \u0259m\u0259kdar artist Dilar\u0259 \u018fliyeva is\u0259 y\u00fcng\u00fcl x\u0259sar\u0259tl\u0259r al\u0131blar. Qeyd ed\u0259k ki, Oktay \u018fliyev 2020-ci ild\u0259 &#8220;Az\u0259rbaycan Respublikas\u0131n\u0131n \u0259m\u0259kdar m\u0259d\u0259niyy\u0259t i\u015f\u00e7isi&#8221; f\u0259xri ad\u0131na layiq g\u00f6r\u00fclm\u00fc\u015fd\u00fc.<\/p>\n<p>M\u0259h\u015fur qarmon ifa\u00e7\u0131s\u0131, Az\u0259rbaycan Respublikas\u0131n\u0131n xalq artisti Aftandil \u0130srafilov 29 aprel tarixind\u0259 s\u0259hh\u0259tind\u0259 yaranan probleml\u0259r s\u0259b\u0259bil\u0259 yerl\u0259\u015fdirildiyi x\u0259st\u0259xanada d\u00fcnyas\u0131n\u0131 d\u0259yi\u015fib. Aftandil \u0130srafilov Az\u0259rbaycan ifa\u00e7\u0131l\u0131q m\u0259kt\u0259binin inki\u015faf\u0131ndak\u0131 m\u00fcst\u0259sna xidm\u0259tl\u0259rin\u0259 g\u00f6r\u0259 1998-ci ild\u0259 Az\u0259rbaycan Respublikas\u0131n\u0131n Xalq artisti f\u0259xri ad\u0131na, 2016-c\u0131 ild\u0259 &#8220;\u015e\u00f6hr\u0259t&#8221; ordenin\u0259 layiq g\u00f6r\u00fclm\u00fc\u015fd\u00fcr. O, 2003-c\u00fc ild\u0259n Az\u0259rbaycan Respublikas\u0131 Prezidentinin f\u0259rdi t\u0259qa\u00fcd\u00e7\u00fcs\u00fc idi.<\/p>\n<p>Tan\u0131nm\u0131\u015f jurnalist, televiziya apar\u0131c\u0131s\u0131 Nat\u0259van Babayeva 20 iyul tarixind\u0259 uzun s\u00fcr\u0259n x\u0259r\u00e7\u0259ng x\u0259st\u0259liyind\u0259n d\u00fcnyas\u0131n\u0131 d\u0259yi\u015fib. O, Salyan\u0131n Par\u00e7a X\u0259l\u0259c k\u0259ndind\u0259 d\u0259fn olunub. Nat\u0259van Babayevan\u0131n \u00f6l\u00fcm\u00fc h\u0259m yax\u0131nlar\u0131n\u0131, h\u0259m d\u0259 onu efird\u0259n tan\u0131yanlar\u0131 m\u0259yus edib.<\/p>\n<p>\u018fm\u0259kdar artist R\u0259hman R\u0259hmanovun o\u011flu m\u00fc\u011f\u0259nni Emil R\u0259hmano\u011flu 19 sentyabr tarixind\u0259 v\u0259fat edib. G\u0259nc m\u00fc\u011f\u0259nninin trombdan \u00f6ld\u00fcy\u00fc a\u00e7\u0131qlanm\u0131\u015fd\u0131. Onun \u00f6l\u00fcm\u00fc h\u0259m s\u0259n\u0259t adamlar\u0131n\u0131, h\u0259m d\u0259 sev\u0259nl\u0259rini yasa bo\u011fdu.<\/p>\n<p>Az\u0259rbaycan siyas\u0259t\u00e7isi, jurnalist, Az\u0259rbaycan Respublikas\u0131 Milli M\u0259clisinin deputat\u0131 Q\u0259nir\u0259 Pa\u015fayeva s\u0259hh\u0259tind\u0259 yaranm\u0131\u015f ciddi probleml\u0259rl\u0259 \u0259laq\u0259dar sentyabr\u0131n 23-d\u0259n M\u0259rk\u0259zi Klinik X\u0259st\u0259xanan\u0131n reanimasiya \u015f\u00f6b\u0259sin\u0259 yerl\u0259\u015fdirilmi\u015fdi. Nam\u0259lum m\u0259n\u015f\u0259li hipotonik v\u0259ziyy\u0259t diaqnozu qoyulan Q\u0259nir\u0259 Pa\u015fayevan\u0131n s\u0259hh\u0259tind\u0259ki kritik durumla \u0259laq\u0259dar M\u0259rk\u0259zi Klinik X\u0259st\u0259xanan\u0131n h\u0259kim personal\u0131 v\u0259 T\u00fcrkiy\u0259d\u0259n c\u0259lb edilmi\u015f h\u0259kim m\u00fct\u0259x\u0259ssisl\u0259r t\u0259r\u0259find\u0259n b\u00fct\u00fcn z\u0259ruri t\u0259dbirl\u0259r g\u00f6r\u00fclm\u00fc\u015fd\u00fcr. 28 sentyabr 2023-c\u00fc il tarixind\u0259 Q\u0259nir\u0259 Pa\u015fayeva 48 ya\u015f\u0131nda d\u00fcnyas\u0131n\u0131 d\u0259yi\u015fmi\u015fdir. Onun q\u0259fil v\u0259fat\u0131 b\u00fct\u00fcn \u00f6lk\u0259d\u0259 d\u0259rin h\u00fcznl\u0259 qar\u015f\u0131land\u0131.<\/p>\n","protected":false},"excerpt":{"rendered":"<p>2023-c\u00fc ilin bitm\u0259sin\u0259 art\u0131q az vaxt qal\u0131b. Bu il m\u00fcxt\u0259lif sah\u0259l\u0259rd\u0259 qazand\u0131\u011f\u0131m\u0131z u\u011furlarla yadda qalacaq. Ancaq 2023-c\u00fc ild\u0259 qazand\u0131qlar\u0131m\u0131zla yana\u015f\u0131 itirdikl\u0259rimiz d\u0259 oldu. Bu il f\u0259rqli sferalardan olan tan\u0131nm\u0131\u015f \u015f\u0259xsl\u0259rin v\u0259fat\u0131 bir \u00e7oxumuzu\u00a0d\u0259rind\u0259n sars\u0131td\u0131. ARANTV.AZ \u00a0yenisabah.az-a istinad\u0259n x\u0259b\u0259r verir ki, Az\u0259rbaycanl\u0131 aktrisa, Az\u0259rbaycan Respublikas\u0131n\u0131n \u018fm\u0259kdar artisti, &#8220;Toppu\u015f bac\u0131&#8221; kimi tan\u0131nan T\u00fcnzal\u0259 \u018fliyeva yanvar ay\u0131n\u0131n 22-si uzun s\u00fcr\u0259n x\u0259st\u0259likd\u0259n sonra d\u00fcnyaya g\u00f6zl\u0259rini \u0259b\u0259di olaraq yumdu. Onun \u00f6l\u00fcm\u00fc s\u0259n\u0259t adamlar\u0131 il\u0259 yana\u015f\u0131, aktrisan\u0131 ekrandan tan\u0131yanlar\u0131 da d\u0259rind\u0259n sars\u0131td\u0131. Az\u0259rbaycan\u0131n teatr v\u0259 kino aktyoru, Az\u0259rbaycan\u0131n Respublikas\u0131n\u0131n Xalq Artisti, Az\u0259rbaycan D\u00f6vl\u0259t Akademik Milli Dram&hellip;<\/p>\n","protected":false},"author":2,"featured_media":661732,"comment_status":"closed","ping_status":"closed","sticky":false,"template":"","format":"standard","meta":{"om_disable_all_campaigns":false,"_monsterinsights_skip_tracking":false,"_monsterinsights_sitenote_active":false,"_monsterinsights_sitenote_note":"","_monsterinsights_sitenote_category":0},"categories":[1],"tags":[],"aioseo_notices":[],"gutentor_comment":0,"rttpg_featured_image_url":{"full":["https:\/\/arantv.az\/wp-content\/uploads\/2023\/11\/2023_cu_ilde_itirdiyimiz_meshurlar1700645561.jpg",750,422,false],"landscape":["https:\/\/arantv.az\/wp-content\/uploads\/2023\/11\/2023_cu_ilde_itirdiyimiz_meshurlar1700645561.jpg",750,422,false],"portraits":["https:\/\/arantv.az\/wp-content\/uploads\/2023\/11\/2023_cu_ilde_itirdiyimiz_meshurlar1700645561.jpg",750,422,false],"thumbnail":["https:\/\/arantv.az\/wp-content\/uploads\/2023\/11\/2023_cu_ilde_itirdiyimiz_meshurlar1700645561-500x280.jpg",500,280,true],"medium":["https:\/\/arantv.az\/wp-content\/uploads\/2023\/11\/2023_cu_ilde_itirdiyimiz_meshurlar1700645561-649x365.jpg",649,365,true],"large":["https:\/\/arantv.az\/wp-content\/uploads\/2023\/11\/2023_cu_ilde_itirdiyimiz_meshurlar1700645561.jpg",640,360,false],"1536x1536":["https:\/\/arantv.az\/wp-content\/uploads\/2023\/11\/2023_cu_ilde_itirdiyimiz_meshurlar1700645561.jpg",750,422,false],"2048x2048":["https:\/\/arantv.az\/wp-content\/uploads\/2023\/11\/2023_cu_ilde_itirdiyimiz_meshurlar1700645561.jpg",750,422,false],"post-thumbnail":["https:\/\/arantv.az\/wp-content\/uploads\/2023\/11\/2023_cu_ilde_itirdiyimiz_meshurlar1700645561-240x172.jpg",240,172,true],"advps-thumb-one":["https:\/\/arantv.az\/wp-content\/uploads\/2023\/11\/2023_cu_ilde_itirdiyimiz_meshurlar1700645561.jpg",750,422,false]},"rttpg_author":{"display_name":"V\u00fcsal Rafiqo\u011flu","author_link":"https:\/\/arantv.az\/?author=2"},"rttpg_comment":0,"rttpg_category":"<a href=\"https:\/\/arantv.az\/?cat=1\" rel=\"category\">C\u0259miyy\u0259t<\/a>","rttpg_excerpt":"2023-c\u00fc ilin bitm\u0259sin\u0259 art\u0131q az vaxt qal\u0131b. Bu il m\u00fcxt\u0259lif sah\u0259l\u0259rd\u0259 qazand\u0131\u011f\u0131m\u0131z u\u011furlarla yadda qalacaq. Ancaq 2023-c\u00fc ild\u0259 qazand\u0131qlar\u0131m\u0131zla yana\u015f\u0131 itirdikl\u0259rimiz d\u0259 oldu. Bu il f\u0259rqli sferalardan olan tan\u0131nm\u0131\u015f \u015f\u0259xsl\u0259rin v\u0259fat\u0131 bir \u00e7oxumuzu\u00a0d\u0259rind\u0259n sars\u0131td\u0131. ARANTV.AZ \u00a0yenisabah.az-a istinad\u0259n x\u0259b\u0259r verir ki, Az\u0259rbaycanl\u0131 aktrisa, Az\u0259rbaycan Respublikas\u0131n\u0131n \u018fm\u0259kdar artisti, &#8220;Toppu\u015f bac\u0131&#8221; kimi tan\u0131nan T\u00fcnzal\u0259 \u018fliyeva yanvar ay\u0131n\u0131n 22-si&hellip;","_links":{"self":[{"href":"https:\/\/arantv.az\/index.php?rest_route=\/wp\/v2\/posts\/661731"}],"collection":[{"href":"https:\/\/arantv.az\/index.php?rest_route=\/wp\/v2\/posts"}],"about":[{"href":"https:\/\/arantv.az\/index.php?rest_route=\/wp\/v2\/types\/post"}],"author":[{"embeddable":true,"href":"https:\/\/arantv.az\/index.php?rest_route=\/wp\/v2\/users\/2"}],"replies":[{"embeddable":true,"href":"https:\/\/arantv.az\/index.php?rest_route=%2Fwp%2Fv2%2Fcomments&post=661731"}],"version-history":[{"count":0,"href":"https:\/\/arantv.az\/index.php?rest_route=\/wp\/v2\/posts\/661731\/revisions"}],"wp:featuredmedia":[{"embeddable":true,"href":"https:\/\/arantv.az\/index.php?rest_route=\/wp\/v2\/media\/661732"}],"wp:attachment":[{"href":"https:\/\/arantv.az\/index.php?rest_route=%2Fwp%2Fv2%2Fmedia&parent=661731"}],"wp:term":[{"taxonomy":"category","embeddable":true,"href":"https:\/\/arantv.az\/index.php?rest_route=%2Fwp%2Fv2%2Fcategories&post=661731"},{"taxonomy":"post_tag","embeddable":true,"href":"https:\/\/arantv.az\/index.php?rest_route=%2Fwp%2Fv2%2Ftags&post=661731"}],"curies":[{"name":"wp","href":"https:\/\/api.w.org\/{rel}","templated":true}]}}