{"id":661734,"date":"2023-11-27T12:46:48","date_gmt":"2023-11-27T08:46:48","guid":{"rendered":"https:\/\/arantv.az\/?p=661734"},"modified":"2023-11-27T12:46:48","modified_gmt":"2023-11-27T08:46:48","slug":"pensiyalarin-verilm%c9%99si-niy%c9%99-gecikir-bu-tarixd%c9%99","status":"publish","type":"post","link":"https:\/\/arantv.az\/?p=661734","title":{"rendered":"Pensiyalar\u0131n verilm\u0259si niy\u0259 gecikir? &#8211; Bu tarixd\u0259&#8230;"},"content":{"rendered":"<p><strong>Az\u0259rbaycanda pensiya v\u0259 sosial \u00f6d\u0259ni\u015fl\u0259rin verilm\u0259sinin gecikdiyi iddia edilir.<\/strong><\/p>\n<p><b>ARANTV.AZ\u00a0<\/b> x\u0259b\u0259r verir ki, b bar\u0259d\u0259 BAKU.WS-in &#8220;qaynar x\u0259tti&#8221;n\u0259 \u00e7oxlu sayda m\u0259lumat daxil olub.<\/p>\n<p>Bildirilib ki, h\u0259r ay\u0131n 24-\u00fc veril\u0259n pensiya v\u0259 bu tipli sosial m\u00fcavin\u0259tl\u0259r bu ay\u0131n 27-si olma\u011f\u0131na baxmayaraq h\u0259l\u0259 d\u0259 verilm\u0259yib.<\/p>\n<p>M\u0259s\u0259l\u0259 il\u0259 \u0259laq\u0259dar D\u00f6vl\u0259t Sosial M\u00fcdafi\u0259 Fondu il\u0259 \u0259laq\u0259 saxlad\u0131q.<\/p>\n<p>Qurumun \u0130ctimaiyy\u0259tl\u0259 \u0259laq\u0259l\u0259r departamentinin m\u00fcdiri R\u0259\u015fad Mehdili BAKU.WS-in sor\u011fusuna cavab olaraq bildirib ki, burada gecikm\u0259 anlay\u0131\u015f\u0131 do\u011fru yana\u015fma deyil. Sosial \u00f6d\u0259ni\u015fl\u0259rin verilm\u0259si tarixi qabaqcadan h\u0259r aya g\u00f6r\u0259 t\u0259yin olunur:<\/p>\n<p>&#8220;H\u0259r ay \u00fc\u00e7\u00fcn sosial m\u00fcavin\u0259tl\u0259rin \u00f6d\u0259nildiyi b\u0259lli bir tarix var. Bu tarixd\u0259 \u00f6d\u0259ni\u015fl\u0259r edilir. Ay bitm\u0259diyi \u00fc\u00e7\u00fcn h\u0259l\u0259, bu, gecikm\u0259 deyil. Ay \u0259rzind\u0259 pensiya v\u0259 sosial \u00f6d\u0259ni\u015fl\u0259rin verilm\u0259si n\u0259z\u0259rd\u0259 tutulur&#8221;.<\/p>\n","protected":false},"excerpt":{"rendered":"<p>Az\u0259rbaycanda pensiya v\u0259 sosial \u00f6d\u0259ni\u015fl\u0259rin verilm\u0259sinin gecikdiyi iddia edilir. ARANTV.AZ\u00a0 x\u0259b\u0259r verir ki, b bar\u0259d\u0259 BAKU.WS-in &#8220;qaynar x\u0259tti&#8221;n\u0259 \u00e7oxlu sayda m\u0259lumat daxil olub. Bildirilib ki, h\u0259r ay\u0131n 24-\u00fc veril\u0259n pensiya v\u0259 bu tipli sosial m\u00fcavin\u0259tl\u0259r bu ay\u0131n 27-si olma\u011f\u0131na baxmayaraq h\u0259l\u0259 d\u0259 verilm\u0259yib. M\u0259s\u0259l\u0259 il\u0259 \u0259laq\u0259dar D\u00f6vl\u0259t Sosial M\u00fcdafi\u0259 Fondu il\u0259 \u0259laq\u0259 saxlad\u0131q. Qurumun \u0130ctimaiyy\u0259tl\u0259 \u0259laq\u0259l\u0259r departamentinin m\u00fcdiri R\u0259\u015fad Mehdili BAKU.WS-in sor\u011fusuna cavab olaraq bildirib ki, burada gecikm\u0259 anlay\u0131\u015f\u0131 do\u011fru yana\u015fma deyil. Sosial \u00f6d\u0259ni\u015fl\u0259rin verilm\u0259si tarixi qabaqcadan h\u0259r aya g\u00f6r\u0259 t\u0259yin olunur: &#8220;H\u0259r ay \u00fc\u00e7\u00fcn sosial m\u00fcavin\u0259tl\u0259rin \u00f6d\u0259nildiyi b\u0259lli bir&hellip;<\/p>\n","protected":false},"author":2,"featured_media":661735,"comment_status":"closed","ping_status":"closed","sticky":false,"template":"","format":"standard","meta":{"om_disable_all_campaigns":false,"_monsterinsights_skip_tracking":false,"_monsterinsights_sitenote_active":false,"_monsterinsights_sitenote_note":"","_monsterinsights_sitenote_category":0},"categories":[26],"tags":[],"aioseo_notices":[],"gutentor_comment":0,"rttpg_featured_image_url":{"full":["https:\/\/arantv.az\/wp-content\/uploads\/2023\/11\/pensiya-1.jpg",850,530,false],"landscape":["https:\/\/arantv.az\/wp-content\/uploads\/2023\/11\/pensiya-1.jpg",850,530,false],"portraits":["https:\/\/arantv.az\/wp-content\/uploads\/2023\/11\/pensiya-1.jpg",850,530,false],"thumbnail":["https:\/\/arantv.az\/wp-content\/uploads\/2023\/11\/pensiya-1-500x280.jpg",500,280,true],"medium":["https:\/\/arantv.az\/wp-content\/uploads\/2023\/11\/pensiya-1-585x365.jpg",585,365,true],"large":["https:\/\/arantv.az\/wp-content\/uploads\/2023\/11\/pensiya-1-840x524.jpg",640,399,true],"1536x1536":["https:\/\/arantv.az\/wp-content\/uploads\/2023\/11\/pensiya-1.jpg",850,530,false],"2048x2048":["https:\/\/arantv.az\/wp-content\/uploads\/2023\/11\/pensiya-1.jpg",850,530,false],"post-thumbnail":["https:\/\/arantv.az\/wp-content\/uploads\/2023\/11\/pensiya-1-240x172.jpg",240,172,true],"advps-thumb-one":["https:\/\/arantv.az\/wp-content\/uploads\/2023\/11\/pensiya-1.jpg",850,530,false]},"rttpg_author":{"display_name":"V\u00fcsal Rafiqo\u011flu","author_link":"https:\/\/arantv.az\/?author=2"},"rttpg_comment":0,"rttpg_category":"<a href=\"https:\/\/arantv.az\/?cat=26\" rel=\"category\">Sosial<\/a>","rttpg_excerpt":"Az\u0259rbaycanda pensiya v\u0259 sosial \u00f6d\u0259ni\u015fl\u0259rin verilm\u0259sinin gecikdiyi iddia edilir. ARANTV.AZ\u00a0 x\u0259b\u0259r verir ki, b bar\u0259d\u0259 BAKU.WS-in &#8220;qaynar x\u0259tti&#8221;n\u0259 \u00e7oxlu sayda m\u0259lumat daxil olub. Bildirilib ki, h\u0259r ay\u0131n 24-\u00fc veril\u0259n pensiya v\u0259 bu tipli sosial m\u00fcavin\u0259tl\u0259r bu ay\u0131n 27-si olma\u011f\u0131na baxmayaraq h\u0259l\u0259 d\u0259 verilm\u0259yib. M\u0259s\u0259l\u0259 il\u0259 \u0259laq\u0259dar D\u00f6vl\u0259t Sosial M\u00fcdafi\u0259 Fondu il\u0259 \u0259laq\u0259 saxlad\u0131q. Qurumun \u0130ctimaiyy\u0259tl\u0259&hellip;","_links":{"self":[{"href":"https:\/\/arantv.az\/index.php?rest_route=\/wp\/v2\/posts\/661734"}],"collection":[{"href":"https:\/\/arantv.az\/index.php?rest_route=\/wp\/v2\/posts"}],"about":[{"href":"https:\/\/arantv.az\/index.php?rest_route=\/wp\/v2\/types\/post"}],"author":[{"embeddable":true,"href":"https:\/\/arantv.az\/index.php?rest_route=\/wp\/v2\/users\/2"}],"replies":[{"embeddable":true,"href":"https:\/\/arantv.az\/index.php?rest_route=%2Fwp%2Fv2%2Fcomments&post=661734"}],"version-history":[{"count":0,"href":"https:\/\/arantv.az\/index.php?rest_route=\/wp\/v2\/posts\/661734\/revisions"}],"wp:featuredmedia":[{"embeddable":true,"href":"https:\/\/arantv.az\/index.php?rest_route=\/wp\/v2\/media\/661735"}],"wp:attachment":[{"href":"https:\/\/arantv.az\/index.php?rest_route=%2Fwp%2Fv2%2Fmedia&parent=661734"}],"wp:term":[{"taxonomy":"category","embeddable":true,"href":"https:\/\/arantv.az\/index.php?rest_route=%2Fwp%2Fv2%2Fcategories&post=661734"},{"taxonomy":"post_tag","embeddable":true,"href":"https:\/\/arantv.az\/index.php?rest_route=%2Fwp%2Fv2%2Ftags&post=661734"}],"curies":[{"name":"wp","href":"https:\/\/api.w.org\/{rel}","templated":true}]}}