{"id":661739,"date":"2023-11-27T12:52:24","date_gmt":"2023-11-27T08:52:24","guid":{"rendered":"https:\/\/arantv.az\/?p=661739"},"modified":"2023-11-27T12:52:24","modified_gmt":"2023-11-27T08:52:24","slug":"deputat-az%c9%99rbaycanda-iki-k%c9%99ndin-adinin-d%c9%99yisdirilm%c9%99sini-t%c9%99klif-edib","status":"publish","type":"post","link":"https:\/\/arantv.az\/?p=661739","title":{"rendered":"Deputat Az\u0259rbaycanda iki k\u0259ndin ad\u0131n\u0131n d\u0259yi\u015fdirilm\u0259sini t\u0259klif edib"},"content":{"rendered":"<p>Milli M\u0259clisin deputat\u0131 Aqil M\u0259mm\u0259dov T\u0259rt\u0259r v\u0259 K\u0259lb\u0259c\u0259r rayonlar\u0131n\u0131n \u00fcmumilikd\u0259 iki k\u0259ndinin ad\u0131n\u0131n d\u0259yi\u015fdirilm\u0259sini t\u0259klif edib.<\/p>\n<p>\u201cReport\u201dun m\u0259lumat\u0131na g\u00f6r\u0259, deputat bu t\u0259klifl\u0259 parlamentd\u0259 \u201cAz\u0259rbaycan Respublikas\u0131n\u0131n A\u011fd\u0259r\u0259 rayonunun yarad\u0131lmas\u0131 haqq\u0131nda\u201d qanun layih\u0259sinin m\u00fczakir\u0259si zaman\u0131 \u00e7\u0131x\u0131\u015f edib.<\/p>\n<p>\u201cA\u011fd\u0259r\u0259 rayonuna daxil edil\u0259n k\u0259ndl\u0259rin adlar\u0131 d\u0259yi\u015fdirilib. Bu, sevindirici hald\u0131r. Amma iki k\u0259nd var ki, onlar\u0131n adlar\u0131na da bax\u0131lmal\u0131d\u0131r. Bunlar K\u0259lb\u0259c\u0259rin Zardaxa\u00e7 v\u0259 T\u0259rt\u0259r rayonunun Qasapet k\u0259ndl\u0259ridir. D\u00fc\u015f\u00fcn\u00fcr\u0259m ki, bunlar\u0131n adlar\u0131na yenid\u0259n bax\u0131lmal\u0131d\u0131r. Onlar\u0131n adlar\u0131 niy\u0259 bel\u0259 qal\u0131b bilmir\u0259m\u201d, &#8211; deputat qeyd edib.<\/p>\n","protected":false},"excerpt":{"rendered":"<p>Milli M\u0259clisin deputat\u0131 Aqil M\u0259mm\u0259dov T\u0259rt\u0259r v\u0259 K\u0259lb\u0259c\u0259r rayonlar\u0131n\u0131n \u00fcmumilikd\u0259 iki k\u0259ndinin ad\u0131n\u0131n d\u0259yi\u015fdirilm\u0259sini t\u0259klif edib. \u201cReport\u201dun m\u0259lumat\u0131na g\u00f6r\u0259, deputat bu t\u0259klifl\u0259 parlamentd\u0259 \u201cAz\u0259rbaycan Respublikas\u0131n\u0131n A\u011fd\u0259r\u0259 rayonunun yarad\u0131lmas\u0131 haqq\u0131nda\u201d qanun layih\u0259sinin m\u00fczakir\u0259si zaman\u0131 \u00e7\u0131x\u0131\u015f edib. \u201cA\u011fd\u0259r\u0259 rayonuna daxil edil\u0259n k\u0259ndl\u0259rin adlar\u0131 d\u0259yi\u015fdirilib. Bu, sevindirici hald\u0131r. Amma iki k\u0259nd var ki, onlar\u0131n adlar\u0131na da bax\u0131lmal\u0131d\u0131r. Bunlar K\u0259lb\u0259c\u0259rin Zardaxa\u00e7 v\u0259 T\u0259rt\u0259r rayonunun Qasapet k\u0259ndl\u0259ridir. D\u00fc\u015f\u00fcn\u00fcr\u0259m ki, bunlar\u0131n adlar\u0131na yenid\u0259n bax\u0131lmal\u0131d\u0131r. Onlar\u0131n adlar\u0131 niy\u0259 bel\u0259 qal\u0131b bilmir\u0259m\u201d, &#8211; deputat qeyd edib.<\/p>\n","protected":false},"author":2,"featured_media":661740,"comment_status":"closed","ping_status":"closed","sticky":false,"template":"","format":"standard","meta":{"om_disable_all_campaigns":false,"_monsterinsights_skip_tracking":false,"_monsterinsights_sitenote_active":false,"_monsterinsights_sitenote_note":"","_monsterinsights_sitenote_category":0},"categories":[4],"tags":[],"aioseo_notices":[],"gutentor_comment":0,"rttpg_featured_image_url":{"full":["https:\/\/arantv.az\/wp-content\/uploads\/2023\/11\/bbfd9ef9-f4d2-3741-99a4-e7ba84e2ea6d_850.jpg",620,413,false],"landscape":["https:\/\/arantv.az\/wp-content\/uploads\/2023\/11\/bbfd9ef9-f4d2-3741-99a4-e7ba84e2ea6d_850.jpg",620,413,false],"portraits":["https:\/\/arantv.az\/wp-content\/uploads\/2023\/11\/bbfd9ef9-f4d2-3741-99a4-e7ba84e2ea6d_850.jpg",620,413,false],"thumbnail":["https:\/\/arantv.az\/wp-content\/uploads\/2023\/11\/bbfd9ef9-f4d2-3741-99a4-e7ba84e2ea6d_850-500x280.jpg",500,280,true],"medium":["https:\/\/arantv.az\/wp-content\/uploads\/2023\/11\/bbfd9ef9-f4d2-3741-99a4-e7ba84e2ea6d_850-548x365.jpg",548,365,true],"large":["https:\/\/arantv.az\/wp-content\/uploads\/2023\/11\/bbfd9ef9-f4d2-3741-99a4-e7ba84e2ea6d_850.jpg",620,413,false],"1536x1536":["https:\/\/arantv.az\/wp-content\/uploads\/2023\/11\/bbfd9ef9-f4d2-3741-99a4-e7ba84e2ea6d_850.jpg",620,413,false],"2048x2048":["https:\/\/arantv.az\/wp-content\/uploads\/2023\/11\/bbfd9ef9-f4d2-3741-99a4-e7ba84e2ea6d_850.jpg",620,413,false],"post-thumbnail":["https:\/\/arantv.az\/wp-content\/uploads\/2023\/11\/bbfd9ef9-f4d2-3741-99a4-e7ba84e2ea6d_850-240x172.jpg",240,172,true],"advps-thumb-one":["https:\/\/arantv.az\/wp-content\/uploads\/2023\/11\/bbfd9ef9-f4d2-3741-99a4-e7ba84e2ea6d_850.jpg",620,413,false]},"rttpg_author":{"display_name":"V\u00fcsal Rafiqo\u011flu","author_link":"https:\/\/arantv.az\/?author=2"},"rttpg_comment":0,"rttpg_category":"<a href=\"https:\/\/arantv.az\/?cat=4\" rel=\"category\">Siyas\u0259t<\/a>","rttpg_excerpt":"Milli M\u0259clisin deputat\u0131 Aqil M\u0259mm\u0259dov T\u0259rt\u0259r v\u0259 K\u0259lb\u0259c\u0259r rayonlar\u0131n\u0131n \u00fcmumilikd\u0259 iki k\u0259ndinin ad\u0131n\u0131n d\u0259yi\u015fdirilm\u0259sini t\u0259klif edib. \u201cReport\u201dun m\u0259lumat\u0131na g\u00f6r\u0259, deputat bu t\u0259klifl\u0259 parlamentd\u0259 \u201cAz\u0259rbaycan Respublikas\u0131n\u0131n A\u011fd\u0259r\u0259 rayonunun yarad\u0131lmas\u0131 haqq\u0131nda\u201d qanun layih\u0259sinin m\u00fczakir\u0259si zaman\u0131 \u00e7\u0131x\u0131\u015f edib. \u201cA\u011fd\u0259r\u0259 rayonuna daxil edil\u0259n k\u0259ndl\u0259rin adlar\u0131 d\u0259yi\u015fdirilib. Bu, sevindirici hald\u0131r. Amma iki k\u0259nd var ki, onlar\u0131n adlar\u0131na da bax\u0131lmal\u0131d\u0131r. Bunlar&hellip;","_links":{"self":[{"href":"https:\/\/arantv.az\/index.php?rest_route=\/wp\/v2\/posts\/661739"}],"collection":[{"href":"https:\/\/arantv.az\/index.php?rest_route=\/wp\/v2\/posts"}],"about":[{"href":"https:\/\/arantv.az\/index.php?rest_route=\/wp\/v2\/types\/post"}],"author":[{"embeddable":true,"href":"https:\/\/arantv.az\/index.php?rest_route=\/wp\/v2\/users\/2"}],"replies":[{"embeddable":true,"href":"https:\/\/arantv.az\/index.php?rest_route=%2Fwp%2Fv2%2Fcomments&post=661739"}],"version-history":[{"count":0,"href":"https:\/\/arantv.az\/index.php?rest_route=\/wp\/v2\/posts\/661739\/revisions"}],"wp:featuredmedia":[{"embeddable":true,"href":"https:\/\/arantv.az\/index.php?rest_route=\/wp\/v2\/media\/661740"}],"wp:attachment":[{"href":"https:\/\/arantv.az\/index.php?rest_route=%2Fwp%2Fv2%2Fmedia&parent=661739"}],"wp:term":[{"taxonomy":"category","embeddable":true,"href":"https:\/\/arantv.az\/index.php?rest_route=%2Fwp%2Fv2%2Fcategories&post=661739"},{"taxonomy":"post_tag","embeddable":true,"href":"https:\/\/arantv.az\/index.php?rest_route=%2Fwp%2Fv2%2Ftags&post=661739"}],"curies":[{"name":"wp","href":"https:\/\/api.w.org\/{rel}","templated":true}]}}