{"id":661787,"date":"2023-11-27T13:25:53","date_gmt":"2023-11-27T09:25:53","guid":{"rendered":"https:\/\/arantv.az\/?p=661787"},"modified":"2023-11-27T13:25:53","modified_gmt":"2023-11-27T09:25:53","slug":"gurcustanin-mudafi%c9%99-naziri-olk%c9%99miz%c9%99-s%c9%99f%c9%99r-edib","status":"publish","type":"post","link":"https:\/\/arantv.az\/?p=661787","title":{"rendered":"G\u00fcrc\u00fcstan\u0131n m\u00fcdafi\u0259 naziri \u00f6lk\u0259miz\u0259 s\u0259f\u0259r edib"},"content":{"rendered":"<p>Noyabr\u0131n 27-d\u0259 Bak\u0131da ke\u00e7iril\u0259c\u0259k Az\u0259rbaycan-G\u00fcrc\u00fcstan-T\u00fcrkiy\u0259 m\u00fcdafi\u0259 nazirl\u0259rinin 10-cu \u00fc\u00e7t\u0259r\u0259fli g\u00f6r\u00fc\u015f\u00fcnd\u0259 i\u015ftirak etm\u0259k \u00fc\u00e7\u00fcn G\u00fcrc\u00fcstan\u0131n m\u00fcdafi\u0259 naziri Cuan\u015fer Bur\u00e7uladze \u00f6lk\u0259miz\u0259 s\u0259f\u0259r edib.<\/p>\n<p>Bu bar\u0259d\u0259 M\u00fcdafi\u0259 Nazirliyi m\u0259lumat yay\u0131b.<\/p>\n<p>\u0130kit\u0259r\u0259fli v\u0259 \u00fc\u00e7t\u0259r\u0259fli formatda ke\u00e7iril\u0259c\u0259k g\u00f6r\u00fc\u015fl\u0259rd\u0259 birg\u0259 h\u0259rbi \u0259m\u0259kda\u015fl\u0131\u011f\u0131n inki\u015faf perspektivl\u0259ri v\u0259 regional t\u0259hl\u00fck\u0259sizliy\u0259 t\u00f6hf\u0259 ver\u0259c\u0259k bir s\u0131ra m\u0259s\u0259l\u0259l\u0259rin m\u00fczakir\u0259si n\u0259z\u0259rd\u0259 tutulub.<\/p>\n","protected":false},"excerpt":{"rendered":"<p>Noyabr\u0131n 27-d\u0259 Bak\u0131da ke\u00e7iril\u0259c\u0259k Az\u0259rbaycan-G\u00fcrc\u00fcstan-T\u00fcrkiy\u0259 m\u00fcdafi\u0259 nazirl\u0259rinin 10-cu \u00fc\u00e7t\u0259r\u0259fli g\u00f6r\u00fc\u015f\u00fcnd\u0259 i\u015ftirak etm\u0259k \u00fc\u00e7\u00fcn G\u00fcrc\u00fcstan\u0131n m\u00fcdafi\u0259 naziri Cuan\u015fer Bur\u00e7uladze \u00f6lk\u0259miz\u0259 s\u0259f\u0259r edib. Bu bar\u0259d\u0259 M\u00fcdafi\u0259 Nazirliyi m\u0259lumat yay\u0131b. \u0130kit\u0259r\u0259fli v\u0259 \u00fc\u00e7t\u0259r\u0259fli formatda ke\u00e7iril\u0259c\u0259k g\u00f6r\u00fc\u015fl\u0259rd\u0259 birg\u0259 h\u0259rbi \u0259m\u0259kda\u015fl\u0131\u011f\u0131n inki\u015faf perspektivl\u0259ri v\u0259 regional t\u0259hl\u00fck\u0259sizliy\u0259 t\u00f6hf\u0259 ver\u0259c\u0259k bir s\u0131ra m\u0259s\u0259l\u0259l\u0259rin m\u00fczakir\u0259si n\u0259z\u0259rd\u0259 tutulub.<\/p>\n","protected":false},"author":2,"featured_media":661788,"comment_status":"closed","ping_status":"closed","sticky":false,"template":"","format":"standard","meta":{"om_disable_all_campaigns":false,"_monsterinsights_skip_tracking":false,"_monsterinsights_sitenote_active":false,"_monsterinsights_sitenote_note":"","_monsterinsights_sitenote_category":0},"categories":[4],"tags":[],"aioseo_notices":[],"gutentor_comment":0,"rttpg_featured_image_url":{"full":["https:\/\/arantv.az\/wp-content\/uploads\/2023\/11\/16684355386172628430_1200x630.jpg",620,413,false],"landscape":["https:\/\/arantv.az\/wp-content\/uploads\/2023\/11\/16684355386172628430_1200x630.jpg",620,413,false],"portraits":["https:\/\/arantv.az\/wp-content\/uploads\/2023\/11\/16684355386172628430_1200x630.jpg",620,413,false],"thumbnail":["https:\/\/arantv.az\/wp-content\/uploads\/2023\/11\/16684355386172628430_1200x630-500x280.jpg",500,280,true],"medium":["https:\/\/arantv.az\/wp-content\/uploads\/2023\/11\/16684355386172628430_1200x630-548x365.jpg",548,365,true],"large":["https:\/\/arantv.az\/wp-content\/uploads\/2023\/11\/16684355386172628430_1200x630.jpg",620,413,false],"1536x1536":["https:\/\/arantv.az\/wp-content\/uploads\/2023\/11\/16684355386172628430_1200x630.jpg",620,413,false],"2048x2048":["https:\/\/arantv.az\/wp-content\/uploads\/2023\/11\/16684355386172628430_1200x630.jpg",620,413,false],"post-thumbnail":["https:\/\/arantv.az\/wp-content\/uploads\/2023\/11\/16684355386172628430_1200x630-240x172.jpg",240,172,true],"advps-thumb-one":["https:\/\/arantv.az\/wp-content\/uploads\/2023\/11\/16684355386172628430_1200x630.jpg",620,413,false]},"rttpg_author":{"display_name":"V\u00fcsal Rafiqo\u011flu","author_link":"https:\/\/arantv.az\/?author=2"},"rttpg_comment":0,"rttpg_category":"<a href=\"https:\/\/arantv.az\/?cat=4\" rel=\"category\">Siyas\u0259t<\/a>","rttpg_excerpt":"Noyabr\u0131n 27-d\u0259 Bak\u0131da ke\u00e7iril\u0259c\u0259k Az\u0259rbaycan-G\u00fcrc\u00fcstan-T\u00fcrkiy\u0259 m\u00fcdafi\u0259 nazirl\u0259rinin 10-cu \u00fc\u00e7t\u0259r\u0259fli g\u00f6r\u00fc\u015f\u00fcnd\u0259 i\u015ftirak etm\u0259k \u00fc\u00e7\u00fcn G\u00fcrc\u00fcstan\u0131n m\u00fcdafi\u0259 naziri Cuan\u015fer Bur\u00e7uladze \u00f6lk\u0259miz\u0259 s\u0259f\u0259r edib. Bu bar\u0259d\u0259 M\u00fcdafi\u0259 Nazirliyi m\u0259lumat yay\u0131b. \u0130kit\u0259r\u0259fli v\u0259 \u00fc\u00e7t\u0259r\u0259fli formatda ke\u00e7iril\u0259c\u0259k g\u00f6r\u00fc\u015fl\u0259rd\u0259 birg\u0259 h\u0259rbi \u0259m\u0259kda\u015fl\u0131\u011f\u0131n inki\u015faf perspektivl\u0259ri v\u0259 regional t\u0259hl\u00fck\u0259sizliy\u0259 t\u00f6hf\u0259 ver\u0259c\u0259k bir s\u0131ra m\u0259s\u0259l\u0259l\u0259rin m\u00fczakir\u0259si n\u0259z\u0259rd\u0259 tutulub.","_links":{"self":[{"href":"https:\/\/arantv.az\/index.php?rest_route=\/wp\/v2\/posts\/661787"}],"collection":[{"href":"https:\/\/arantv.az\/index.php?rest_route=\/wp\/v2\/posts"}],"about":[{"href":"https:\/\/arantv.az\/index.php?rest_route=\/wp\/v2\/types\/post"}],"author":[{"embeddable":true,"href":"https:\/\/arantv.az\/index.php?rest_route=\/wp\/v2\/users\/2"}],"replies":[{"embeddable":true,"href":"https:\/\/arantv.az\/index.php?rest_route=%2Fwp%2Fv2%2Fcomments&post=661787"}],"version-history":[{"count":0,"href":"https:\/\/arantv.az\/index.php?rest_route=\/wp\/v2\/posts\/661787\/revisions"}],"wp:featuredmedia":[{"embeddable":true,"href":"https:\/\/arantv.az\/index.php?rest_route=\/wp\/v2\/media\/661788"}],"wp:attachment":[{"href":"https:\/\/arantv.az\/index.php?rest_route=%2Fwp%2Fv2%2Fmedia&parent=661787"}],"wp:term":[{"taxonomy":"category","embeddable":true,"href":"https:\/\/arantv.az\/index.php?rest_route=%2Fwp%2Fv2%2Fcategories&post=661787"},{"taxonomy":"post_tag","embeddable":true,"href":"https:\/\/arantv.az\/index.php?rest_route=%2Fwp%2Fv2%2Ftags&post=661787"}],"curies":[{"name":"wp","href":"https:\/\/api.w.org\/{rel}","templated":true}]}}