{"id":661790,"date":"2023-11-27T13:35:53","date_gmt":"2023-11-27T09:35:53","guid":{"rendered":"https:\/\/arantv.az\/?p=661790"},"modified":"2023-11-27T13:35:53","modified_gmt":"2023-11-27T09:35:53","slug":"icma-erm%c9%99nistan-h%c9%99l%c9%99-d%c9%99-qondarma-ideologiyanin-girovu-olmaqda-davam-edir","status":"publish","type":"post","link":"https:\/\/arantv.az\/?p=661790","title":{"rendered":"\u0130cma: \u201cErm\u0259nistan h\u0259l\u0259 d\u0259 qondarma ideologiyan\u0131n girovu olmaqda davam edir\u201d"},"content":{"rendered":"<p>\u201cErm\u0259nistan h\u0259l\u0259 d\u0259 \u201cetnik m\u00fcst\u0259snal\u0131q\u201d kimi qondarma ideologiyan\u0131n girovu olmaqda davam edir\u201c.<\/p>\n<p>Bu bar\u0259d\u0259 Q\u0259rbi Az\u0259rbaycan \u0130cmas\u0131n\u0131n yayd\u0131\u011f\u0131 b\u0259yanatda qeyd olunub.<\/p>\n<p>Bildirilib ki, Erm\u0259nistan\u0131n Elm v\u0259 T\u0259hsil Nazirliyi t\u0259r\u0259find\u0259n Qaraba\u011fda \u201cerm\u0259ni m\u0259d\u0259ni irsi\u201dn\u0259 aid 140 abid\u0259nin siyah\u0131s\u0131n\u0131n t\u0259rtib olunmas\u0131 v\u0259 beyn\u0259lxalq m\u00fcst\u0259vid\u0259 i\u015f apar\u0131lmas\u0131 \u00fc\u00e7\u00fcn bu \u00f6lk\u0259nin Xarici \u0130\u015fl\u0259r Nazirliyin\u0259 t\u0259qdim edilm\u0259si bar\u0259d\u0259 m\u0259lumatlar yay\u0131l\u0131b:<\/p>\n<p>\u201cQ\u0259rbi Az\u0259rbaycan \u0130cmas\u0131n\u0131n Erm\u0259nistandak\u0131 Az\u0259rbaycan m\u0259d\u0259ni irsi il\u0259 ba\u011fl\u0131 f\u0259aliyy\u0259tini \u00f6z\u00fcn\u00fcn suverenliyin\u0259 v\u0259 \u0259razi b\u00fct\u00f6vl\u00fcy\u00fcn\u0259 q\u0259sd hesab ed\u0259n Erm\u0259nistan h\u00f6kum\u0259tinin bu add\u0131m\u0131 riyakarl\u0131q v\u0259 irq\u00e7ilikdir.<\/p>\n<p>Erm\u0259nistan h\u0259l\u0259 d\u0259 \u00f6z\u00fcn\u00fcn uydurdu\u011fu na\u011f\u0131llar al\u0259mind\u0259 ya\u015famaqda, \u201cetnik m\u00fcst\u0259snal\u0131q\u201d kimi qondarma ideologiyan\u0131n girovu olmaqda davam edir. Erm\u0259nistan r\u0259smil\u0259ri ba\u015fqa \u00f6lk\u0259nin \u0259razisind\u0259 olan m\u0259d\u0259ni irs\u0259 iddia etm\u0259kd\u0259ns\u0259, \u00f6z \u0259razisind\u0259 Az\u0259rbaycan xalq\u0131n\u0131n m\u0259d\u0259ni irsini m\u0259hv etm\u0259m\u0259li, onu ba\u015fqa xalqlar\u0131n ad\u0131na \u00e7\u0131xarmamal\u0131 v\u0259 UNESCO-nun fakt ara\u015fd\u0131r\u0131c\u0131 missiyas\u0131n\u0131n Erm\u0259nistana s\u0259f\u0259rin\u0259 imkan verm\u0259lidir\u201d.<\/p>\n","protected":false},"excerpt":{"rendered":"<p>\u201cErm\u0259nistan h\u0259l\u0259 d\u0259 \u201cetnik m\u00fcst\u0259snal\u0131q\u201d kimi qondarma ideologiyan\u0131n girovu olmaqda davam edir\u201c. Bu bar\u0259d\u0259 Q\u0259rbi Az\u0259rbaycan \u0130cmas\u0131n\u0131n yayd\u0131\u011f\u0131 b\u0259yanatda qeyd olunub. Bildirilib ki, Erm\u0259nistan\u0131n Elm v\u0259 T\u0259hsil Nazirliyi t\u0259r\u0259find\u0259n Qaraba\u011fda \u201cerm\u0259ni m\u0259d\u0259ni irsi\u201dn\u0259 aid 140 abid\u0259nin siyah\u0131s\u0131n\u0131n t\u0259rtib olunmas\u0131 v\u0259 beyn\u0259lxalq m\u00fcst\u0259vid\u0259 i\u015f apar\u0131lmas\u0131 \u00fc\u00e7\u00fcn bu \u00f6lk\u0259nin Xarici \u0130\u015fl\u0259r Nazirliyin\u0259 t\u0259qdim edilm\u0259si bar\u0259d\u0259 m\u0259lumatlar yay\u0131l\u0131b: \u201cQ\u0259rbi Az\u0259rbaycan \u0130cmas\u0131n\u0131n Erm\u0259nistandak\u0131 Az\u0259rbaycan m\u0259d\u0259ni irsi il\u0259 ba\u011fl\u0131 f\u0259aliyy\u0259tini \u00f6z\u00fcn\u00fcn suverenliyin\u0259 v\u0259 \u0259razi b\u00fct\u00f6vl\u00fcy\u00fcn\u0259 q\u0259sd hesab ed\u0259n Erm\u0259nistan h\u00f6kum\u0259tinin bu add\u0131m\u0131 riyakarl\u0131q v\u0259 irq\u00e7ilikdir. Erm\u0259nistan h\u0259l\u0259 d\u0259 \u00f6z\u00fcn\u00fcn uydurdu\u011fu na\u011f\u0131llar al\u0259mind\u0259 ya\u015famaqda, \u201cetnik m\u00fcst\u0259snal\u0131q\u201d&hellip;<\/p>\n","protected":false},"author":2,"featured_media":661791,"comment_status":"closed","ping_status":"closed","sticky":false,"template":"","format":"standard","meta":{"om_disable_all_campaigns":false,"_monsterinsights_skip_tracking":false,"_monsterinsights_sitenote_active":false,"_monsterinsights_sitenote_note":"","_monsterinsights_sitenote_category":0},"categories":[4],"tags":[],"aioseo_notices":[],"gutentor_comment":0,"rttpg_featured_image_url":{"full":["https:\/\/arantv.az\/wp-content\/uploads\/2023\/11\/a0a54f98-0d67-3545-a597-7365d7ef9900_850-1-2-1-1-2-2.jpg",620,413,false],"landscape":["https:\/\/arantv.az\/wp-content\/uploads\/2023\/11\/a0a54f98-0d67-3545-a597-7365d7ef9900_850-1-2-1-1-2-2.jpg",620,413,false],"portraits":["https:\/\/arantv.az\/wp-content\/uploads\/2023\/11\/a0a54f98-0d67-3545-a597-7365d7ef9900_850-1-2-1-1-2-2.jpg",620,413,false],"thumbnail":["https:\/\/arantv.az\/wp-content\/uploads\/2023\/11\/a0a54f98-0d67-3545-a597-7365d7ef9900_850-1-2-1-1-2-2-500x280.jpg",500,280,true],"medium":["https:\/\/arantv.az\/wp-content\/uploads\/2023\/11\/a0a54f98-0d67-3545-a597-7365d7ef9900_850-1-2-1-1-2-2-548x365.jpg",548,365,true],"large":["https:\/\/arantv.az\/wp-content\/uploads\/2023\/11\/a0a54f98-0d67-3545-a597-7365d7ef9900_850-1-2-1-1-2-2.jpg",620,413,false],"1536x1536":["https:\/\/arantv.az\/wp-content\/uploads\/2023\/11\/a0a54f98-0d67-3545-a597-7365d7ef9900_850-1-2-1-1-2-2.jpg",620,413,false],"2048x2048":["https:\/\/arantv.az\/wp-content\/uploads\/2023\/11\/a0a54f98-0d67-3545-a597-7365d7ef9900_850-1-2-1-1-2-2.jpg",620,413,false],"post-thumbnail":["https:\/\/arantv.az\/wp-content\/uploads\/2023\/11\/a0a54f98-0d67-3545-a597-7365d7ef9900_850-1-2-1-1-2-2-240x172.jpg",240,172,true],"advps-thumb-one":["https:\/\/arantv.az\/wp-content\/uploads\/2023\/11\/a0a54f98-0d67-3545-a597-7365d7ef9900_850-1-2-1-1-2-2.jpg",620,413,false]},"rttpg_author":{"display_name":"V\u00fcsal Rafiqo\u011flu","author_link":"https:\/\/arantv.az\/?author=2"},"rttpg_comment":0,"rttpg_category":"<a href=\"https:\/\/arantv.az\/?cat=4\" rel=\"category\">Siyas\u0259t<\/a>","rttpg_excerpt":"\u201cErm\u0259nistan h\u0259l\u0259 d\u0259 \u201cetnik m\u00fcst\u0259snal\u0131q\u201d kimi qondarma ideologiyan\u0131n girovu olmaqda davam edir\u201c. Bu bar\u0259d\u0259 Q\u0259rbi Az\u0259rbaycan \u0130cmas\u0131n\u0131n yayd\u0131\u011f\u0131 b\u0259yanatda qeyd olunub. Bildirilib ki, Erm\u0259nistan\u0131n Elm v\u0259 T\u0259hsil Nazirliyi t\u0259r\u0259find\u0259n Qaraba\u011fda \u201cerm\u0259ni m\u0259d\u0259ni irsi\u201dn\u0259 aid 140 abid\u0259nin siyah\u0131s\u0131n\u0131n t\u0259rtib olunmas\u0131 v\u0259 beyn\u0259lxalq m\u00fcst\u0259vid\u0259 i\u015f apar\u0131lmas\u0131 \u00fc\u00e7\u00fcn bu \u00f6lk\u0259nin Xarici \u0130\u015fl\u0259r Nazirliyin\u0259 t\u0259qdim edilm\u0259si bar\u0259d\u0259 m\u0259lumatlar yay\u0131l\u0131b:&hellip;","_links":{"self":[{"href":"https:\/\/arantv.az\/index.php?rest_route=\/wp\/v2\/posts\/661790"}],"collection":[{"href":"https:\/\/arantv.az\/index.php?rest_route=\/wp\/v2\/posts"}],"about":[{"href":"https:\/\/arantv.az\/index.php?rest_route=\/wp\/v2\/types\/post"}],"author":[{"embeddable":true,"href":"https:\/\/arantv.az\/index.php?rest_route=\/wp\/v2\/users\/2"}],"replies":[{"embeddable":true,"href":"https:\/\/arantv.az\/index.php?rest_route=%2Fwp%2Fv2%2Fcomments&post=661790"}],"version-history":[{"count":0,"href":"https:\/\/arantv.az\/index.php?rest_route=\/wp\/v2\/posts\/661790\/revisions"}],"wp:featuredmedia":[{"embeddable":true,"href":"https:\/\/arantv.az\/index.php?rest_route=\/wp\/v2\/media\/661791"}],"wp:attachment":[{"href":"https:\/\/arantv.az\/index.php?rest_route=%2Fwp%2Fv2%2Fmedia&parent=661790"}],"wp:term":[{"taxonomy":"category","embeddable":true,"href":"https:\/\/arantv.az\/index.php?rest_route=%2Fwp%2Fv2%2Fcategories&post=661790"},{"taxonomy":"post_tag","embeddable":true,"href":"https:\/\/arantv.az\/index.php?rest_route=%2Fwp%2Fv2%2Ftags&post=661790"}],"curies":[{"name":"wp","href":"https:\/\/api.w.org\/{rel}","templated":true}]}}