{"id":661794,"date":"2023-11-27T13:36:59","date_gmt":"2023-11-27T09:36:59","guid":{"rendered":"https:\/\/arantv.az\/?p=661794"},"modified":"2023-11-27T13:36:59","modified_gmt":"2023-11-27T09:36:59","slug":"nazirl%c9%99rl%c9%99-gorusm%c9%99k-ist%c9%99y%c9%99n-v%c9%99t%c9%99ndaslarin-n%c9%99z%c9%99rin%c9%99-q%c9%99bul-gunl%c9%99ri-aciqlandi-siyahi","status":"publish","type":"post","link":"https:\/\/arantv.az\/?p=661794","title":{"rendered":"Nazirl\u0259rl\u0259 g\u00f6r\u00fc\u015fm\u0259k ist\u0259y\u0259n v\u0259t\u0259nda\u015flar\u0131n N\u018fZ\u018fR\u0130N\u018f: Q\u0259bul g\u00fcnl\u0259ri A\u00c7IQLANDI &#8211; S\u0130YAHI"},"content":{"rendered":"<p>M\u0259rk\u0259zi icra hakimiyy\u0259ti orqanlar\u0131n\u0131n v\u0259 dig\u0259r idar\u0259etm\u0259 qurumlar\u0131n\u0131n r\u0259hb\u0259rl\u0259ri t\u0259r\u0259find\u0259n 2023-ci ilin dekabr ay\u0131nda \u015f\u0259h\u0259r v\u0259 rayonlarda ke\u00e7iril\u0259c\u0259k v\u0259t\u0259nda\u015flar\u0131n q\u0259bulu c\u0259dv\u0259li a\u00e7\u0131qlan\u0131b.<\/p>\n<p>v\u0259t\u0259nda\u015flar\u0131n q\u0259bulu m\u00fc\u0259yy\u0259n edilmi\u015f g\u00fcnl\u0259rd\u0259 saat 10:00-da ba\u015flay\u0131r.<\/p>\n<p>Q\u0259bul c\u0259dv\u0259lini t\u0259qdim edirik:<\/p>\n<table border=\"1\" cellspacing=\"0\" cellpadding=\"5\">\n<tbody>\n<tr>\n<td><strong>S\/n<\/strong><\/td>\n<td><strong>Q\u0259bulu ke\u00e7ir\u0259n m\u0259rk\u0259zi icra hakimiyy\u0259ti orqan\u0131 v\u0259 idar\u0259etm\u0259 qurumunun r\u0259hb\u0259ri<\/strong><\/td>\n<td><strong>Q\u0259bulun ke\u00e7irildiyi \u015f\u0259h\u0259r, rayon<\/strong><\/td>\n<td><strong>\u018fhat\u0259 olunan \u015f\u0259h\u0259r v\u0259 rayonlar<\/strong><\/td>\n<td><strong>Q\u0259bulun ke\u00e7irildiyi g\u00fcn<\/strong><\/td>\n<\/tr>\n<tr>\n<td>1.<\/td>\n<td>\u201cAz\u0259riqaz\u201d \u0130stehsalat Birliyinin ba\u015f direktoru Ruslan \u018fliyev<\/td>\n<td>Zaqatala<\/td>\n<td>Zaqatala, Balak\u0259n<\/td>\n<td>04<\/td>\n<\/tr>\n<tr>\n<td>2.<\/td>\n<td>Ba\u015f prokuror Kamran \u018fliyev<\/td>\n<td>Sumqay\u0131t<\/td>\n<td>Sumqay\u0131t, Qubadl\u0131<\/td>\n<td>05<\/td>\n<\/tr>\n<tr>\n<td>3.<\/td>\n<td>Daxili i\u015fl\u0259r naziri Vilay\u0259t Eyvazov<\/td>\n<td>Quba<\/td>\n<td>Quba, Qusar, Xa\u00e7maz, \u015eabran, Siy\u0259z\u0259n, X\u0131z\u0131<\/td>\n<td>07<\/td>\n<\/tr>\n<tr>\n<td>4.<\/td>\n<td>\u018fdliyy\u0259 naziri Fikr\u0259t M\u0259mm\u0259dov<\/td>\n<td>\u015eabran<\/td>\n<td>\u015eabran, Xa\u00e7maz, Siy\u0259z\u0259n<\/td>\n<td>07<\/td>\n<\/tr>\n<tr>\n<td>5.<\/td>\n<td>Az\u0259rbaycan Respublikas\u0131n\u0131n M\u0259hk\u0259m\u0259-H\u00fcquq \u015euras\u0131n\u0131n s\u0259dri \u0130nam K\u0259rimov<\/td>\n<td>\u015eirvan<\/td>\n<td>\u015eirvan, Hac\u0131qabul<\/td>\n<td>07<\/td>\n<\/tr>\n<tr>\n<td>6.<\/td>\n<td>F\u00f6vq\u0259lad\u0259 hallar naziri K\u0259mal\u0259ddin Heyd\u0259rov<\/td>\n<td>X\u0131z\u0131<\/td>\n<td>X\u0131z\u0131, Siy\u0259z\u0259n<\/td>\n<td>08<\/td>\n<\/tr>\n<tr>\n<td>7.<\/td>\n<td>M\u0259d\u0259niyy\u0259t naziri Adil K\u0259rimli<\/td>\n<td>Nax\u00e7\u0131van<\/td>\n<td>Nax\u00e7\u0131van, Bab\u0259k, Culfa, K\u0259ng\u0259rli, Ordubad, S\u0259d\u0259r\u0259k, \u015eahbuz, \u015e\u0259rur<\/td>\n<td>08<\/td>\n<\/tr>\n<tr>\n<td>8.<\/td>\n<td>G\u0259ncl\u0259r v\u0259 idman naziri F\u0259rid Qay\u0131bov<\/td>\n<td>A\u011fsu<\/td>\n<td>A\u011fsu, \u0130smay\u0131ll\u0131<\/td>\n<td>09<\/td>\n<\/tr>\n<tr>\n<td>9.<\/td>\n<td>\u201cAz\u0259ri\u015f\u0131q\u201d ASC-nin s\u0259dri V\u00fcqar \u018fhm\u0259dov<\/td>\n<td>L\u0259nk\u0259ran<\/td>\n<td>L\u0259nk\u0259ran, Astara<\/td>\n<td>11<\/td>\n<\/tr>\n<tr>\n<td>10.<\/td>\n<td>R\u0259q\u0259msal inki\u015faf v\u0259 n\u0259qliyyat naziri\u00a0R\u0259\u015fad N\u0259biyev<\/td>\n<td>Ab\u015feron<\/td>\n<td>Ab\u015feron, Sumqay\u0131t, Qubadl\u0131, Z\u0259ngilan<\/td>\n<td>14<\/td>\n<\/tr>\n<tr>\n<td>11.<\/td>\n<td>Dini Qurumlarla \u0130\u015f \u00fczr\u0259 D\u00f6vl\u0259t Komit\u0259sinin s\u0259dri M\u00fcbariz Qurbanl\u0131<\/td>\n<td>Sumqay\u0131t<\/td>\n<td>Sumqay\u0131t, Ab\u015feron, X\u0131z\u0131, Qubadl\u0131, Z\u0259ngilan<\/td>\n<td>14<\/td>\n<\/tr>\n<tr>\n<td>12.<\/td>\n<td>Energetika naziri P\u0259rviz \u015eahbazov<\/td>\n<td>\u015eabran<\/td>\n<td>\u015eabran, Xa\u00e7maz, Quba, Qusar, Siy\u0259z\u0259n, X\u0131z\u0131<\/td>\n<td>15<\/td>\n<\/tr>\n<tr>\n<td>13.<\/td>\n<td>S\u0259f\u0259rb\u0259rlik v\u0259 H\u0259rbi Xidm\u0259t\u0259 \u00c7a\u011f\u0131r\u0131\u015f \u00fczr\u0259 D\u00f6vl\u0259t Xidm\u0259tinin r\u0259isi M\u00fcrs\u0259l \u0130brahimov<\/td>\n<td>G\u00f6y\u00e7ay<\/td>\n<td>G\u00f6y\u00e7ay, Ming\u0259\u00e7evir, Yevlax, A\u011fda\u015f, K\u00fcrd\u0259mir, Ucar, Z\u0259rdab<\/td>\n<td>15<\/td>\n<\/tr>\n<tr>\n<td>14.<\/td>\n<td>Az\u0259rbaycan D\u00f6vl\u0259t Su Ehtiyatlar\u0131 Agentliyinin s\u0259dri Zaur Mikay\u0131lov<\/td>\n<td>Masall\u0131<\/td>\n<td>Masall\u0131, Yard\u0131ml\u0131<\/td>\n<td>15<\/td>\n<\/tr>\n<tr>\n<td>15.<\/td>\n<td>Qida T\u0259hl\u00fck\u0259sizliyi Agentliyinin s\u0259dri\u00a0Qo\u015fqar T\u0259hm\u0259zli<\/td>\n<td>\u015e\u0259mkir<\/td>\n<td>\u015e\u0259mkir, A\u011fstafa, Qazax, Tovuz, G\u0259d\u0259b\u0259y<\/td>\n<td>15<\/td>\n<\/tr>\n<tr>\n<td>16.<\/td>\n<td>\u201cAz\u0259ristilikt\u0259chizat\u201d ASC-nin s\u0259drinin v\u0259zif\u0259sini m\u00fcv\u0259qq\u0259ti icra ed\u0259n \u0130lham Mirz\u0259liyev<\/td>\n<td>Neft\u00e7ala<\/td>\n<td>Neft\u00e7ala, Salyan<\/td>\n<td>15<\/td>\n<\/tr>\n<tr>\n<td>17.<\/td>\n<td>D\u00f6vl\u0259t \u015e\u0259h\u0259rsalma v\u0259 Arxitektura Komit\u0259sinin s\u0259dri Anar Quliyev<\/td>\n<td>Siy\u0259z\u0259n<\/td>\n<td>Siy\u0259z\u0259n, X\u0131z\u0131<\/td>\n<td>19<\/td>\n<\/tr>\n<tr>\n<td>18.<\/td>\n<td>Qa\u00e7q\u0131nlar\u0131n v\u0259 M\u0259cburi K\u00f6\u00e7k\u00fcnl\u0259rin \u0130\u015fl\u0259ri \u00fczr\u0259 D\u00f6vl\u0259t Komit\u0259sinin s\u0259dri\u00a0R\u00f6v\u015f\u0259n Rzayev<\/td>\n<td>Bil\u0259suvar<\/td>\n<td>Bil\u0259suvar, C\u0259bray\u0131l<\/td>\n<td>21<\/td>\n<\/tr>\n<tr>\n<td>19.<\/td>\n<td>Ekologiya v\u0259 t\u0259bii s\u0259rv\u0259tl\u0259r naziri\u00a0Muxtar Babayev<\/td>\n<td>Qusar<\/td>\n<td>Qusar, Quba<\/td>\n<td>22<\/td>\n<\/tr>\n<tr>\n<td>20.<\/td>\n<td>Elm v\u0259 t\u0259hsil naziri Emin \u018fmrullayev<\/td>\n<td>A\u011fdam\u00a0(Quzanl\u0131 q\u0259s\u0259b\u0259si)<\/td>\n<td>A\u011fdam, A\u011fcab\u0259di, B\u0259rd\u0259, F\u00fczuli, T\u0259rt\u0259r, Xocal\u0131, Xocav\u0259nd, \u015eu\u015fa<\/td>\n<td>22<\/td>\n<\/tr>\n<tr>\n<td>21.<\/td>\n<td>\u018fm\u0259k v\u0259 \u0259halinin sosial m\u00fcdafi\u0259si naziri Sahil Babayev<\/td>\n<td>\u015eamax\u0131<\/td>\n<td>\u015eamax\u0131, \u0130smay\u0131ll\u0131<\/td>\n<td>22<\/td>\n<\/tr>\n<tr>\n<td>22.<\/td>\n<td>\u0130qtisadiyyat naziri Mikay\u0131l Cabbarov<\/td>\n<td>\u0130mi\u015fli<\/td>\n<td>\u0130mi\u015fli, Beyl\u0259qan, F\u00fczuli<\/td>\n<td>22<\/td>\n<\/tr>\n<tr>\n<td>23.<\/td>\n<td>K\u0259nd t\u0259s\u0259rr\u00fcfat\u0131 naziri M\u0259cnun M\u0259mm\u0259dov<\/td>\n<td>Salyan<\/td>\n<td>Salyan, Neft\u00e7ala<\/td>\n<td>22<\/td>\n<\/tr>\n<tr>\n<td>24.<\/td>\n<td>Ail\u0259, Qad\u0131n v\u0259 U\u015faq Probleml\u0259ri \u00fczr\u0259 D\u00f6vl\u0259t Komit\u0259sinin s\u0259dri Bahar Muradova<\/td>\n<td>L\u0259nk\u0259ran<\/td>\n<td>L\u0259nk\u0259ran, Astara, Lerik<\/td>\n<td>22<\/td>\n<\/tr>\n<tr>\n<td>25.<\/td>\n<td>Az\u0259rbaycan Avtomobil Yollar\u0131 D\u00f6vl\u0259t Agentliyinin s\u0259dri Saleh M\u0259mm\u0259dov<\/td>\n<td>Siy\u0259z\u0259n<\/td>\n<td>Siy\u0259z\u0259n, X\u0131z\u0131<\/td>\n<td>22<\/td>\n<\/tr>\n<tr>\n<td>26.<\/td>\n<td>\u0130cbari Tibbi S\u0131\u011forta \u00fczr\u0259 D\u00f6vl\u0259t Agentliyinin s\u0259dri Zaur \u018fliyev<\/td>\n<td>\u015eirvan<\/td>\n<td>\u015eirvan, Hac\u0131qabul<\/td>\n<td>22<\/td>\n<\/tr>\n<tr>\n<td>27.<\/td>\n<td>D\u00f6vl\u0259t G\u00f6mr\u00fck Komit\u0259sinin s\u0259dri\u00a0\u015eahin Ba\u011f\u0131rov<\/td>\n<td>Masall\u0131<\/td>\n<td>Masall\u0131, Yard\u0131ml\u0131<\/td>\n<td>26<\/td>\n<\/tr>\n<\/tbody>\n<\/table>\n","protected":false},"excerpt":{"rendered":"<p>M\u0259rk\u0259zi icra hakimiyy\u0259ti orqanlar\u0131n\u0131n v\u0259 dig\u0259r idar\u0259etm\u0259 qurumlar\u0131n\u0131n r\u0259hb\u0259rl\u0259ri t\u0259r\u0259find\u0259n 2023-ci ilin dekabr ay\u0131nda \u015f\u0259h\u0259r v\u0259 rayonlarda ke\u00e7iril\u0259c\u0259k v\u0259t\u0259nda\u015flar\u0131n q\u0259bulu c\u0259dv\u0259li a\u00e7\u0131qlan\u0131b. v\u0259t\u0259nda\u015flar\u0131n q\u0259bulu m\u00fc\u0259yy\u0259n edilmi\u015f g\u00fcnl\u0259rd\u0259 saat 10:00-da ba\u015flay\u0131r. Q\u0259bul c\u0259dv\u0259lini t\u0259qdim edirik: S\/n Q\u0259bulu ke\u00e7ir\u0259n m\u0259rk\u0259zi icra hakimiyy\u0259ti orqan\u0131 v\u0259 idar\u0259etm\u0259 qurumunun r\u0259hb\u0259ri Q\u0259bulun ke\u00e7irildiyi \u015f\u0259h\u0259r, rayon \u018fhat\u0259 olunan \u015f\u0259h\u0259r v\u0259 rayonlar Q\u0259bulun ke\u00e7irildiyi g\u00fcn 1. \u201cAz\u0259riqaz\u201d \u0130stehsalat Birliyinin ba\u015f direktoru Ruslan \u018fliyev Zaqatala Zaqatala, Balak\u0259n 04 2. Ba\u015f prokuror Kamran \u018fliyev Sumqay\u0131t Sumqay\u0131t, Qubadl\u0131 05 3. Daxili i\u015fl\u0259r naziri Vilay\u0259t Eyvazov Quba Quba, Qusar, Xa\u00e7maz, \u015eabran, Siy\u0259z\u0259n,&hellip;<\/p>\n","protected":false},"author":2,"featured_media":661795,"comment_status":"closed","ping_status":"closed","sticky":false,"template":"","format":"standard","meta":{"om_disable_all_campaigns":false,"_monsterinsights_skip_tracking":false,"_monsterinsights_sitenote_active":false,"_monsterinsights_sitenote_note":"","_monsterinsights_sitenote_category":0},"categories":[4],"tags":[],"aioseo_notices":[],"gutentor_comment":0,"rttpg_featured_image_url":{"full":["https:\/\/arantv.az\/wp-content\/uploads\/2023\/11\/54420d05-4262-39a0-a78a-00fb0122b14b_850.jpg",620,413,false],"landscape":["https:\/\/arantv.az\/wp-content\/uploads\/2023\/11\/54420d05-4262-39a0-a78a-00fb0122b14b_850.jpg",620,413,false],"portraits":["https:\/\/arantv.az\/wp-content\/uploads\/2023\/11\/54420d05-4262-39a0-a78a-00fb0122b14b_850.jpg",620,413,false],"thumbnail":["https:\/\/arantv.az\/wp-content\/uploads\/2023\/11\/54420d05-4262-39a0-a78a-00fb0122b14b_850-500x280.jpg",500,280,true],"medium":["https:\/\/arantv.az\/wp-content\/uploads\/2023\/11\/54420d05-4262-39a0-a78a-00fb0122b14b_850-548x365.jpg",548,365,true],"large":["https:\/\/arantv.az\/wp-content\/uploads\/2023\/11\/54420d05-4262-39a0-a78a-00fb0122b14b_850.jpg",620,413,false],"1536x1536":["https:\/\/arantv.az\/wp-content\/uploads\/2023\/11\/54420d05-4262-39a0-a78a-00fb0122b14b_850.jpg",620,413,false],"2048x2048":["https:\/\/arantv.az\/wp-content\/uploads\/2023\/11\/54420d05-4262-39a0-a78a-00fb0122b14b_850.jpg",620,413,false],"post-thumbnail":["https:\/\/arantv.az\/wp-content\/uploads\/2023\/11\/54420d05-4262-39a0-a78a-00fb0122b14b_850-240x172.jpg",240,172,true],"advps-thumb-one":["https:\/\/arantv.az\/wp-content\/uploads\/2023\/11\/54420d05-4262-39a0-a78a-00fb0122b14b_850.jpg",620,413,false]},"rttpg_author":{"display_name":"V\u00fcsal Rafiqo\u011flu","author_link":"https:\/\/arantv.az\/?author=2"},"rttpg_comment":0,"rttpg_category":"<a href=\"https:\/\/arantv.az\/?cat=4\" rel=\"category\">Siyas\u0259t<\/a>","rttpg_excerpt":"M\u0259rk\u0259zi icra hakimiyy\u0259ti orqanlar\u0131n\u0131n v\u0259 dig\u0259r idar\u0259etm\u0259 qurumlar\u0131n\u0131n r\u0259hb\u0259rl\u0259ri t\u0259r\u0259find\u0259n 2023-ci ilin dekabr ay\u0131nda \u015f\u0259h\u0259r v\u0259 rayonlarda ke\u00e7iril\u0259c\u0259k v\u0259t\u0259nda\u015flar\u0131n q\u0259bulu c\u0259dv\u0259li a\u00e7\u0131qlan\u0131b. v\u0259t\u0259nda\u015flar\u0131n q\u0259bulu m\u00fc\u0259yy\u0259n edilmi\u015f g\u00fcnl\u0259rd\u0259 saat 10:00-da ba\u015flay\u0131r. Q\u0259bul c\u0259dv\u0259lini t\u0259qdim edirik: S\/n Q\u0259bulu ke\u00e7ir\u0259n m\u0259rk\u0259zi icra hakimiyy\u0259ti orqan\u0131 v\u0259 idar\u0259etm\u0259 qurumunun r\u0259hb\u0259ri Q\u0259bulun ke\u00e7irildiyi \u015f\u0259h\u0259r, rayon \u018fhat\u0259 olunan \u015f\u0259h\u0259r v\u0259 rayonlar Q\u0259bulun&hellip;","_links":{"self":[{"href":"https:\/\/arantv.az\/index.php?rest_route=\/wp\/v2\/posts\/661794"}],"collection":[{"href":"https:\/\/arantv.az\/index.php?rest_route=\/wp\/v2\/posts"}],"about":[{"href":"https:\/\/arantv.az\/index.php?rest_route=\/wp\/v2\/types\/post"}],"author":[{"embeddable":true,"href":"https:\/\/arantv.az\/index.php?rest_route=\/wp\/v2\/users\/2"}],"replies":[{"embeddable":true,"href":"https:\/\/arantv.az\/index.php?rest_route=%2Fwp%2Fv2%2Fcomments&post=661794"}],"version-history":[{"count":0,"href":"https:\/\/arantv.az\/index.php?rest_route=\/wp\/v2\/posts\/661794\/revisions"}],"wp:featuredmedia":[{"embeddable":true,"href":"https:\/\/arantv.az\/index.php?rest_route=\/wp\/v2\/media\/661795"}],"wp:attachment":[{"href":"https:\/\/arantv.az\/index.php?rest_route=%2Fwp%2Fv2%2Fmedia&parent=661794"}],"wp:term":[{"taxonomy":"category","embeddable":true,"href":"https:\/\/arantv.az\/index.php?rest_route=%2Fwp%2Fv2%2Fcategories&post=661794"},{"taxonomy":"post_tag","embeddable":true,"href":"https:\/\/arantv.az\/index.php?rest_route=%2Fwp%2Fv2%2Ftags&post=661794"}],"curies":[{"name":"wp","href":"https:\/\/api.w.org\/{rel}","templated":true}]}}