{"id":661797,"date":"2023-11-27T13:48:21","date_gmt":"2023-11-27T09:48:21","guid":{"rendered":"https:\/\/arantv.az\/?p=661797"},"modified":"2023-11-27T13:48:21","modified_gmt":"2023-11-27T09:48:21","slug":"doyulduyu-deyil%c9%99n-m%c9%99kt%c9%99blinin-anasi-direktor-maddiyyatla-h%c9%99ll-etm%c9%99k-ist%c9%99yirdi-video","status":"publish","type":"post","link":"https:\/\/arantv.az\/?p=661797","title":{"rendered":"D\u00f6y\u00fcld\u00fcy\u00fc deyil\u0259n m\u0259kt\u0259blinin anas\u0131: \u201cDirektor maddiyyatla h\u0259ll etm\u0259k ist\u0259yirdi\u201d &#8211; V\u0130DEO"},"content":{"rendered":"<article class=\"news\">\n<div class=\"news-inner\">\n<p>\u00d6t\u0259n g\u00fcn sosial \u015f\u0259b\u0259k\u0259l\u0259rd\u0259 m\u0259kt\u0259blinin d\u00f6y\u00fclm\u0259si il\u0259 ba\u011fl\u0131 g\u00f6r\u00fcnt\u00fcl\u0259r yay\u0131l\u0131b. \u015eagirdin anas\u0131 V\u00fcsal\u0259 Quliyeva m\u0259s\u0259l\u0259 il\u0259 ba\u011fl\u0131 ATV-nin \u201cX\u0259b\u0259rin olsun\u201d proqram\u0131n\u0131n canl\u0131 efirin\u0259 qo\u015fulub.<\/p>\n<p>V.Quliyeva \u00e7ox pis oldu\u011funu, \u00f6vlad\u0131n\u0131n m\u00fcalic\u0259 ald\u0131\u011f\u0131n\u0131 bildirib:<\/p>\n<p>\u201cHaz\u0131rda \u00f6vlad\u0131m m\u00fcalic\u0259 al\u0131r. 7 noyabrdan m\u0259lum m\u0259s\u0259l\u0259y\u0259 g\u00f6r\u0259 \u00f6vlad\u0131m d\u0259rsl\u0259rd\u0259 i\u015ftirak etmir. Ana kimi m\u0259n\u0259 t\u0259sir ed\u0259n odur ki, \u0259n az\u0131, biz yolda ged\u0259rk\u0259n y\u0131x\u0131lan insan\u0131 g\u00f6r\u00fcr\u00fcks\u0259, \u0259lind\u0259n tutub ona yard\u0131m edirik. Bu bizim insanl\u0131q borcumuzdur. Deyirl\u0259r, u\u015faqlar toqqu\u015fublar. Kamera g\u00f6r\u00fcnt\u00fcs\u00fc t\u0259l\u0259b etmi\u015fdim. M\u00fcst\u0259ntiq il\u0259 m\u0259kt\u0259b\u0259 baxark\u0259n akt zal\u0131nda kameran\u0131n olmad\u0131\u011f\u0131n\u0131 g\u00f6rd\u00fck. U\u015fa\u011f\u0131n ba\u015f\u0131 d\u0259y\u0259nd\u0259n sonra m\u00fc\u0259llim onu sinf\u0259 g\u00f6nd\u0259rib. Sinif yolda\u015flar\u0131na da deyib ki, salfeti ya\u015f edib onun aln\u0131na qoyun\u201d.<\/p>\n<p>V.Quliyeva \u0259lav\u0259 edib ki, m\u0259kt\u0259bin direktoru onunla \u201canla\u015fmaq\u201d ist\u0259yir:<\/p>\n<p>\u201cM\u0259n onu da ba\u015fa d\u00fc\u015f\u00fcr\u0259m, ist\u0259yir ki, i\u015fin\u0259 ziyan g\u0259lm\u0259sin. Q\u0131sacas\u0131, \u00f6z aram\u0131zda maddiyyatla h\u0259ll el\u0259m\u0259k ist\u0259yirdi. Amma m\u0259nim \u00f6vlad\u0131m m\u0259n\u0259 h\u0259r \u015feyd\u0259n d\u0259y\u0259rlidir. Burada m\u0259n\u0259 qaranl\u0131q olan m\u0259qamlar var. M\u0259s\u0259l\u0259 ara\u015fd\u0131r\u0131ls\u0131n, g\u00fcnahkarlar c\u0259zalar\u0131n\u0131 als\u0131nlar\u201d.<\/p>\n<p>Daha \u0259trafl\u0131 videoda:<\/p>\n<div><iframe loading=\"lazy\" title=\"YouTube video player\" src=\"https:\/\/www.youtube.com\/embed\/UvImfRrCsqU?si=OgtrFNiC9T-BZdzs\" width=\"560\" height=\"315\" frameborder=\"0\" allowfullscreen=\"allowfullscreen\" data-mce-fragment=\"1\"><\/iframe><\/div>\n<\/div>\n<\/article>\n<section class=\"related-news\">\n<div class=\"l-center\"><\/div>\n<\/section>\n","protected":false},"excerpt":{"rendered":"<p>\u00d6t\u0259n g\u00fcn sosial \u015f\u0259b\u0259k\u0259l\u0259rd\u0259 m\u0259kt\u0259blinin d\u00f6y\u00fclm\u0259si il\u0259 ba\u011fl\u0131 g\u00f6r\u00fcnt\u00fcl\u0259r yay\u0131l\u0131b. \u015eagirdin anas\u0131 V\u00fcsal\u0259 Quliyeva m\u0259s\u0259l\u0259 il\u0259 ba\u011fl\u0131 ATV-nin \u201cX\u0259b\u0259rin olsun\u201d proqram\u0131n\u0131n canl\u0131 efirin\u0259 qo\u015fulub. V.Quliyeva \u00e7ox pis oldu\u011funu, \u00f6vlad\u0131n\u0131n m\u00fcalic\u0259 ald\u0131\u011f\u0131n\u0131 bildirib: \u201cHaz\u0131rda \u00f6vlad\u0131m m\u00fcalic\u0259 al\u0131r. 7 noyabrdan m\u0259lum m\u0259s\u0259l\u0259y\u0259 g\u00f6r\u0259 \u00f6vlad\u0131m d\u0259rsl\u0259rd\u0259 i\u015ftirak etmir. Ana kimi m\u0259n\u0259 t\u0259sir ed\u0259n odur ki, \u0259n az\u0131, biz yolda ged\u0259rk\u0259n y\u0131x\u0131lan insan\u0131 g\u00f6r\u00fcr\u00fcks\u0259, \u0259lind\u0259n tutub ona yard\u0131m edirik. Bu bizim insanl\u0131q borcumuzdur. Deyirl\u0259r, u\u015faqlar toqqu\u015fublar. Kamera g\u00f6r\u00fcnt\u00fcs\u00fc t\u0259l\u0259b etmi\u015fdim. M\u00fcst\u0259ntiq il\u0259 m\u0259kt\u0259b\u0259 baxark\u0259n akt zal\u0131nda kameran\u0131n olmad\u0131\u011f\u0131n\u0131 g\u00f6rd\u00fck. U\u015fa\u011f\u0131n ba\u015f\u0131 d\u0259y\u0259nd\u0259n sonra m\u00fc\u0259llim&hellip;<\/p>\n","protected":false},"author":2,"featured_media":661798,"comment_status":"closed","ping_status":"closed","sticky":false,"template":"","format":"standard","meta":{"om_disable_all_campaigns":false,"_monsterinsights_skip_tracking":false,"_monsterinsights_sitenote_active":false,"_monsterinsights_sitenote_note":"","_monsterinsights_sitenote_category":0},"categories":[1],"tags":[],"aioseo_notices":[],"gutentor_comment":0,"rttpg_featured_image_url":{"full":["https:\/\/arantv.az\/wp-content\/uploads\/2023\/11\/FotoJet-2023-11-26T213602.150-1.jpg",620,413,false],"landscape":["https:\/\/arantv.az\/wp-content\/uploads\/2023\/11\/FotoJet-2023-11-26T213602.150-1.jpg",620,413,false],"portraits":["https:\/\/arantv.az\/wp-content\/uploads\/2023\/11\/FotoJet-2023-11-26T213602.150-1.jpg",620,413,false],"thumbnail":["https:\/\/arantv.az\/wp-content\/uploads\/2023\/11\/FotoJet-2023-11-26T213602.150-1-500x280.jpg",500,280,true],"medium":["https:\/\/arantv.az\/wp-content\/uploads\/2023\/11\/FotoJet-2023-11-26T213602.150-1-548x365.jpg",548,365,true],"large":["https:\/\/arantv.az\/wp-content\/uploads\/2023\/11\/FotoJet-2023-11-26T213602.150-1.jpg",620,413,false],"1536x1536":["https:\/\/arantv.az\/wp-content\/uploads\/2023\/11\/FotoJet-2023-11-26T213602.150-1.jpg",620,413,false],"2048x2048":["https:\/\/arantv.az\/wp-content\/uploads\/2023\/11\/FotoJet-2023-11-26T213602.150-1.jpg",620,413,false],"post-thumbnail":["https:\/\/arantv.az\/wp-content\/uploads\/2023\/11\/FotoJet-2023-11-26T213602.150-1-240x172.jpg",240,172,true],"advps-thumb-one":["https:\/\/arantv.az\/wp-content\/uploads\/2023\/11\/FotoJet-2023-11-26T213602.150-1.jpg",620,413,false]},"rttpg_author":{"display_name":"V\u00fcsal Rafiqo\u011flu","author_link":"https:\/\/arantv.az\/?author=2"},"rttpg_comment":0,"rttpg_category":"<a href=\"https:\/\/arantv.az\/?cat=1\" rel=\"category\">C\u0259miyy\u0259t<\/a>","rttpg_excerpt":"\u00d6t\u0259n g\u00fcn sosial \u015f\u0259b\u0259k\u0259l\u0259rd\u0259 m\u0259kt\u0259blinin d\u00f6y\u00fclm\u0259si il\u0259 ba\u011fl\u0131 g\u00f6r\u00fcnt\u00fcl\u0259r yay\u0131l\u0131b. \u015eagirdin anas\u0131 V\u00fcsal\u0259 Quliyeva m\u0259s\u0259l\u0259 il\u0259 ba\u011fl\u0131 ATV-nin \u201cX\u0259b\u0259rin olsun\u201d proqram\u0131n\u0131n canl\u0131 efirin\u0259 qo\u015fulub. V.Quliyeva \u00e7ox pis oldu\u011funu, \u00f6vlad\u0131n\u0131n m\u00fcalic\u0259 ald\u0131\u011f\u0131n\u0131 bildirib: \u201cHaz\u0131rda \u00f6vlad\u0131m m\u00fcalic\u0259 al\u0131r. 7 noyabrdan m\u0259lum m\u0259s\u0259l\u0259y\u0259 g\u00f6r\u0259 \u00f6vlad\u0131m d\u0259rsl\u0259rd\u0259 i\u015ftirak etmir. Ana kimi m\u0259n\u0259 t\u0259sir ed\u0259n odur ki, \u0259n az\u0131, biz&hellip;","_links":{"self":[{"href":"https:\/\/arantv.az\/index.php?rest_route=\/wp\/v2\/posts\/661797"}],"collection":[{"href":"https:\/\/arantv.az\/index.php?rest_route=\/wp\/v2\/posts"}],"about":[{"href":"https:\/\/arantv.az\/index.php?rest_route=\/wp\/v2\/types\/post"}],"author":[{"embeddable":true,"href":"https:\/\/arantv.az\/index.php?rest_route=\/wp\/v2\/users\/2"}],"replies":[{"embeddable":true,"href":"https:\/\/arantv.az\/index.php?rest_route=%2Fwp%2Fv2%2Fcomments&post=661797"}],"version-history":[{"count":0,"href":"https:\/\/arantv.az\/index.php?rest_route=\/wp\/v2\/posts\/661797\/revisions"}],"wp:featuredmedia":[{"embeddable":true,"href":"https:\/\/arantv.az\/index.php?rest_route=\/wp\/v2\/media\/661798"}],"wp:attachment":[{"href":"https:\/\/arantv.az\/index.php?rest_route=%2Fwp%2Fv2%2Fmedia&parent=661797"}],"wp:term":[{"taxonomy":"category","embeddable":true,"href":"https:\/\/arantv.az\/index.php?rest_route=%2Fwp%2Fv2%2Fcategories&post=661797"},{"taxonomy":"post_tag","embeddable":true,"href":"https:\/\/arantv.az\/index.php?rest_route=%2Fwp%2Fv2%2Ftags&post=661797"}],"curies":[{"name":"wp","href":"https:\/\/api.w.org\/{rel}","templated":true}]}}