{"id":661800,"date":"2023-11-27T13:50:01","date_gmt":"2023-11-27T09:50:01","guid":{"rendered":"https:\/\/arantv.az\/?p=661800"},"modified":"2023-11-27T13:50:01","modified_gmt":"2023-11-27T09:50:01","slug":"h%c9%99rbi-prokurorluq-ulu-ond%c9%99r-heyd%c9%99r-%c9%99liyevin-100-illik-yubileyi-il%c9%99-bagli-q%c9%99b%c9%99l%c9%99d%c9%99-t%c9%99dbir-kecirib","status":"publish","type":"post","link":"https:\/\/arantv.az\/?p=661800","title":{"rendered":"H\u0259rbi Prokurorluq Ulu \u00d6nd\u0259r Heyd\u0259r \u018fliyevin 100 illik yubileyi il\u0259 ba\u011fl\u0131 Q\u0259b\u0259l\u0259d\u0259 t\u0259dbir ke\u00e7irib"},"content":{"rendered":"<div class=\"text-content\" data-id=\"\" data-url=\"\">\n<p><strong>H\u0259rbi Prokurorluq Ulu \u00d6nd\u0259r Heyd\u0259r \u018fliyevin 100 illik yubileyi il\u0259 ba\u011fl\u0131 silsil\u0259 t\u0259dbirl\u0259ri davam etdirir.<\/strong><\/p>\n<p>H\u0259rbi Prokurorluqdan\u00a0<strong>Musavat.com<\/strong>-a veril\u0259n m\u0259lumata g\u00f6r\u0259, Q\u0259b\u0259l\u0259 Rayon \u0130cra Hakimiyy\u0259tinin r\u0259hb\u0259rliyi v\u0259 ictimaiyy\u0259ti, Daxili \u0130\u015fl\u0259r Nazirliyinin Daxili Qo\u015funlar\u0131n\u0131n h\u0259rbi qulluq\u00e7ular\u0131 il\u0259 birg\u0259 ke\u00e7iril\u0259n t\u0259dbird\u0259n \u0259vv\u0259lc\u0259 \u00dcmummilli Lider Heyd\u0259r \u018fliyevin abid\u0259sinin v\u0259 \u015f\u0259hidl\u0259r gu\u015f\u0259sinin \u00f6n\u00fcn\u0259 g\u00fcl d\u0259st\u0259l\u0259ri d\u00fcz\u00fcl\u0259r\u0259k n\u0259h\u0259ng tarixi \u015f\u0259xsiyy\u0259tin v\u0259 q\u0259hr\u0259man v\u0259t\u0259n \u00f6vladlar\u0131n\u0131n ruhlar\u0131na ehtiram ifad\u0259 olunub.<\/p>\n<p>Ulu \u00d6nd\u0259r Heyd\u0259r \u018fliyevin v\u0259 b\u00fct\u00fcn \u015f\u0259hidl\u0259rin \u0259ziz v\u0259 unudulmaz xatir\u0259l\u0259ri bir d\u0259qiq\u0259lik s\u00fckutla an\u0131l\u0131b, Allahdan onlara r\u0259hm\u0259t, qazil\u0259r\u0259 \u015f\u0259fa arzulan\u0131b.<\/p>\n<p>Az\u0259rbaycan Respublikas\u0131n\u0131n D\u00f6vl\u0259t Himni s\u0259sl\u0259ndirilib.<\/p>\n<p>T\u0259dbird\u0259 Ba\u015f prokurorun m\u00fcavini &#8211; H\u0259rbi prokuror, \u0259dliyy\u0259 general-leytenant\u0131 Xanlar V\u0259liyev, Q\u0259b\u0259l\u0259 Rayon \u0130cra Hakimiyy\u0259tinin ba\u015f\u00e7\u0131s\u0131 S\u0259buhi Abdullayev v\u0259 dig\u0259r \u00e7\u0131x\u0131\u015f\u00e7\u0131lar m\u00fcst\u0259qillik yolumuzu v\u0259 firavan istiqbal\u0131m\u0131z\u0131 nurland\u0131ran, xalq\u0131n\u0131 zaman\u0131n s\u0259rt s\u0131naqlar\u0131ndan y\u00fcks\u0259k m\u0259har\u0259tl\u0259 \u00e7\u0131xararaq, h\u0259r bir \u00e7\u0259tin v\u0259ziyy\u0259td\u0259n \u0259n d\u00fczg\u00fcn \u00e7\u0131x\u0131\u015f yolu tapan n\u0259h\u0259ng tarixi \u015f\u0259xsiyy\u0259t Heyd\u0259r \u018fliyevin \u015f\u0259r\u0259fli v\u0259 m\u0259nal\u0131 \u00f6mr\u00fcnd\u0259n, \u00e7ox\u015fax\u0259li v\u0259 z\u0259ngin f\u0259aliyy\u0259tind\u0259n, d\u00f6vl\u0259timizin q\u00fcdr\u0259tl\u0259nm\u0259sind\u0259, xalq\u0131n rifah\u0131n\u0131n y\u00fcks\u0259ldilm\u0259sind\u0259 misilsiz xidm\u0259tl\u0259rind\u0259n v\u0259 d\u00fcnya siyas\u0259tin\u0259 verdiyi t\u00f6hf\u0259l\u0259rd\u0259n b\u0259hs edibl\u0259r.<\/p>\n<p>\u00c7\u0131x\u0131\u015f\u00e7\u0131lar, eyni zamanda, xalq\u0131m\u0131z\u0131n b\u00f6y\u00fck o\u011flu Heyd\u0259r \u018fliyevin Az\u0259rbaycan\u0131n parlaq g\u0259l\u0259c\u0259yin\u0259 hesablanm\u0131\u015f m\u00fck\u0259mm\u0259l siyas\u0259tini yeni m\u00fcst\u0259vid\u0259 d\u00f6vr\u00fcn t\u0259l\u0259bl\u0259rin\u0259 uy\u011fun \u015f\u0259kild\u0259 u\u011furla davam etdir\u0259n Prezident \u0130lham \u018fliyevin r\u0259hb\u0259rliyi il\u0259 son 20 il m\u00fcdd\u0259t \u0259rzind\u0259 \u00f6lk\u0259mizd\u0259 g\u00f6r\u00fclm\u00fc\u015f misilsiz i\u015fl\u0259rd\u0259n, h\u0259yata ke\u00e7irilmi\u015f h\u0259rt\u0259r\u0259fli k\u00f6kl\u00fc islahatlardan, b\u00fct\u00fcn sah\u0259l\u0259rd\u0259 \u0259ld\u0259 olunmu\u015f m\u00fcst\u0259sna u\u011furlardan, o c\u00fcml\u0259d\u0259n q\u00fcdr\u0259tli Silahl\u0131 Q\u00fcvv\u0259l\u0259rimizin formala\u015fmas\u0131ndan, bu u\u011furlar\u0131n qazan\u0131lmas\u0131nda Birinci vitse-prezident Mehriban xan\u0131m \u018fliyevan\u0131n d\u0259st\u0259yind\u0259n v\u0259 xalq\u0131n m\u00fcdrikliyind\u0259n dan\u0131\u015f\u0131blar.<\/p>\n<p>T\u0259dbird\u0259, h\u0259m\u00e7inin M\u00fcz\u0259ff\u0259r Ali Ba\u015f Komandan\u0131n r\u0259hb\u0259rliyi il\u0259 qazan\u0131lm\u0131\u015f tarixi q\u0259l\u0259b\u0259 v\u0259 u\u011furlu antiterror t\u0259dbirl\u0259ri x\u00fcsusi vur\u011fulanmaqla, V\u0259t\u0259n m\u00fcharib\u0259sind\u0259n, o d\u00f6vrl\u0259rd\u0259 prokurorlu\u011fun, h\u0259m\u00e7inin h\u0259rbi prokurorlu\u011fun Silahl\u0131 Q\u00fcvv\u0259l\u0259rl\u0259, o c\u00fcml\u0259d\u0259n Daxili Qo\u015funlarla, el\u0259c\u0259 d\u0259 aidiyy\u0259ti rayonlar\u0131n r\u0259hb\u0259rlikl\u0259ri il\u0259 qar\u015f\u0131l\u0131ql\u0131 s\u0259m\u0259r\u0259li f\u0259aliyy\u0259tind\u0259n b\u0259hs edilib, iftixar dolu g\u00fcnl\u0259rin unudulmaz t\u0259\u0259ss\u00fcratlar\u0131 xat\u0131rlan\u0131b.<\/p>\n<p>Sonra h\u0259rbi qulluq\u00e7ular\u0131n qay\u011f\u0131 v\u0259 probleml\u0259ri il\u0259 maraqlan\u0131l\u0131b, onlarla h\u00fcquqi maarifl\u0259ndirici m\u00f6vzularda s\u00f6hb\u0259tl\u0259r apar\u0131l\u0131b, xidm\u0259td\u0259 f\u0259rql\u0259n\u0259n h\u0259rbi qulluq\u00e7ular qiym\u0259tli h\u0259diyy\u0259l\u0259rl\u0259 m\u00fckafatland\u0131r\u0131l\u0131blar.<\/p>\n<\/div>\n<div>\n<div class=\"form-group\"><img class=\"img-responsive\" src=\"https:\/\/cdn.musavat.com\/news\/images\/NigarJafarli\/NewFolder\/17010752235324146172_1200x630.jpg\" \/><\/div>\n<div class=\"form-group\"><img class=\"img-responsive\" src=\"https:\/\/cdn.musavat.com\/news\/images\/NigarJafarli\/NewFolder\/1701075222112988539_1200x630.jpg\" \/><\/div>\n<div class=\"form-group\"><img class=\"img-responsive\" src=\"https:\/\/cdn.musavat.com\/news\/images\/NigarJafarli\/NewFolder\/17010752223403517195_1200x630.jpg\" \/><\/div>\n<div class=\"form-group\"><img class=\"img-responsive\" src=\"https:\/\/cdn.musavat.com\/news\/images\/NigarJafarli\/NewFolder\/17010752226366724700_1200x630.jpg\" \/><\/div>\n<div class=\"form-group\"><img class=\"img-responsive\" src=\"https:\/\/cdn.musavat.com\/news\/images\/NigarJafarli\/NewFolder\/17010752215963936942_1200x630.jpg\" \/><\/div>\n<div class=\"form-group\"><img class=\"img-responsive\" src=\"https:\/\/cdn.musavat.com\/news\/images\/NigarJafarli\/NewFolder\/1701075221548237016_1200x630.jpg\" \/><\/div>\n<div class=\"form-group\"><img class=\"img-responsive\" src=\"https:\/\/cdn.musavat.com\/news\/images\/NigarJafarli\/NewFolder\/1701075221529346258_1200x630.jpg\" \/><\/div>\n<div class=\"form-group\"><img class=\"img-responsive\" src=\"https:\/\/cdn.musavat.com\/news\/images\/NigarJafarli\/NewFolder\/17010752204381154471_1200x630.jpg\" \/><\/div>\n<div class=\"form-group\"><img class=\"img-responsive\" src=\"https:\/\/cdn.musavat.com\/news\/images\/NigarJafarli\/NewFolder\/17010752201410130557_1200x630.jpg\" \/><\/div>\n<div class=\"form-group\"><img class=\"img-responsive\" src=\"https:\/\/cdn.musavat.com\/news\/images\/NigarJafarli\/NewFolder\/17010752205122162299_1200x630.jpg\" \/><\/div>\n<div class=\"form-group\"><img class=\"img-responsive\" src=\"https:\/\/cdn.musavat.com\/news\/images\/NigarJafarli\/NewFolder\/17010752202799346547_1200x630.jpg\" \/><\/div>\n<\/div>\n","protected":false},"excerpt":{"rendered":"<p>H\u0259rbi Prokurorluq Ulu \u00d6nd\u0259r Heyd\u0259r \u018fliyevin 100 illik yubileyi il\u0259 ba\u011fl\u0131 silsil\u0259 t\u0259dbirl\u0259ri davam etdirir. H\u0259rbi Prokurorluqdan\u00a0Musavat.com-a veril\u0259n m\u0259lumata g\u00f6r\u0259, Q\u0259b\u0259l\u0259 Rayon \u0130cra Hakimiyy\u0259tinin r\u0259hb\u0259rliyi v\u0259 ictimaiyy\u0259ti, Daxili \u0130\u015fl\u0259r Nazirliyinin Daxili Qo\u015funlar\u0131n\u0131n h\u0259rbi qulluq\u00e7ular\u0131 il\u0259 birg\u0259 ke\u00e7iril\u0259n t\u0259dbird\u0259n \u0259vv\u0259lc\u0259 \u00dcmummilli Lider Heyd\u0259r \u018fliyevin abid\u0259sinin v\u0259 \u015f\u0259hidl\u0259r gu\u015f\u0259sinin \u00f6n\u00fcn\u0259 g\u00fcl d\u0259st\u0259l\u0259ri d\u00fcz\u00fcl\u0259r\u0259k n\u0259h\u0259ng tarixi \u015f\u0259xsiyy\u0259tin v\u0259 q\u0259hr\u0259man v\u0259t\u0259n \u00f6vladlar\u0131n\u0131n ruhlar\u0131na ehtiram ifad\u0259 olunub. Ulu \u00d6nd\u0259r Heyd\u0259r \u018fliyevin v\u0259 b\u00fct\u00fcn \u015f\u0259hidl\u0259rin \u0259ziz v\u0259 unudulmaz xatir\u0259l\u0259ri bir d\u0259qiq\u0259lik s\u00fckutla an\u0131l\u0131b, Allahdan onlara r\u0259hm\u0259t, qazil\u0259r\u0259 \u015f\u0259fa arzulan\u0131b. Az\u0259rbaycan Respublikas\u0131n\u0131n D\u00f6vl\u0259t Himni s\u0259sl\u0259ndirilib. T\u0259dbird\u0259 Ba\u015f&hellip;<\/p>\n","protected":false},"author":2,"featured_media":661801,"comment_status":"closed","ping_status":"closed","sticky":false,"template":"","format":"standard","meta":{"om_disable_all_campaigns":false,"_monsterinsights_skip_tracking":false,"_monsterinsights_sitenote_active":false,"_monsterinsights_sitenote_note":"","_monsterinsights_sitenote_category":0},"categories":[1],"tags":[],"aioseo_notices":[],"gutentor_comment":0,"rttpg_featured_image_url":{"full":["https:\/\/arantv.az\/wp-content\/uploads\/2023\/11\/70fe2820cd4422d59dcb08afa3f6d48b.jpg",870,500,false],"landscape":["https:\/\/arantv.az\/wp-content\/uploads\/2023\/11\/70fe2820cd4422d59dcb08afa3f6d48b.jpg",870,500,false],"portraits":["https:\/\/arantv.az\/wp-content\/uploads\/2023\/11\/70fe2820cd4422d59dcb08afa3f6d48b.jpg",870,500,false],"thumbnail":["https:\/\/arantv.az\/wp-content\/uploads\/2023\/11\/70fe2820cd4422d59dcb08afa3f6d48b-500x280.jpg",500,280,true],"medium":["https:\/\/arantv.az\/wp-content\/uploads\/2023\/11\/70fe2820cd4422d59dcb08afa3f6d48b-635x365.jpg",635,365,true],"large":["https:\/\/arantv.az\/wp-content\/uploads\/2023\/11\/70fe2820cd4422d59dcb08afa3f6d48b-840x483.jpg",640,368,true],"1536x1536":["https:\/\/arantv.az\/wp-content\/uploads\/2023\/11\/70fe2820cd4422d59dcb08afa3f6d48b.jpg",870,500,false],"2048x2048":["https:\/\/arantv.az\/wp-content\/uploads\/2023\/11\/70fe2820cd4422d59dcb08afa3f6d48b.jpg",870,500,false],"post-thumbnail":["https:\/\/arantv.az\/wp-content\/uploads\/2023\/11\/70fe2820cd4422d59dcb08afa3f6d48b-240x172.jpg",240,172,true],"advps-thumb-one":["https:\/\/arantv.az\/wp-content\/uploads\/2023\/11\/70fe2820cd4422d59dcb08afa3f6d48b.jpg",870,500,false]},"rttpg_author":{"display_name":"V\u00fcsal Rafiqo\u011flu","author_link":"https:\/\/arantv.az\/?author=2"},"rttpg_comment":0,"rttpg_category":"<a href=\"https:\/\/arantv.az\/?cat=1\" rel=\"category\">C\u0259miyy\u0259t<\/a>","rttpg_excerpt":"H\u0259rbi Prokurorluq Ulu \u00d6nd\u0259r Heyd\u0259r \u018fliyevin 100 illik yubileyi il\u0259 ba\u011fl\u0131 silsil\u0259 t\u0259dbirl\u0259ri davam etdirir. H\u0259rbi Prokurorluqdan\u00a0Musavat.com-a veril\u0259n m\u0259lumata g\u00f6r\u0259, Q\u0259b\u0259l\u0259 Rayon \u0130cra Hakimiyy\u0259tinin r\u0259hb\u0259rliyi v\u0259 ictimaiyy\u0259ti, Daxili \u0130\u015fl\u0259r Nazirliyinin Daxili Qo\u015funlar\u0131n\u0131n h\u0259rbi qulluq\u00e7ular\u0131 il\u0259 birg\u0259 ke\u00e7iril\u0259n t\u0259dbird\u0259n \u0259vv\u0259lc\u0259 \u00dcmummilli Lider Heyd\u0259r \u018fliyevin abid\u0259sinin v\u0259 \u015f\u0259hidl\u0259r gu\u015f\u0259sinin \u00f6n\u00fcn\u0259 g\u00fcl d\u0259st\u0259l\u0259ri d\u00fcz\u00fcl\u0259r\u0259k n\u0259h\u0259ng tarixi \u015f\u0259xsiyy\u0259tin v\u0259&hellip;","_links":{"self":[{"href":"https:\/\/arantv.az\/index.php?rest_route=\/wp\/v2\/posts\/661800"}],"collection":[{"href":"https:\/\/arantv.az\/index.php?rest_route=\/wp\/v2\/posts"}],"about":[{"href":"https:\/\/arantv.az\/index.php?rest_route=\/wp\/v2\/types\/post"}],"author":[{"embeddable":true,"href":"https:\/\/arantv.az\/index.php?rest_route=\/wp\/v2\/users\/2"}],"replies":[{"embeddable":true,"href":"https:\/\/arantv.az\/index.php?rest_route=%2Fwp%2Fv2%2Fcomments&post=661800"}],"version-history":[{"count":0,"href":"https:\/\/arantv.az\/index.php?rest_route=\/wp\/v2\/posts\/661800\/revisions"}],"wp:featuredmedia":[{"embeddable":true,"href":"https:\/\/arantv.az\/index.php?rest_route=\/wp\/v2\/media\/661801"}],"wp:attachment":[{"href":"https:\/\/arantv.az\/index.php?rest_route=%2Fwp%2Fv2%2Fmedia&parent=661800"}],"wp:term":[{"taxonomy":"category","embeddable":true,"href":"https:\/\/arantv.az\/index.php?rest_route=%2Fwp%2Fv2%2Fcategories&post=661800"},{"taxonomy":"post_tag","embeddable":true,"href":"https:\/\/arantv.az\/index.php?rest_route=%2Fwp%2Fv2%2Ftags&post=661800"}],"curies":[{"name":"wp","href":"https:\/\/api.w.org\/{rel}","templated":true}]}}