{"id":661836,"date":"2023-11-27T14:44:48","date_gmt":"2023-11-27T10:44:48","guid":{"rendered":"https:\/\/arantv.az\/?p=661836"},"modified":"2023-11-27T14:44:48","modified_gmt":"2023-11-27T10:44:48","slug":"az%c9%99rbaycan-sulh%c9%99-hazirdir","status":"publish","type":"post","link":"https:\/\/arantv.az\/?p=661836","title":{"rendered":"Az\u0259rbaycan s\u00fclh\u0259 haz\u0131rd\u0131r"},"content":{"rendered":"<p>Az\u0259rbaycan Respublikas\u0131 M\u00fcz\u0259ff\u0259r Ali Ba\u015f Komandan C\u0259nab \u0130lham \u018fliyevin r\u0259hb\u0259rliyi il\u0259 f\u0259al v\u0259 s\u0259m\u0259r\u0259li xarici siyas\u0259t kursu y\u00fcr\u00fcd\u00fcr. Eyni zamanda \u00f6lk\u0259miz beyn\u0259lxalq v\u0259 regional \u0259m\u0259kda\u015fl\u0131\u011fa da \u0259v\u0259zsiz t\u00f6hv\u0259l\u0259r verm\u0259kd\u0259dir. Avropa il\u0259 Asiyan\u0131n qovu\u015fu\u011funda yerl\u0259\u015f\u0259n Az\u0259rbaycan iki qit\u0259 aras\u0131nda m\u00fch\u00fcm k\u00f6rp\u00fc rolunu oynay\u0131r. \u00d6lk\u0259mizin regional iqtisadi layih\u0259l\u0259rd\u0259 apar\u0131c\u0131 m\u00f6vqey\u0259 malik olmas\u0131 iqtisadi inki\u015faf\u0131m\u0131za da \u0259v\u0259zsiz t\u00f6hv\u0259l\u0259r verir. Qeyd olunanlar d\u00f6vl\u0259timizin beyn\u0259lxalq m\u00f6vqel\u0259rini daha da g\u00fccl\u0259ndirir. Az\u0259rbaycan Respublikas\u0131n\u0131n atd\u0131\u011f\u0131 b\u00fct\u00fcn add\u0131mlar beyn\u0259lxalq h\u00fcquq prinsipl\u0259rin\u0259 \u0259saslan\u0131r v\u0259 region \u00f6lk\u0259l\u0259ri aras\u0131nda qar\u015f\u0131l\u0131ql\u0131 faydal\u0131 \u0259m\u0259kda\u015fl\u0131g\u0131 daha da d\u0259rinl\u0259\u015fdirir.<\/p>\n<p>Az\u0259rbaycan\u0131n bel\u0259 s\u0259mimi m\u00f6vqe s\u0259rgil\u0259m\u0259si yax\u0131n, uzaq d\u00f6vl\u0259tl\u0259r \u00fc\u00e7\u00fcn \u00f6lk\u0259mizi xeyli c\u0259lbedici etmi\u015fdir. \u00d6lk\u0259miz\u0259 davaml\u0131 s\u0259f\u0259rl\u0259r ed\u0259n xarici d\u00f6vl\u0259tl\u0259rin ba\u015f\u00e7\u0131lar\u0131 da biziml\u0259 \u0259m\u0259kda\u015fl\u0131\u011fa x\u00fcsusi \u00f6n\u0259m verdikl\u0259rini x\u00fcsusi vur\u011fulay\u0131rlar. Bel\u0259 diqq\u0259t\u00e7\u0259k\u0259n s\u0259f\u0259rl\u0259rd\u0259n biri 20 noyabr 2023-c\u00fc ild\u0259 \u0130raq Respublikas\u0131n\u0131n Prezidenti \u018fbd\u00fcll\u0259tif Camal R\u0259\u015fid t\u0259r\u0259find\u0259n \u00f6lk\u0259miz\u0259 edildi. Eyni regionu t\u0259msil ed\u0259n d\u00f6vl\u0259tl\u0259r olmaqla yan\u0131\u015f\u0131, h\u0259m d\u0259 \u00f6lk\u0259l\u0259rimiz aras\u0131nda kifay\u0259t q\u0259d\u0259r tarixi ba\u011fl\u0131l\u0131qlar da vard\u0131r. Az\u0259rbaycan \u0130raq \u0259laq\u0259l\u0259rinin d\u0259rin k\u00f6kl\u0259ri m\u00f6vcuddur.<\/p>\n<p>\u0130raq Respublikas\u0131n\u0131n Prezidenti \u018fbd\u00fcll\u0259tif Camal R\u0259\u015fidin 20 noyabr 2023-c\u00fc ild\u0259 \u00f6lk\u0259miz\u0259 realla\u015fan s\u0259f\u0259ri il\u0259 \u0259laq\u0259dar \u00f6lk\u0259 ba\u015f\u00e7\u0131m\u0131z C\u0259nab \u0130lham \u018fliyev m\u0259tbuata b\u0259yanat verdi v\u0259 Az\u0259rbaycan d\u00f6vl\u0259tinin b\u0259zi m\u0259s\u0259l\u0259rl\u0259 ba\u011fl\u0131 q\u0259ti m\u00f6vqeyini ortaya qoydu. D\u00f6vl\u0259t ba\u015f\u00e7\u0131m\u0131z tarix\u0259 ekskurs ed\u0259r\u0259k bildirdi ki, 1990-c\u0131 ill\u0259rin \u0259vv\u0259ll\u0259rind\u0259 Az\u0259rbaycan \u0259razil\u0259rinin t\u0259xmin\u0259n 20 faizini i\u015f\u011fal ed\u0259n Erm\u0259nistan torpaqlar\u0131m\u0131z\u0131 30 illik m\u00fcdd\u0259td\u0259 i\u015f\u011fala m\u0259ruz qoydu. Daha sonra d\u00f6vl\u0259t ba\u015f\u00e7\u0131m\u0131z 44 g\u00fcnl\u00fck V\u0259t\u0259n m\u00fcharib\u0259sind\u0259 qazand\u0131\u011f\u0131m\u0131z tarixi Z\u0259f\u0259r v\u0259 regionda yaratd\u0131\u011f\u0131m\u0131z yeni reall\u0131qlarla ba\u011fl\u0131 m\u0259nz\u0259r\u0259ni m\u0259tbuat n\u00fcmay\u0259nd\u0259l\u0259ri il\u0259 b\u00f6l\u00fc\u015fd\u00fc.<\/p>\n<p>C\u0259nab \u0130lham \u018fliyev Fransa d\u00f6vl\u0259tinin m\u00fcst\u0259ml\u0259k\u0259\u00e7ilik siyas\u0259tini t\u0259nqid ed\u0259r\u0259k, m\u00fcasir d\u00f6vrd\u0259 bunun yolverilm\u0259z oldu\u011funu vur\u011fulad\u0131. D\u00f6vl\u0259t ba\u015f\u00e7\u0131m\u0131z \u0259lav\u0259 etdi ki, Erm\u0259nistan Fransa h\u00f6kum\u0259tinin marionetin\u0259 \u00e7evrilib v\u0259 bu, regional sabitliy\u0259 ciddi t\u0259hl\u00fck\u0259 ola bil\u0259r. Az\u0259rbaycan s\u00fclh\u0259 haz\u0131rd\u0131r. Biz\u0259 he\u00e7 bir m\u00fcharib\u0259 laz\u0131m deyil. Biz \u00f6z \u0259razimizd\u0259 vuru\u015furduq v\u0259 \u0259dal\u0259ti, beyn\u0259lxalq h\u00fcququ b\u0259rq\u0259rar etdik. Lakin Erm\u0259nistan h\u00f6kum\u0259ti v\u0259 siyasi establi\u015fmenti qisas haqq\u0131nda d\u00fc\u015f\u00fcn\u00fcr. \u0130st\u0259r Fransa olsun, ist\u0259rs\u0259 d\u0259 qeyri birisi, he\u00e7 kim Az\u0259rbaycan xalq\u0131n\u0131n v\u0259 Az\u0259rbaycan h\u00f6kum\u0259tinin irad\u0259sin\u0259 t\u0259sir g\u00f6st\u0259r\u0259 bilm\u0259z.<\/p>\n<p>\u0130raq Respublikas\u0131n\u0131n Prezidenti \u018fbd\u00fcll\u0259tif Camal R\u0259\u015fidin \u00f6lk\u0259miz\u0259 s\u0259f\u0259ri \u00e7\u0259r\u00e7iv\u0259sind\u0259 Az\u0259rbaycan Respublikas\u0131n\u0131n \u018fm\u0259k v\u0259 \u018fhalinin Sosial M\u00fcdafi\u0259si Nazirliyi il\u0259 \u0130raq Respublikas\u0131n\u0131n \u018fm\u0259k v\u0259 Sosial \u0130\u015fl\u0259r Nazirliyi, Az\u0259rbaycan Respublikas\u0131n\u0131n D\u00f6vl\u0259t Turizm Agentliyi il\u0259 \u0130raq Respublikas\u0131n\u0131n M\u0259d\u0259niyy\u0259t, Turizm v\u0259 Tarixi Abid\u0259l\u0259r Nazirliyi aras\u0131nda \u0259m\u0259kda\u015fl\u0131q haqq\u0131nda, Az\u0259rbaycan Respublikas\u0131n\u0131n Xarici \u0130\u015fl\u0259r Nazirliyi il\u0259 \u00a0\u0130raq Respublikas\u0131n\u0131n Xarici \u0130\u015fl\u0259r Nazirliyi aras\u0131nda siyasi m\u0259sl\u0259h\u0259tl\u0259\u015fm\u0259l\u0259r haqq\u0131nda Anla\u015fma Memorandumlar\u0131 imzaland\u0131. Az\u0259rbaycan Respublikas\u0131 H\u00f6kum\u0259ti il\u0259 \u0130raq Respublikas\u0131 H\u00f6kum\u0259ti aras\u0131nda hava \u0259laq\u0259si haqq\u0131nda Sazi\u015f d\u0259 iki \u00f6lk\u0259 r\u0259smil\u0259ri t\u0259r\u0259find\u0259n imzaland\u0131 v\u0259 s\u0259n\u0259dl\u0259r\u0259 \u0259lav\u0259 edildi. B\u00fct\u00fcn bunlar bir daha g\u00f6st\u0259rir ki, Az\u0259rbaycan \u2013 \u0130raq \u0259laq\u0259l\u0259ri art\u0131q keyfiyy\u0259tc\u0259 yeni inki\u015faf m\u0259rh\u0259l\u0259sin\u0259 q\u0259d\u0259m qoyur.<\/p>\n<p><img src=\"https:\/\/ikisahil.az\/upload\/\/2023\/11\/27\/\/-4eff0720170107644711792637510624689.jpg\" alt=\"\" \/><\/p>\n<p><strong>Arif\u0259 Abdullayeva,<\/strong><\/p>\n<p><em>YAP Sumqay\u0131t \u015f\u0259h\u0259r t\u0259\u015fkilat\u0131n\u0131n m\u0259sl\u0259h\u0259t\u00e7isi<\/em><\/p>\n","protected":false},"excerpt":{"rendered":"<p>Az\u0259rbaycan Respublikas\u0131 M\u00fcz\u0259ff\u0259r Ali Ba\u015f Komandan C\u0259nab \u0130lham \u018fliyevin r\u0259hb\u0259rliyi il\u0259 f\u0259al v\u0259 s\u0259m\u0259r\u0259li xarici siyas\u0259t kursu y\u00fcr\u00fcd\u00fcr. Eyni zamanda \u00f6lk\u0259miz beyn\u0259lxalq v\u0259 regional \u0259m\u0259kda\u015fl\u0131\u011fa da \u0259v\u0259zsiz t\u00f6hv\u0259l\u0259r verm\u0259kd\u0259dir. Avropa il\u0259 Asiyan\u0131n qovu\u015fu\u011funda yerl\u0259\u015f\u0259n Az\u0259rbaycan iki qit\u0259 aras\u0131nda m\u00fch\u00fcm k\u00f6rp\u00fc rolunu oynay\u0131r. \u00d6lk\u0259mizin regional iqtisadi layih\u0259l\u0259rd\u0259 apar\u0131c\u0131 m\u00f6vqey\u0259 malik olmas\u0131 iqtisadi inki\u015faf\u0131m\u0131za da \u0259v\u0259zsiz t\u00f6hv\u0259l\u0259r verir. Qeyd olunanlar d\u00f6vl\u0259timizin beyn\u0259lxalq m\u00f6vqel\u0259rini daha da g\u00fccl\u0259ndirir. Az\u0259rbaycan Respublikas\u0131n\u0131n atd\u0131\u011f\u0131 b\u00fct\u00fcn add\u0131mlar beyn\u0259lxalq h\u00fcquq prinsipl\u0259rin\u0259 \u0259saslan\u0131r v\u0259 region \u00f6lk\u0259l\u0259ri aras\u0131nda qar\u015f\u0131l\u0131ql\u0131 faydal\u0131 \u0259m\u0259kda\u015fl\u0131g\u0131 daha da d\u0259rinl\u0259\u015fdirir. Az\u0259rbaycan\u0131n bel\u0259 s\u0259mimi m\u00f6vqe s\u0259rgil\u0259m\u0259si yax\u0131n, uzaq&hellip;<\/p>\n","protected":false},"author":2,"featured_media":661837,"comment_status":"closed","ping_status":"closed","sticky":false,"template":"","format":"standard","meta":{"om_disable_all_campaigns":false,"_monsterinsights_skip_tracking":false,"_monsterinsights_sitenote_active":false,"_monsterinsights_sitenote_note":"","_monsterinsights_sitenote_category":0},"categories":[19],"tags":[],"aioseo_notices":[],"gutentor_comment":0,"rttpg_featured_image_url":{"full":["https:\/\/arantv.az\/wp-content\/uploads\/2023\/11\/2bba9f41170107646362112632510371619.jpg",975,540,false],"landscape":["https:\/\/arantv.az\/wp-content\/uploads\/2023\/11\/2bba9f41170107646362112632510371619.jpg",975,540,false],"portraits":["https:\/\/arantv.az\/wp-content\/uploads\/2023\/11\/2bba9f41170107646362112632510371619.jpg",975,540,false],"thumbnail":["https:\/\/arantv.az\/wp-content\/uploads\/2023\/11\/2bba9f41170107646362112632510371619-500x280.jpg",500,280,true],"medium":["https:\/\/arantv.az\/wp-content\/uploads\/2023\/11\/2bba9f41170107646362112632510371619-660x365.jpg",660,365,true],"large":["https:\/\/arantv.az\/wp-content\/uploads\/2023\/11\/2bba9f41170107646362112632510371619-840x465.jpg",640,354,true],"1536x1536":["https:\/\/arantv.az\/wp-content\/uploads\/2023\/11\/2bba9f41170107646362112632510371619.jpg",975,540,false],"2048x2048":["https:\/\/arantv.az\/wp-content\/uploads\/2023\/11\/2bba9f41170107646362112632510371619.jpg",975,540,false],"post-thumbnail":["https:\/\/arantv.az\/wp-content\/uploads\/2023\/11\/2bba9f41170107646362112632510371619-240x172.jpg",240,172,true],"advps-thumb-one":["https:\/\/arantv.az\/wp-content\/uploads\/2023\/11\/2bba9f41170107646362112632510371619.jpg",975,540,false]},"rttpg_author":{"display_name":"V\u00fcsal Rafiqo\u011flu","author_link":"https:\/\/arantv.az\/?author=2"},"rttpg_comment":0,"rttpg_category":"<a href=\"https:\/\/arantv.az\/?cat=19\" rel=\"category\">G\u00fcnd\u0259m<\/a>","rttpg_excerpt":"Az\u0259rbaycan Respublikas\u0131 M\u00fcz\u0259ff\u0259r Ali Ba\u015f Komandan C\u0259nab \u0130lham \u018fliyevin r\u0259hb\u0259rliyi il\u0259 f\u0259al v\u0259 s\u0259m\u0259r\u0259li xarici siyas\u0259t kursu y\u00fcr\u00fcd\u00fcr. Eyni zamanda \u00f6lk\u0259miz beyn\u0259lxalq v\u0259 regional \u0259m\u0259kda\u015fl\u0131\u011fa da \u0259v\u0259zsiz t\u00f6hv\u0259l\u0259r verm\u0259kd\u0259dir. Avropa il\u0259 Asiyan\u0131n qovu\u015fu\u011funda yerl\u0259\u015f\u0259n Az\u0259rbaycan iki qit\u0259 aras\u0131nda m\u00fch\u00fcm k\u00f6rp\u00fc rolunu oynay\u0131r. \u00d6lk\u0259mizin regional iqtisadi layih\u0259l\u0259rd\u0259 apar\u0131c\u0131 m\u00f6vqey\u0259 malik olmas\u0131 iqtisadi inki\u015faf\u0131m\u0131za da \u0259v\u0259zsiz t\u00f6hv\u0259l\u0259r&hellip;","_links":{"self":[{"href":"https:\/\/arantv.az\/index.php?rest_route=\/wp\/v2\/posts\/661836"}],"collection":[{"href":"https:\/\/arantv.az\/index.php?rest_route=\/wp\/v2\/posts"}],"about":[{"href":"https:\/\/arantv.az\/index.php?rest_route=\/wp\/v2\/types\/post"}],"author":[{"embeddable":true,"href":"https:\/\/arantv.az\/index.php?rest_route=\/wp\/v2\/users\/2"}],"replies":[{"embeddable":true,"href":"https:\/\/arantv.az\/index.php?rest_route=%2Fwp%2Fv2%2Fcomments&post=661836"}],"version-history":[{"count":0,"href":"https:\/\/arantv.az\/index.php?rest_route=\/wp\/v2\/posts\/661836\/revisions"}],"wp:featuredmedia":[{"embeddable":true,"href":"https:\/\/arantv.az\/index.php?rest_route=\/wp\/v2\/media\/661837"}],"wp:attachment":[{"href":"https:\/\/arantv.az\/index.php?rest_route=%2Fwp%2Fv2%2Fmedia&parent=661836"}],"wp:term":[{"taxonomy":"category","embeddable":true,"href":"https:\/\/arantv.az\/index.php?rest_route=%2Fwp%2Fv2%2Fcategories&post=661836"},{"taxonomy":"post_tag","embeddable":true,"href":"https:\/\/arantv.az\/index.php?rest_route=%2Fwp%2Fv2%2Ftags&post=661836"}],"curies":[{"name":"wp","href":"https:\/\/api.w.org\/{rel}","templated":true}]}}