{"id":661839,"date":"2023-11-27T14:45:36","date_gmt":"2023-11-27T10:45:36","guid":{"rendered":"https:\/\/arantv.az\/?p=661839"},"modified":"2023-11-27T14:45:36","modified_gmt":"2023-11-27T10:45:36","slug":"must%c9%99qil-az%c9%99rbaycan-dovl%c9%99tinin-%c9%99sas-ideyasi-az%c9%99rbaycanciliqdir","status":"publish","type":"post","link":"https:\/\/arantv.az\/?p=661839","title":{"rendered":"M\u00fcst\u0259qil Az\u0259rbaycan d\u00f6vl\u0259tinin \u0259sas ideyas\u0131 az\u0259rbaycan\u00e7\u0131l\u0131qd\u0131r"},"content":{"rendered":"<p><em><strong>Az\u0259rbaycan xalq\u0131 \u0259srl\u0259r boyu \u00f6z tarixin\u0259, milli ruhuna, milli ad\u0259t- \u0259n\u0259n\u0259l\u0259rin\u0259 sadiq qalm\u0131\u015f v\u0259 bu duy\u011fular\u0131, bu hissl\u0259ri q\u0259lbind\u0259 qoruyub saxlayaraq n\u0259sill\u0259rd\u0259n &#8211; n\u0259sill\u0259r\u0259 yetirmi\u015fdir. Bu ill\u0259r \u0259rzind\u0259 xalq\u0131m\u0131z ba\u015f\u0131na g\u0259lmi\u015f b\u0259lalar\u0131n, m\u00fcsib\u0259tl\u0259rin, ham\u0131s\u0131ndan \u00f6z g\u00fcc\u00fc, c\u0259sar\u0259ti, q\u0259hr\u0259manl\u0131\u011f\u0131 say\u0259sind\u0259 \u00e7\u0131xm\u0131\u015fd\u0131r. Xalq\u0131m\u0131z\u0131n milli-m\u0259n\u0259vi d\u0259y\u0259rl\u0259rini h\u0259m m\u00fcdafi\u0259 etm\u0259yi, h\u0259m d\u0259 qoruyub saxlama\u011f\u0131 bacaran, d\u00f6vl\u0259tl\u0259 v\u0259t\u0259nda\u015flar\u0131n m\u0259nafeyini \u00fczvi \u015f\u0259kild\u0259 birl\u0259\u015fdir\u0259n az\u0259rbaycan\u00e7\u0131l\u0131q ideologiyas\u0131 \u00f6lk\u0259d\u0259 v\u0259t\u0259nda\u015f birliyi \u00fc\u00e7\u00fcn u\u011furlu t\u0259m\u0259ldir<\/strong><\/em><\/p>\n<p>Ulu \u00f6nd\u0259r deyirdi: \u201cH\u0259r bir insan \u00fc\u00e7\u00fcn milli m\u0259nsubiyy\u0259ti onun q\u00fcrur m\u0259nb\u0259yidir. H\u0259mi\u015f\u0259 f\u0259xr etmi\u015f\u0259m, bu g\u00fcn d\u0259 f\u0259xr edir\u0259m ki, m\u0259n az\u0259rbaycanl\u0131yam. M\u00fcst\u0259qil Az\u0259rbaycan d\u00f6vl\u0259tinin \u0259sas ideyas\u0131 az\u0259rbaycan\u00e7\u0131l\u0131qd\u0131r. H\u0259r bir az\u0259rbaycanl\u0131 \u00f6z milli m\u0259nsubiyy\u0259tin\u0259 g\u00f6r\u0259 q\u00fcrur hissi ke\u00e7irm\u0259lidir v\u0259 biz az\u0259rbaycan\u00e7\u0131l\u0131\u011f\u0131 &#8211; Az\u0259rbaycan dilini, m\u0259d\u0259niyy\u0259tini, milli-m\u0259n\u0259vi d\u0259y\u0259rl\u0259rini, ad\u0259t-\u0259n\u0259n\u0259l\u0259rini ya\u015fatmal\u0131y\u0131q\u201d.<\/p>\n<p>Ke\u00e7mi\u015fini bilm\u0259y\u0259n bir mill\u0259t tarixi yadda\u015f\u0131n\u0131, qan yadda\u015f\u0131n\u0131 unutmu\u015f, milli kimliyini itirmi\u015f say\u0131l\u0131r. Bu m\u0259nada xalq\u0131m\u0131z\u0131n milli-m\u0259n\u0259vi d\u0259y\u0259rl\u0259rini, o c\u00fcml\u0259d\u0259n v\u0259t\u0259np\u0259rv\u0259rlik hissini, tarixi torpaqlar\u0131m\u0131za, dilimiz\u0259, m\u0259d\u0259ni irsimiz\u0259 m\u0259h\u0259bb\u0259tl\u0259 yana\u015fma\u011f\u0131 h\u0259m m\u00fcdafi\u0259 etm\u0259yi, h\u0259m d\u0259 qoruyub saxlama\u011f\u0131 bacaran, d\u00f6vl\u0259tl\u0259 v\u0259t\u0259nda\u015flar\u0131n m\u0259nafeyini birl\u0259\u015fdir\u0259n az\u0259rbaycan\u00e7\u0131l\u0131q ideologiyas\u0131 \u00f6lk\u0259d\u0259 v\u0259t\u0259nda\u015f birliyi v\u0259 vahid sosium \u00fc\u00e7\u00fcn u\u011furlu t\u0259m\u0259ldir. H\u0259r birimiz Az\u0259rbaycan dey\u0259nd\u0259 Heyd\u0259r \u018fliyev, Heyd\u0259r \u018fliyevd\u0259n dan\u0131\u015fanda Az\u0259rbaycan\u0131 d\u00fc\u015f\u00fcn\u00fcr, g\u00f6zl\u0259rimizin \u00f6n\u00fcnd\u0259 onu canland\u0131r\u0131r\u0131q. Az\u0259rbaycan xalq\u0131n\u0131n milli inki\u015faf yolunun v\u0259 ideologiyas\u0131n\u0131n formala\u015fmas\u0131 da m\u0259hz Ulu \u00d6nd\u0259rin ad\u0131 il\u0259 ba\u011fl\u0131d\u0131r.<\/p>\n<p>Az\u0259rbaycan\u00e7\u0131l\u0131q ideologiyas\u0131 d\u00fcnya az\u0259rbaycanl\u0131lar\u0131n\u0131n vahid ideya \u0259traf\u0131nda birl\u0259\u015fm\u0259sini \u015f\u0259rtl\u0259ndir\u0259n, xaricd\u0259 ya\u015fayan soyda\u015flar\u0131m\u0131z\u0131n h\u00fcquq v\u0259 azadl\u0131qlar\u0131n\u0131n qorunmas\u0131 sah\u0259sind\u0259 d\u00f6vl\u0259tin qar\u015f\u0131s\u0131nda duran m\u00fch\u00fcm v\u0259zif\u0259l\u0259rd\u0259n biridir. Ulu \u00d6nd\u0259r Heyd\u0259r \u018fliyevin Az\u0259rbaycan Respublikas\u0131n\u0131n Prezidenti se\u00e7ilm\u0259si m\u00fcnasib\u0259til\u0259 18 oktyabr 1998-ci ild\u0259 ke\u00e7irilmi\u015f andi\u00e7m\u0259 m\u0259rasimind\u0259ki nitqind\u0259 milli &#8211; m\u0259n\u0259vi d\u0259y\u0259rl\u0259rimizin qorunub saxlan\u0131lmas\u0131n\u0131\u0259n vacibliyini diqq\u0259t\u0259 \u00e7atd\u0131raraq demi\u015fdir: \u201cM\u0259n bu g\u00fcn bir az\u0259rbaycanl\u0131 kimi, \u00f6z\u00fcnd\u0259 h\u0259m milli-m\u0259n\u0259vi d\u0259y\u0259rl\u0259ri, h\u0259m d\u0259 \u00fcmumb\u0259\u015f\u0259ri d\u0259y\u0259rl\u0259ri c\u0259m ed\u0259n bir insan kimi deyir\u0259m ki, bizim xalq\u0131m\u0131z\u0131n m\u0259n\u0259vi-\u0259xlaqi mentaliteti onun \u0259n b\u00f6y\u00fck s\u0259rv\u0259tidir, xalq\u0131m\u0131z\u0131n milli-m\u0259n\u0259vi d\u0259y\u0259rl\u0259ri onun milli s\u0259rv\u0259tidir&#8230; Biz tarixi k\u00f6kl\u0259rimizi h\u0259mi\u015f\u0259 iftixar hissi il\u0259 qiym\u0259tl\u0259ndirm\u0259liyik v\u0259 tarixi k\u00f6kl\u0259rimizin m\u0259nas\u0131n\u0131 d\u00fcnyaya b\u0259yan etm\u0259liyik, yaymal\u0131y\u0131q, t\u0259bli\u011f etm\u0259liyik, onunla f\u0259xr etm\u0259liyik&#8230; \u00d6z milli-m\u0259n\u0259vi d\u0259y\u0259rl\u0259rimizi \u00fcmumb\u0259\u015f\u0259ri d\u0259y\u0259rl\u0259rl\u0259 birl\u0259\u015fdirib, z\u0259nginl\u0259\u015fdirib Az\u0259rbaycan xalq\u0131n\u0131n \u00fcmumi d\u0259y\u0259rl\u0259rini, m\u0259n\u0259vi d\u0259y\u0259rl\u0259rini yaratmal\u0131y\u0131q&#8230; \u00dcmumb\u0259\u015f\u0259ri d\u0259y\u0259rl\u0259rl\u0259 milli-m\u0259n\u0259vi d\u0259y\u0259rl\u0259rin v\u0259hd\u0259ti, sintezi bizim milli ideologiyam\u0131z\u0131n bu g\u00fcn\u00fc v\u0259 g\u0259l\u0259c\u0259yidir.<\/p>\n<p>H\u0259yat\u0131n\u0131n b\u00f6y\u00fck hiss\u0259sini Az\u0259rbaycan\u0131n inki\u015faf\u0131na h\u0259sr ed\u0259n xalq\u0131m\u0131z\u0131n \u0259v\u0259zolunmaz \u00f6vlad\u0131 Heyd\u0259r \u018fliyev Az\u0259rbaycan d\u00f6vl\u0259t\u00e7ilik tarixinin tamamil\u0259 yeni bir m\u0259rh\u0259l\u0259sini yaratm\u0131\u015f b\u00f6y\u00fck siyas\u0259t\u00e7i v\u0259 tarixi \u015f\u0259xsiyy\u0259t kimi q\u0259lbl\u0259rd\u0259 \u0259b\u0259di ya\u015fay\u0131r v\u0259 bundan sonra da ya\u015fayacaq.<\/p>\n<p>M\u00fcdrik \u015f\u0259xsiyy\u0259t az\u0259rbaycan\u00e7\u0131l\u0131q ideologiyas\u0131n\u0131n formala\u015fd\u0131r\u0131lmas\u0131, milli ad\u0259t-\u0259n\u0259l\u0259rimizin, milli-m\u0259n\u0259vi d\u0259y\u0259rl\u0259rimizin qorunmas\u0131n\u0131 prioritet v\u0259zif\u0259 kimi qar\u015f\u0131ya qoydu. M\u0259hz ulu \u00f6nd\u0259rin m\u00fcdrikliyi say\u0259sind\u0259 az\u0259rbaycan\u00e7\u0131l\u0131q ideologiyas\u0131 mahiyy\u0259tc\u0259 real m\u0259zmun da\u015f\u0131yaraq praktikada realiz\u0259 imkanlar\u0131 qazand\u0131. Ulu \u00f6nd\u0259r ke\u00e7irdiyi g\u00f6r\u00fc\u015fl\u0259rd\u0259 deyirdi ki, Az\u0259rbaycan on ill\u0259rl\u0259, y\u00fcz ill\u0259rl\u0259 bu torpaqda ya\u015fayan b\u00fct\u00fcn insanlar\u0131n V\u0259t\u0259ni olub, bundan sonra da V\u0259t\u0259ni olmal\u0131d\u0131r: \u201cBiz ham\u0131m\u0131z az\u0259rbaycanl\u0131y\u0131q, ham\u0131m\u0131z\u0131n dilimiz var, ham\u0131m\u0131z da bu az\u0259rbaycanl\u0131l\u0131\u011f\u0131 anadang\u0259lm\u0259 q\u0259bul etmi\u015fik\u201d.<\/p>\n<p>\u00dcmummilli liderimizin b\u00f6y\u00fck uzaqg\u00f6r\u0259nliyi n\u0259tic\u0259sind\u0259 Az\u0259rbaycan u\u011furlu bir inki\u015faf yolu ke\u00e7mi\u015f v\u0259 b\u00f6y\u00fck nailiyy\u0259tl\u0259r \u0259ld\u0259 etmi\u015fdir. Ulu \u00d6nd\u0259r Heyd\u0259r \u018fliyevin qeyd etdiyi kimi, m\u00fcasir d\u00f6vrd\u0259 h\u0259r bir d\u00f6vl\u0259tin q\u00fcdr\u0259ti yaln\u0131z iqtisadi resurslarla deyil, h\u0259m d\u0259 onun xaricd\u0259 formala\u015fd\u0131rd\u0131\u011f\u0131 diaspor v\u0259 lobbinin g\u00fcc\u00fc il\u0259 \u00f6l\u00e7\u00fcl\u00fcr. Qeyd olunan istiqam\u0259td\u0259 g\u00f6rul\u0259n i\u015fl\u0259rin \u0259n vacibl\u0259rd\u0259n biri 2001-ci ild\u0259 Bak\u0131da ke\u00e7iril\u0259n D\u00fcnya Az\u0259rbaycanl\u0131lar\u0131n\u0131n I Qurultay\u0131 idi. Bu Qurultay xaricd\u0259ki soyda\u015flar\u0131m\u0131z\u0131n \u00fcmumi m\u0259qs\u0259d, vahid ideya \u0259traf\u0131nda birl\u0259\u015fm\u0259si yolunda b\u00f6y\u00fck add\u0131m, g\u0259l\u0259c\u0259y\u0259 istiqam\u0259tl\u0259nmi\u015f \u00f6n\u0259mli t\u0259dbirl\u0259rd\u0259n idi. Qurultay soyda\u015flar\u0131m\u0131z\u0131n milli ideologiyam\u0131z olan Az\u0259rbaycan\u00e7\u0131l\u0131q ideyas\u0131 \u0259traf\u0131nda birlik v\u0259 h\u0259mr\u0259yliyinin \u0259sas\u0131n\u0131 qoydu. H\u0259min tarixi t\u0259dbird\u0259ki \u00e7\u0131x\u0131\u015f\u0131nda Heyd\u0259r \u018fliyev\u00a0 d\u00fcnya az\u0259rbaycanl\u0131lar\u0131 aras\u0131nda milli birliyin v\u0259 h\u0259mr\u0259yliyin t\u0259min edilm\u0259si, Az\u0259rbaycan d\u00f6vl\u0259ti il\u0259 d\u00fcnya az\u0259rbaycanl\u0131lar\u0131n\u0131n \u0259laq\u0259l\u0259rinin m\u00f6hk\u0259ml\u0259ndirilm\u0259si, qar\u015f\u0131ya \u00e7\u0131xan probleml\u0259rin h\u0259llind\u0259 s\u0259yl\u0259rin birl\u0259\u015fdirilm\u0259si, Az\u0259rbaycan dilinin v\u0259 milli-m\u0259n\u0259vi d\u0259y\u0259rl\u0259rimizin qorunub saxlan\u0131lmas\u0131, inki\u015faf etdirilm\u0259si il\u0259 ba\u011fl\u0131 fikirl\u0259rini s\u00f6yl\u0259mi\u015fdi.<\/p>\n<p>Bu g\u00fcn az\u0259rbaycan\u00e7\u0131l\u0131q ideologiyas\u0131 \u00f6lk\u0259nin inki\u015faf\u0131n\u0131n ideya \u0259sas\u0131n\u0131 t\u0259\u015fkil edir. Bu g\u00fcn Prezident \u0130lham \u018fliyevin r\u0259hb\u0259rliyi il\u0259 qazan\u0131lan u\u011furlar\u0131n \u0259sas\u0131n\u0131 Ulu \u00d6nd\u0259r Heyd\u0259r \u018fliyevin m\u00fc\u0259yy\u0259n etdiyi ideologiya v\u0259 strategiyas\u0131 t\u0259\u015fkil edir. Milli ideologiyam\u0131z\u0131n \u0259h\u0259miyy\u0259tini xalq\u0131m\u0131z daha \u00e7ox \u0130kinci \u00a0Qaraba\u011f m\u00fcharib\u0259si zaman\u0131 g\u00f6rd\u00fc. Q\u0131sa zamanda h\u0259r bir az\u0259rbaycanl\u0131 \u00f6z torpa\u011flar\u0131n\u0131 i\u015f\u011faldan azad etm\u0259k \u00fc\u00e7\u00fcn s\u0259f\u0259rb\u0259r oldu. V\u0259t\u0259n m\u00fcharib\u0259si d\u00f6vr\u00fcnd\u0259 \u00f6lk\u0259d\u0259 ya\u015fayan b\u00fct\u00fcn xalqlar\u0131n n\u00fcmay\u0259nd\u0259l\u0259ri torpaq u\u011frunda can\u0131ndan ke\u00e7di. Xalq \u00f6z lideri \u0259traf\u0131nda yumruq kimi birl\u0259\u015fdi v\u0259 \u00f6z g\u00fcc\u00fcn\u00fc g\u00f6st\u0259rdi. M\u0259hz bu ideoloji \u0259sasla h\u0259r bir \u00e7\u0259tinliyin \u00f6hd\u0259sind\u0259n g\u0259lm\u0259k, Az\u0259rbaycan\u0131n davaml\u0131 inki\u015faf\u0131n\u0131 t\u0259min etm\u0259k v\u0259 daha b\u00f6y\u00fck u\u011furlar \u0259ld\u0259 etm\u0259k m\u00fcmk\u00fcnd\u00fcr.<\/p>\n<p><strong>Firuz\u0259 Sevxanova,<\/strong><br \/>\n(fsevxanova@mail.ru)<\/p>\n","protected":false},"excerpt":{"rendered":"<p>Az\u0259rbaycan xalq\u0131 \u0259srl\u0259r boyu \u00f6z tarixin\u0259, milli ruhuna, milli ad\u0259t- \u0259n\u0259n\u0259l\u0259rin\u0259 sadiq qalm\u0131\u015f v\u0259 bu duy\u011fular\u0131, bu hissl\u0259ri q\u0259lbind\u0259 qoruyub saxlayaraq n\u0259sill\u0259rd\u0259n &#8211; n\u0259sill\u0259r\u0259 yetirmi\u015fdir. Bu ill\u0259r \u0259rzind\u0259 xalq\u0131m\u0131z ba\u015f\u0131na g\u0259lmi\u015f b\u0259lalar\u0131n, m\u00fcsib\u0259tl\u0259rin, ham\u0131s\u0131ndan \u00f6z g\u00fcc\u00fc, c\u0259sar\u0259ti, q\u0259hr\u0259manl\u0131\u011f\u0131 say\u0259sind\u0259 \u00e7\u0131xm\u0131\u015fd\u0131r. Xalq\u0131m\u0131z\u0131n milli-m\u0259n\u0259vi d\u0259y\u0259rl\u0259rini h\u0259m m\u00fcdafi\u0259 etm\u0259yi, h\u0259m d\u0259 qoruyub saxlama\u011f\u0131 bacaran, d\u00f6vl\u0259tl\u0259 v\u0259t\u0259nda\u015flar\u0131n m\u0259nafeyini \u00fczvi \u015f\u0259kild\u0259 birl\u0259\u015fdir\u0259n az\u0259rbaycan\u00e7\u0131l\u0131q ideologiyas\u0131 \u00f6lk\u0259d\u0259 v\u0259t\u0259nda\u015f birliyi \u00fc\u00e7\u00fcn u\u011furlu t\u0259m\u0259ldir Ulu \u00f6nd\u0259r deyirdi: \u201cH\u0259r bir insan \u00fc\u00e7\u00fcn milli m\u0259nsubiyy\u0259ti onun q\u00fcrur m\u0259nb\u0259yidir. H\u0259mi\u015f\u0259 f\u0259xr etmi\u015f\u0259m, bu g\u00fcn d\u0259 f\u0259xr edir\u0259m ki, m\u0259n az\u0259rbaycanl\u0131yam. M\u00fcst\u0259qil Az\u0259rbaycan&hellip;<\/p>\n","protected":false},"author":2,"featured_media":661840,"comment_status":"closed","ping_status":"closed","sticky":false,"template":"","format":"standard","meta":{"om_disable_all_campaigns":false,"_monsterinsights_skip_tracking":false,"_monsterinsights_sitenote_active":false,"_monsterinsights_sitenote_note":"","_monsterinsights_sitenote_category":0},"categories":[19],"tags":[],"aioseo_notices":[],"gutentor_comment":0,"rttpg_featured_image_url":{"full":["https:\/\/arantv.az\/wp-content\/uploads\/2023\/11\/c9049d2a169823034173204372410246016.jpg",975,540,false],"landscape":["https:\/\/arantv.az\/wp-content\/uploads\/2023\/11\/c9049d2a169823034173204372410246016.jpg",975,540,false],"portraits":["https:\/\/arantv.az\/wp-content\/uploads\/2023\/11\/c9049d2a169823034173204372410246016.jpg",975,540,false],"thumbnail":["https:\/\/arantv.az\/wp-content\/uploads\/2023\/11\/c9049d2a169823034173204372410246016-500x280.jpg",500,280,true],"medium":["https:\/\/arantv.az\/wp-content\/uploads\/2023\/11\/c9049d2a169823034173204372410246016-660x365.jpg",660,365,true],"large":["https:\/\/arantv.az\/wp-content\/uploads\/2023\/11\/c9049d2a169823034173204372410246016-840x465.jpg",640,354,true],"1536x1536":["https:\/\/arantv.az\/wp-content\/uploads\/2023\/11\/c9049d2a169823034173204372410246016.jpg",975,540,false],"2048x2048":["https:\/\/arantv.az\/wp-content\/uploads\/2023\/11\/c9049d2a169823034173204372410246016.jpg",975,540,false],"post-thumbnail":["https:\/\/arantv.az\/wp-content\/uploads\/2023\/11\/c9049d2a169823034173204372410246016-240x172.jpg",240,172,true],"advps-thumb-one":["https:\/\/arantv.az\/wp-content\/uploads\/2023\/11\/c9049d2a169823034173204372410246016.jpg",975,540,false]},"rttpg_author":{"display_name":"V\u00fcsal Rafiqo\u011flu","author_link":"https:\/\/arantv.az\/?author=2"},"rttpg_comment":0,"rttpg_category":"<a href=\"https:\/\/arantv.az\/?cat=19\" rel=\"category\">G\u00fcnd\u0259m<\/a>","rttpg_excerpt":"Az\u0259rbaycan xalq\u0131 \u0259srl\u0259r boyu \u00f6z tarixin\u0259, milli ruhuna, milli ad\u0259t- \u0259n\u0259n\u0259l\u0259rin\u0259 sadiq qalm\u0131\u015f v\u0259 bu duy\u011fular\u0131, bu hissl\u0259ri q\u0259lbind\u0259 qoruyub saxlayaraq n\u0259sill\u0259rd\u0259n &#8211; n\u0259sill\u0259r\u0259 yetirmi\u015fdir. Bu ill\u0259r \u0259rzind\u0259 xalq\u0131m\u0131z ba\u015f\u0131na g\u0259lmi\u015f b\u0259lalar\u0131n, m\u00fcsib\u0259tl\u0259rin, ham\u0131s\u0131ndan \u00f6z g\u00fcc\u00fc, c\u0259sar\u0259ti, q\u0259hr\u0259manl\u0131\u011f\u0131 say\u0259sind\u0259 \u00e7\u0131xm\u0131\u015fd\u0131r. Xalq\u0131m\u0131z\u0131n milli-m\u0259n\u0259vi d\u0259y\u0259rl\u0259rini h\u0259m m\u00fcdafi\u0259 etm\u0259yi, h\u0259m d\u0259 qoruyub saxlama\u011f\u0131 bacaran, d\u00f6vl\u0259tl\u0259 v\u0259t\u0259nda\u015flar\u0131n m\u0259nafeyini \u00fczvi&hellip;","_links":{"self":[{"href":"https:\/\/arantv.az\/index.php?rest_route=\/wp\/v2\/posts\/661839"}],"collection":[{"href":"https:\/\/arantv.az\/index.php?rest_route=\/wp\/v2\/posts"}],"about":[{"href":"https:\/\/arantv.az\/index.php?rest_route=\/wp\/v2\/types\/post"}],"author":[{"embeddable":true,"href":"https:\/\/arantv.az\/index.php?rest_route=\/wp\/v2\/users\/2"}],"replies":[{"embeddable":true,"href":"https:\/\/arantv.az\/index.php?rest_route=%2Fwp%2Fv2%2Fcomments&post=661839"}],"version-history":[{"count":0,"href":"https:\/\/arantv.az\/index.php?rest_route=\/wp\/v2\/posts\/661839\/revisions"}],"wp:featuredmedia":[{"embeddable":true,"href":"https:\/\/arantv.az\/index.php?rest_route=\/wp\/v2\/media\/661840"}],"wp:attachment":[{"href":"https:\/\/arantv.az\/index.php?rest_route=%2Fwp%2Fv2%2Fmedia&parent=661839"}],"wp:term":[{"taxonomy":"category","embeddable":true,"href":"https:\/\/arantv.az\/index.php?rest_route=%2Fwp%2Fv2%2Fcategories&post=661839"},{"taxonomy":"post_tag","embeddable":true,"href":"https:\/\/arantv.az\/index.php?rest_route=%2Fwp%2Fv2%2Ftags&post=661839"}],"curies":[{"name":"wp","href":"https:\/\/api.w.org\/{rel}","templated":true}]}}