{"id":661842,"date":"2023-11-27T14:46:09","date_gmt":"2023-11-27T10:46:09","guid":{"rendered":"https:\/\/arantv.az\/?p=661842"},"modified":"2023-11-27T14:46:09","modified_gmt":"2023-11-27T10:46:09","slug":"iflasa-ugrayan-m%c9%99krli-v%c9%99-cirkin-siyas%c9%99t","status":"publish","type":"post","link":"https:\/\/arantv.az\/?p=661842","title":{"rendered":"\u0130flasa u\u011frayan m\u0259krli v\u0259 \u00e7irkin siyas\u0259t"},"content":{"rendered":"<p><em><strong>Qalib Az\u0259rbaycan g\u00fcn\u00fc-g\u00fcnd\u0259n inki\u015faf edir, \u00e7i\u00e7\u0259kl\u0259nir, t\u0259kc\u0259 regionda deyil d\u00fcnyada lider d\u00f6vl\u0259tl\u0259r sirasinda add\u0131mlay\u0131r. Ali Ba\u015f Komandan, Prezident c\u0259nab \u0130lham \u018fliyevin r\u0259hb\u0259rliyi il\u0259 44 g\u00fcnl\u00fck V\u0259t\u0259n m\u00fcharib\u0259sind\u0259 d\u00fc\u015fm\u0259nin i\u015f\u011fal etdiyi \u0259z\u0259li-\u0259b\u0259di torpaqlar\u0131m\u0131z \u0259sl sahibl\u0259rin\u0259 qayar\u0131ld\u0131. M\u00fcq\u0259dd\u0259s \u00fc\u00e7r\u0259ngli bayra\u011f\u0131m\u0131z art\u0131q d\u00fc\u015fm\u0259nin \u00e7ayna\u011f\u0131ndan azad olan torpaqlar\u0131m\u0131zda q\u00fcrurla dal\u011falan\u0131r. Bu b\u00f6y\u00fck Q\u0259l\u0259b\u0259 elini-obas\u0131n\u0131 sev\u0259n, siyasi bax\u0131\u015f\u0131ndan as\u0131l\u0131 olmayaraq h\u0259r bir soyda\u015f\u0131m\u0131z\u0131 quruland\u0131r, q\u0259lbini iftixar hissi il\u0259 doldurur.<\/strong><\/em><\/p>\n<p>T\u0259\u0259ss\u00fcf do\u011furan hald\u0131r ki, \u00f6lk\u0259mizin xo\u015f g\u00fcn\u00fcn\u0259, u\u011furlar\u0131na sevinm\u0259y\u0259n sap\u0131 \u00f6z\u00fcm\u00fczd\u0259n olan k\u00fct baltalar, Az\u0259rbaycan\u0131 sevm\u0259y\u0259n quvv\u0259l\u0259rin diqt\u0259si il\u0259 oturub duran b\u0259zi insanlar yen\u0259 d\u0259 fitn\u0259-f\u0259sad i\u015fl\u0259ri il\u0259 m\u0259\u015f\u011ful olurlar. Daha do\u011frusu, d\u00fc\u015fm\u0259n d\u0259yirman\u0131na su t\u00f6k\u0259n AXCP s\u0259dri \u018fli K\u0259rimlinin trollar\u0131 onun antimilli f\u0259aliyy\u0259tinin, s\u0259hv siyas\u0259tinin qurban\u0131na \u00e7evrilm\u0259kd\u0259dirl\u0259r. S\u0259hv yolda oldu\u011funu anlayaraq, partiyadan istefa ver\u0259nl\u0259r is\u0259 \u018fli K\u0259rimlinin tap\u015f\u0131r\u0131\u011f\u0131 il\u0259 da\u015f-qalaq edilir, sosial \u015f\u0259b\u0259k\u0259l\u0259rd\u0259 t\u0259hqir olunurlar. P\u0259rvin H\u00fcseynlinin, Seymur \u018fhm\u0259dzad\u0259nin t\u0259\u015fkilatdan istefa vediyini b\u0259yan etm\u0259si d\u0259 onu g\u00f6st\u0259rir ki, \u018fli K\u0259rimlinin m\u0259krli, \u00e7irkin siyas\u0259ti art\u0131q iflasa u\u011fray\u0131r.<\/p>\n<p>Bu bir h\u0259qiq\u0259tdir ki, \u00f6zl\u0259rini AXCP adland\u0131ran bir qrup insanlar art\u0131q \u0259traflar\u0131na \u00f6zl\u0259rinin bir zamanlar \u0259n sadiq adamlar\u0131 say\u0131lan t\u0259r\u0259fda\u015flar\u0131n\u0131 bel\u0259 toplaya bilmir,onlara siyasi x\u0259ttl\u0259rini b\u0259y\u0259ndir\u0259 bilmir,\u00f6z aralar\u0131nda bel\u0259 vahid bir koordinasiya qura bilmirl\u0259r. Bel\u0259 olan halda siyasi bax\u0131\u015f\u0131ndan as\u0131l\u0131 olmayan hec bir normal insan \u00f6zunu AXCP lideri adlandiran, kecmi\u015fd\u0259 he\u00e7 bir faydal\u0131 \u0259m\u0259li olmayan, bu g\u00fcn he\u00e7 bir f\u0259aliyy\u0259ti olmayan v\u0259 g\u0259l\u0259c\u0259y\u0259 he\u00e7 bir plan\u0131 olmayan \u201clider\u201din \u0259traf\u0131nda v\u0259 yan\u0131nda qa\u0131maz. M\u0259n d\u00fc\u015f\u00fcn\u00fcr\u0259m ki, bu g\u00fcnl\u0259rd\u0259 AXCP- d\u0259n ayr\u0131lan partiya \u00fczvl\u0259ri \u00f6z siyasi s\u0259hvl\u0259rini anlam\u0131\u015f v\u0259 bundan sonra daha faydal\u0131 bir v\u0259t\u0259nda\u015f olmaq q\u0259rar\u0131 ald\u0131qlar\u0131ndan dolay\u0131 AXCP il\u0259 yollar\u0131n\u0131 ay\u0131r\u0131blar. M\u0259n bir az\u0259rbaycanl\u0131 g\u0259nc v\u0259 mill\u0259tin\u0259, xalq\u0131na, d\u00f6vl\u0259tin\u0259, d\u00f6vl\u0259tciliy\u0259 sadiq bir v\u0259t\u0259nda\u015f olaraq da\u011f\u0131d\u0131c\u0131, yanl\u0131\u015f v\u0259 s\u0259hv siyas\u0259t aparan partiyadan uzaqla\u015fan g\u0259ncl\u0259ri bu m\u00fcnasib\u0259til\u0259 t\u0259brik edir\u0259m.<\/p>\n<p><strong>Bayram Aslanov,<\/strong><br \/>\n<em>YAP \u0130dar\u0259 Heyy\u0259tinin \u00fczv\u00fc, YAP G\u0259nc\u0259 \u015f\u0259h\u0259r t\u0259\u015fkilat\u0131n\u0131n s\u0259dri<\/em><\/p>\n","protected":false},"excerpt":{"rendered":"<p>Qalib Az\u0259rbaycan g\u00fcn\u00fc-g\u00fcnd\u0259n inki\u015faf edir, \u00e7i\u00e7\u0259kl\u0259nir, t\u0259kc\u0259 regionda deyil d\u00fcnyada lider d\u00f6vl\u0259tl\u0259r sirasinda add\u0131mlay\u0131r. Ali Ba\u015f Komandan, Prezident c\u0259nab \u0130lham \u018fliyevin r\u0259hb\u0259rliyi il\u0259 44 g\u00fcnl\u00fck V\u0259t\u0259n m\u00fcharib\u0259sind\u0259 d\u00fc\u015fm\u0259nin i\u015f\u011fal etdiyi \u0259z\u0259li-\u0259b\u0259di torpaqlar\u0131m\u0131z \u0259sl sahibl\u0259rin\u0259 qayar\u0131ld\u0131. M\u00fcq\u0259dd\u0259s \u00fc\u00e7r\u0259ngli bayra\u011f\u0131m\u0131z art\u0131q d\u00fc\u015fm\u0259nin \u00e7ayna\u011f\u0131ndan azad olan torpaqlar\u0131m\u0131zda q\u00fcrurla dal\u011falan\u0131r. Bu b\u00f6y\u00fck Q\u0259l\u0259b\u0259 elini-obas\u0131n\u0131 sev\u0259n, siyasi bax\u0131\u015f\u0131ndan as\u0131l\u0131 olmayaraq h\u0259r bir soyda\u015f\u0131m\u0131z\u0131 quruland\u0131r, q\u0259lbini iftixar hissi il\u0259 doldurur. T\u0259\u0259ss\u00fcf do\u011furan hald\u0131r ki, \u00f6lk\u0259mizin xo\u015f g\u00fcn\u00fcn\u0259, u\u011furlar\u0131na sevinm\u0259y\u0259n sap\u0131 \u00f6z\u00fcm\u00fczd\u0259n olan k\u00fct baltalar, Az\u0259rbaycan\u0131 sevm\u0259y\u0259n quvv\u0259l\u0259rin diqt\u0259si il\u0259 oturub duran b\u0259zi insanlar yen\u0259 d\u0259 fitn\u0259-f\u0259sad&hellip;<\/p>\n","protected":false},"author":2,"featured_media":661843,"comment_status":"closed","ping_status":"closed","sticky":false,"template":"","format":"standard","meta":{"om_disable_all_campaigns":false,"_monsterinsights_skip_tracking":false,"_monsterinsights_sitenote_active":false,"_monsterinsights_sitenote_note":"","_monsterinsights_sitenote_category":0},"categories":[1],"tags":[],"aioseo_notices":[],"gutentor_comment":0,"rttpg_featured_image_url":{"full":["https:\/\/arantv.az\/wp-content\/uploads\/2023\/11\/fcfe9c77157176116648169150410758990.jpg",975,540,false],"landscape":["https:\/\/arantv.az\/wp-content\/uploads\/2023\/11\/fcfe9c77157176116648169150410758990.jpg",975,540,false],"portraits":["https:\/\/arantv.az\/wp-content\/uploads\/2023\/11\/fcfe9c77157176116648169150410758990.jpg",975,540,false],"thumbnail":["https:\/\/arantv.az\/wp-content\/uploads\/2023\/11\/fcfe9c77157176116648169150410758990-500x280.jpg",500,280,true],"medium":["https:\/\/arantv.az\/wp-content\/uploads\/2023\/11\/fcfe9c77157176116648169150410758990-660x365.jpg",660,365,true],"large":["https:\/\/arantv.az\/wp-content\/uploads\/2023\/11\/fcfe9c77157176116648169150410758990-840x465.jpg",640,354,true],"1536x1536":["https:\/\/arantv.az\/wp-content\/uploads\/2023\/11\/fcfe9c77157176116648169150410758990.jpg",975,540,false],"2048x2048":["https:\/\/arantv.az\/wp-content\/uploads\/2023\/11\/fcfe9c77157176116648169150410758990.jpg",975,540,false],"post-thumbnail":["https:\/\/arantv.az\/wp-content\/uploads\/2023\/11\/fcfe9c77157176116648169150410758990-240x172.jpg",240,172,true],"advps-thumb-one":["https:\/\/arantv.az\/wp-content\/uploads\/2023\/11\/fcfe9c77157176116648169150410758990.jpg",975,540,false]},"rttpg_author":{"display_name":"V\u00fcsal Rafiqo\u011flu","author_link":"https:\/\/arantv.az\/?author=2"},"rttpg_comment":0,"rttpg_category":"<a href=\"https:\/\/arantv.az\/?cat=1\" rel=\"category\">C\u0259miyy\u0259t<\/a>","rttpg_excerpt":"Qalib Az\u0259rbaycan g\u00fcn\u00fc-g\u00fcnd\u0259n inki\u015faf edir, \u00e7i\u00e7\u0259kl\u0259nir, t\u0259kc\u0259 regionda deyil d\u00fcnyada lider d\u00f6vl\u0259tl\u0259r sirasinda add\u0131mlay\u0131r. Ali Ba\u015f Komandan, Prezident c\u0259nab \u0130lham \u018fliyevin r\u0259hb\u0259rliyi il\u0259 44 g\u00fcnl\u00fck V\u0259t\u0259n m\u00fcharib\u0259sind\u0259 d\u00fc\u015fm\u0259nin i\u015f\u011fal etdiyi \u0259z\u0259li-\u0259b\u0259di torpaqlar\u0131m\u0131z \u0259sl sahibl\u0259rin\u0259 qayar\u0131ld\u0131. M\u00fcq\u0259dd\u0259s \u00fc\u00e7r\u0259ngli bayra\u011f\u0131m\u0131z art\u0131q d\u00fc\u015fm\u0259nin \u00e7ayna\u011f\u0131ndan azad olan torpaqlar\u0131m\u0131zda q\u00fcrurla dal\u011falan\u0131r. Bu b\u00f6y\u00fck Q\u0259l\u0259b\u0259 elini-obas\u0131n\u0131 sev\u0259n, siyasi bax\u0131\u015f\u0131ndan as\u0131l\u0131 olmayaraq&hellip;","_links":{"self":[{"href":"https:\/\/arantv.az\/index.php?rest_route=\/wp\/v2\/posts\/661842"}],"collection":[{"href":"https:\/\/arantv.az\/index.php?rest_route=\/wp\/v2\/posts"}],"about":[{"href":"https:\/\/arantv.az\/index.php?rest_route=\/wp\/v2\/types\/post"}],"author":[{"embeddable":true,"href":"https:\/\/arantv.az\/index.php?rest_route=\/wp\/v2\/users\/2"}],"replies":[{"embeddable":true,"href":"https:\/\/arantv.az\/index.php?rest_route=%2Fwp%2Fv2%2Fcomments&post=661842"}],"version-history":[{"count":0,"href":"https:\/\/arantv.az\/index.php?rest_route=\/wp\/v2\/posts\/661842\/revisions"}],"wp:featuredmedia":[{"embeddable":true,"href":"https:\/\/arantv.az\/index.php?rest_route=\/wp\/v2\/media\/661843"}],"wp:attachment":[{"href":"https:\/\/arantv.az\/index.php?rest_route=%2Fwp%2Fv2%2Fmedia&parent=661842"}],"wp:term":[{"taxonomy":"category","embeddable":true,"href":"https:\/\/arantv.az\/index.php?rest_route=%2Fwp%2Fv2%2Fcategories&post=661842"},{"taxonomy":"post_tag","embeddable":true,"href":"https:\/\/arantv.az\/index.php?rest_route=%2Fwp%2Fv2%2Ftags&post=661842"}],"curies":[{"name":"wp","href":"https:\/\/api.w.org\/{rel}","templated":true}]}}