{"id":661850,"date":"2023-11-27T14:55:51","date_gmt":"2023-11-27T10:55:51","guid":{"rendered":"https:\/\/arantv.az\/?p=661850"},"modified":"2023-11-27T14:55:51","modified_gmt":"2023-11-27T10:55:51","slug":"abs-c%c9%99nubi-qafqazi-qarisdirir-%c9%99n-boyuk-z%c9%99rb%c9%99-erm%c9%99nistana-d%c9%99y%c9%99c%c9%99k-s%c9%99rh-foto","status":"publish","type":"post","link":"https:\/\/arantv.az\/?p=661850","title":{"rendered":"AB\u015e C\u0259nubi Qafqaz\u0131 qar\u0131\u015fd\u0131r\u0131r: \u0259n b\u00f6y\u00fck z\u0259rb\u0259 Erm\u0259nistana d\u0259y\u0259c\u0259k &#8211; \u015e\u018fRH + FOTO"},"content":{"rendered":"<p>AB\u015e v\u0259 Fransa son zamanlar C\u0259nubi Qafqazla ba\u011fl\u0131 daha aqressiv, radikal m\u00f6vqe ortaya qoyma\u011fa ba\u015flay\u0131blar. Bu, \u00f6z\u00fcn\u00fc x\u00fcsusil\u0259 Erm\u0259nistan\u0131 silahland\u0131rmada v\u0259 Bak\u0131 il\u0259 \u0130r\u0259van aras\u0131nda israrl\u0131 vasit\u0259\u00e7ilik s\u0259yl\u0259rind\u0259 g\u00f6st\u0259rir. Haz\u0131rk\u0131 ritorika \u0259slind\u0259 Q\u0259rbin m\u0259\u011flubiyy\u0259tini etiraf etm\u0259sinin t\u0259zah\u00fcr\u00fcd\u00fcr. Onlar ba\u015fa d\u00fc\u015f\u00fcrl\u0259r ki, Az\u0259rbaycan art\u0131q regionda yeni reall\u0131qlar yarad\u0131b. Bu is\u0259 Q\u0259rbin riyakarl\u0131\u011f\u0131n\u0131n, yalan v\u0259 oyunlar\u0131n\u0131n qar\u015f\u0131s\u0131n\u0131 al\u0131r.<\/p>\n<p>M\u0259lum oldu\u011fu kimi, h\u0259m r\u0259smi Va\u015finqtonun, h\u0259m d\u0259 Parisin b\u00f6lg\u0259 il\u0259 ba\u011fl\u0131 \u00f6z planlar\u0131 var. Onlar C\u0259nubi Qafqazdak\u0131 t\u0259sir g\u00fccl\u0259rini art\u0131rmaq ist\u0259yirl\u0259r. Bu is\u0259 regiondak\u0131 g\u0259rginliyin davam etm\u0259sini v\u0259 Rusiyan\u0131n \u0259razid\u0259ki t\u0259sir dair\u0259sinin z\u0259ifl\u0259m\u0259sini t\u0259l\u0259b edir.<\/p>\n<p>A\u011f Ev v\u0259 Yelisey Saray\u0131 h\u0259r n\u0259 q\u0259d\u0259r s\u00fclh m\u00fcqavil\u0259si haqq\u0131nda dan\u0131\u015fsalar da, bu a\u00e7\u0131qlamalar bo\u011fazdan yuxar\u0131d\u0131r. \u00c7\u00fcnki s\u00fclh m\u00fcqavil\u0259si h\u0259m d\u0259 regional \u0259m\u0259kda\u015fl\u0131q m\u00fchitinin t\u0259min olunmas\u0131 dem\u0259kdir. Bu is\u0259 \u00fc\u00e7\u00fcnc\u00fc g\u00fccl\u0259rin, o c\u00fcml\u0259d\u0259n Q\u0259rbin prosesl\u0259r\u0259 m\u00fcdaxil\u0259 imkan\u0131n\u0131 minimuma endirir.<\/p>\n<p><img src=\"https:\/\/cdn.oxu.az\/uploads\/W1siZiIsIjIwMjMvMTEvMjcvMTMvMTMvNTMvM2MyZTg1OTctNWVlYS00NzMzLTk0YmYtMDcwOWQwNmQzYzcyLzc2MWRjN2JjLTE3NzYtM2QzZC1hMjZhLWIxYzYxYTI0ZWU4MCAoMSkuanBnIl0sWyJwIiwiZW5jb2RlIiwianBnIiwiLXF1YWxpdHkgODAiXSxbInAiLCJ0aHVtYiIsIjU5MHg1OTBcdTAwM2UiXV0?sha=5dc0c438e08f2cf1\" alt=\"\" \/><\/p>\n<p>Haql\u0131 suallar yaran\u0131r: Birincisi, AB\u015e v\u0259 Fransa, h\u0259qiq\u0259t\u0259n, s\u00fclh ist\u0259yirs\u0259, niy\u0259 30 il \u0259rzind\u0259 AT\u018fT-in ke\u00e7mi\u015f Minsk qrupunun h\u0259ms\u0259drl\u0259ri kimi proses\u0259 t\u00f6hf\u0259 verm\u0259dil\u0259r? \u0130kincisi, Fransa niy\u0259 Erm\u0259nistan\u0131 silahland\u0131rmaqdan \u0259l \u00e7\u0259kmir? \u00dc\u00e7\u00fcnc\u00fcs\u00fc, Q\u0259rb niy\u0259 \u0130r\u0259vana v\u0259killik edir? D\u00f6rd\u00fcnc\u00fcs\u00fc, n\u0259 \u00fc\u00e7\u00fcn Q\u0259rb t\u0259r\u0259fl\u0259ri s\u00fclh m\u00fcqavil\u0259si \u00fc\u00e7\u00fcn \u0259n uy\u011fun platforman\u0131n Va\u015finqton v\u0259 ya Br\u00fcssel oldu\u011funa inand\u0131rma\u011fa \u00e7al\u0131\u015f\u0131r? Ax\u0131 alternativl\u0259r d\u0259 var. S\u00f6zs\u00fcz ki, bu suallar\u0131n say\u0131n\u0131 art\u0131rmaq da olar.<\/p>\n<p>Q\u0259rbin regionla ba\u011fl\u0131 oyunlar\u0131n\u0131 T\u00fcrkiy\u0259 v\u0259 Rusiya da yax\u015f\u0131 g\u00f6r\u00fcr. T\u00fcrkiy\u0259 r\u0259smil\u0259ri, o c\u00fcml\u0259d\u0259n Prezident R\u0259c\u0259b Tayyib \u018frdo\u011fan son zamanlar \u00e7\u0131x\u0131\u015flar\u0131nda AB\u015e v\u0259 Fransan\u0131 a\u00e7\u0131q-a\u015fkar t\u0259nqid edib. Kremlin s\u00f6z\u00e7\u00fcs\u00fc Dmitri Peskov is\u0259 noyabr\u0131n 26-da deyib ki, b\u0259zi Q\u0259rb d\u00f6vl\u0259tl\u0259ri Qaraba\u011f \u0259traf\u0131nda sabitliyi pozma\u011fa \u00e7al\u0131\u015f\u0131r, regionda a\u00e7\u0131q \u015f\u0259kild\u0259 Rusiyaya qar\u015f\u0131 m\u00fcbariz\u0259 apar\u0131rlar.<\/p>\n<p>\u201cHaradasa, y\u0259qin ki, 5 il \u0259vv\u0259l bel\u0259 bir m\u00fcbariz\u0259 diplomatik maskalarla apar\u0131l\u0131rd\u0131. \u0130ndi bu maskalar \u00e7oxdan at\u0131l\u0131b v\u0259 m\u00fcbariz\u0259 a\u00e7\u0131q apar\u0131l\u0131r. Do\u011frudan da, bir s\u0131ra \u00f6lk\u0259l\u0259r h\u0259l\u0259 d\u0259 Qaraba\u011f \u0259traf\u0131nda sabitliyi pozma\u011fa \u00e7al\u0131\u015f\u0131r.<\/p>\n<p>N\u0259tic\u0259d\u0259 Az\u0259rbaycan t\u0259r\u0259fi r\u0259smi \u015f\u0259kild\u0259 b\u0259yan etdi ki, bu sayda d\u00f6vl\u0259tl\u0259r birt\u0259r\u0259fli m\u00f6vqe tutduqlar\u0131 \u00fc\u00e7\u00fcn \u00e7\u0259tin ki, h\u0259r hans\u0131 vasit\u0259\u00e7i roluna iddia ed\u0259 bil\u0259rl\u0259r. V\u0259 t\u0259bii ki, bel\u0259 birt\u0259r\u0259fli m\u00f6vqe tutaraq n\u0259yis\u0259 iddia etm\u0259k h\u0259m m\u00fcmk\u00fcn deyil, h\u0259m d\u0259 yersizdir\u201d, &#8211; dey\u0259 o bildirib.<\/p>\n<p><img src=\"https:\/\/cdn.oxu.az\/uploads\/W1siZiIsIjIwMjMvMTEvMjcvMTMvMTMvNTMvNzc5MWE3NTYtNzM4Zi00Mzc2LWEwOGUtMWNkYjhjYjFhM2JhLzNkOGU0Mzk0LTYwZDctMzRkMS1iZGE4LTVkMDQ2MzQ4NDgxYy5qcGciXSxbInAiLCJlbmNvZGUiLCJqcGciLCItcXVhbGl0eSA4MCJdLFsicCIsInRodW1iIiwiNTkweDU5MFx1MDAzZSJdXQ?sha=779336f9b550018a\" alt=\"\" \/><\/p>\n<p>\u018flb\u0259tt\u0259, Q\u0259rbin son zamanlar n\u00fcmayi\u015f etdirdiyi x\u00fcsusi f\u0259all\u0131q Rusiyan\u0131n maraqlar\u0131na uy\u011fun deyil. \u00c7\u00fcnki Q\u0259rbin c\u0259hdl\u0259ri r\u0259smi Moskvan\u0131n b\u00f6lg\u0259 il\u0259 ba\u011fl\u0131 m\u0259qs\u0259dl\u0259ri il\u0259 \u00fcst-\u00fcst\u0259 d\u00fc\u015fm\u00fcr. Amma onu da n\u0259z\u0259r\u0259 almaq laz\u0131md\u0131r ki, Rusiya region \u00f6lk\u0259sidir. Ona g\u00f6r\u0259 d\u0259 regional \u0259m\u0259kda\u015fl\u0131\u011f\u0131n t\u0259min olunmas\u0131nda maraql\u0131d\u0131r. Q\u0259rb is\u0259 ancaq \u00f6z prioritetl\u0259rini d\u00fc\u015f\u00fcn\u00fcr v\u0259 bunun \u00fc\u00e7\u00fcn, h\u0259tta Erm\u0259nistan\u0131 Suriyaya, Ukraynaya \u00e7evirm\u0259kd\u0259n d\u0259 \u00e7\u0259kinmir.<\/p>\n<p>G\u0259l\u0259c\u0259kd\u0259 C\u0259nubi Qafqazda Rusiya il\u0259 Q\u0259rb aras\u0131nda m\u00fcbariz\u0259nin daha da g\u00fccl\u0259n\u0259c\u0259yini proqnoz etm\u0259k olar. Bu r\u0259qab\u0259t \u015f\u0259raitind\u0259 konkret olaraq hans\u0131 t\u0259r\u0259fin qalib g\u0259l\u0259c\u0259yini dem\u0259k \u00e7\u0259tindir. Amma tarixi t\u0259cr\u00fcb\u0259 v\u0259 prosesl\u0259rin inki\u015faf\u0131 onu dem\u0259y\u0259 \u0259sas verir ki, Erm\u0259nistan hakimiyy\u0259ti siyasi irad\u0259 n\u00fcmayi\u015f etdirm\u0259diyi, \u201ciki stulda oturdu\u011fu\u201d m\u00fcdd\u0259t \u0259rzind\u0259 qurban olacaq. Az\u0259rbaycan is\u0259 m\u0259hz g\u00fccl\u00fc ordusu, diplomatiyas\u0131 v\u0259 iqtidar-xalq birliyi say\u0259sind\u0259 g\u0259l\u0259c\u0259k s\u0131naqlardan da qalib \u00e7\u0131xacaq.<\/p>\n<p><strong>\u201cReport\u201d \u0130nformasiya Agentliyi<\/strong><\/p>\n","protected":false},"excerpt":{"rendered":"<p>AB\u015e v\u0259 Fransa son zamanlar C\u0259nubi Qafqazla ba\u011fl\u0131 daha aqressiv, radikal m\u00f6vqe ortaya qoyma\u011fa ba\u015flay\u0131blar. Bu, \u00f6z\u00fcn\u00fc x\u00fcsusil\u0259 Erm\u0259nistan\u0131 silahland\u0131rmada v\u0259 Bak\u0131 il\u0259 \u0130r\u0259van aras\u0131nda israrl\u0131 vasit\u0259\u00e7ilik s\u0259yl\u0259rind\u0259 g\u00f6st\u0259rir. Haz\u0131rk\u0131 ritorika \u0259slind\u0259 Q\u0259rbin m\u0259\u011flubiyy\u0259tini etiraf etm\u0259sinin t\u0259zah\u00fcr\u00fcd\u00fcr. Onlar ba\u015fa d\u00fc\u015f\u00fcrl\u0259r ki, Az\u0259rbaycan art\u0131q regionda yeni reall\u0131qlar yarad\u0131b. Bu is\u0259 Q\u0259rbin riyakarl\u0131\u011f\u0131n\u0131n, yalan v\u0259 oyunlar\u0131n\u0131n qar\u015f\u0131s\u0131n\u0131 al\u0131r. M\u0259lum oldu\u011fu kimi, h\u0259m r\u0259smi Va\u015finqtonun, h\u0259m d\u0259 Parisin b\u00f6lg\u0259 il\u0259 ba\u011fl\u0131 \u00f6z planlar\u0131 var. Onlar C\u0259nubi Qafqazdak\u0131 t\u0259sir g\u00fccl\u0259rini art\u0131rmaq ist\u0259yirl\u0259r. Bu is\u0259 regiondak\u0131 g\u0259rginliyin davam etm\u0259sini v\u0259 Rusiyan\u0131n \u0259razid\u0259ki t\u0259sir dair\u0259sinin z\u0259ifl\u0259m\u0259sini&hellip;<\/p>\n","protected":false},"author":2,"featured_media":661851,"comment_status":"closed","ping_status":"closed","sticky":false,"template":"","format":"standard","meta":{"om_disable_all_campaigns":false,"_monsterinsights_skip_tracking":false,"_monsterinsights_sitenote_active":false,"_monsterinsights_sitenote_note":"","_monsterinsights_sitenote_category":0},"categories":[4],"tags":[],"aioseo_notices":[],"gutentor_comment":0,"rttpg_featured_image_url":{"full":["https:\/\/arantv.az\/wp-content\/uploads\/2023\/11\/20c3d9c2-3932-384a-aee6-8fca26bd911e_850.jpg",620,413,false],"landscape":["https:\/\/arantv.az\/wp-content\/uploads\/2023\/11\/20c3d9c2-3932-384a-aee6-8fca26bd911e_850.jpg",620,413,false],"portraits":["https:\/\/arantv.az\/wp-content\/uploads\/2023\/11\/20c3d9c2-3932-384a-aee6-8fca26bd911e_850.jpg",620,413,false],"thumbnail":["https:\/\/arantv.az\/wp-content\/uploads\/2023\/11\/20c3d9c2-3932-384a-aee6-8fca26bd911e_850-500x280.jpg",500,280,true],"medium":["https:\/\/arantv.az\/wp-content\/uploads\/2023\/11\/20c3d9c2-3932-384a-aee6-8fca26bd911e_850-548x365.jpg",548,365,true],"large":["https:\/\/arantv.az\/wp-content\/uploads\/2023\/11\/20c3d9c2-3932-384a-aee6-8fca26bd911e_850.jpg",620,413,false],"1536x1536":["https:\/\/arantv.az\/wp-content\/uploads\/2023\/11\/20c3d9c2-3932-384a-aee6-8fca26bd911e_850.jpg",620,413,false],"2048x2048":["https:\/\/arantv.az\/wp-content\/uploads\/2023\/11\/20c3d9c2-3932-384a-aee6-8fca26bd911e_850.jpg",620,413,false],"post-thumbnail":["https:\/\/arantv.az\/wp-content\/uploads\/2023\/11\/20c3d9c2-3932-384a-aee6-8fca26bd911e_850-240x172.jpg",240,172,true],"advps-thumb-one":["https:\/\/arantv.az\/wp-content\/uploads\/2023\/11\/20c3d9c2-3932-384a-aee6-8fca26bd911e_850.jpg",620,413,false]},"rttpg_author":{"display_name":"V\u00fcsal Rafiqo\u011flu","author_link":"https:\/\/arantv.az\/?author=2"},"rttpg_comment":0,"rttpg_category":"<a href=\"https:\/\/arantv.az\/?cat=4\" rel=\"category\">Siyas\u0259t<\/a>","rttpg_excerpt":"AB\u015e v\u0259 Fransa son zamanlar C\u0259nubi Qafqazla ba\u011fl\u0131 daha aqressiv, radikal m\u00f6vqe ortaya qoyma\u011fa ba\u015flay\u0131blar. Bu, \u00f6z\u00fcn\u00fc x\u00fcsusil\u0259 Erm\u0259nistan\u0131 silahland\u0131rmada v\u0259 Bak\u0131 il\u0259 \u0130r\u0259van aras\u0131nda israrl\u0131 vasit\u0259\u00e7ilik s\u0259yl\u0259rind\u0259 g\u00f6st\u0259rir. Haz\u0131rk\u0131 ritorika \u0259slind\u0259 Q\u0259rbin m\u0259\u011flubiyy\u0259tini etiraf etm\u0259sinin t\u0259zah\u00fcr\u00fcd\u00fcr. Onlar ba\u015fa d\u00fc\u015f\u00fcrl\u0259r ki, Az\u0259rbaycan art\u0131q regionda yeni reall\u0131qlar yarad\u0131b. Bu is\u0259 Q\u0259rbin riyakarl\u0131\u011f\u0131n\u0131n, yalan v\u0259 oyunlar\u0131n\u0131n qar\u015f\u0131s\u0131n\u0131&hellip;","_links":{"self":[{"href":"https:\/\/arantv.az\/index.php?rest_route=\/wp\/v2\/posts\/661850"}],"collection":[{"href":"https:\/\/arantv.az\/index.php?rest_route=\/wp\/v2\/posts"}],"about":[{"href":"https:\/\/arantv.az\/index.php?rest_route=\/wp\/v2\/types\/post"}],"author":[{"embeddable":true,"href":"https:\/\/arantv.az\/index.php?rest_route=\/wp\/v2\/users\/2"}],"replies":[{"embeddable":true,"href":"https:\/\/arantv.az\/index.php?rest_route=%2Fwp%2Fv2%2Fcomments&post=661850"}],"version-history":[{"count":0,"href":"https:\/\/arantv.az\/index.php?rest_route=\/wp\/v2\/posts\/661850\/revisions"}],"wp:featuredmedia":[{"embeddable":true,"href":"https:\/\/arantv.az\/index.php?rest_route=\/wp\/v2\/media\/661851"}],"wp:attachment":[{"href":"https:\/\/arantv.az\/index.php?rest_route=%2Fwp%2Fv2%2Fmedia&parent=661850"}],"wp:term":[{"taxonomy":"category","embeddable":true,"href":"https:\/\/arantv.az\/index.php?rest_route=%2Fwp%2Fv2%2Fcategories&post=661850"},{"taxonomy":"post_tag","embeddable":true,"href":"https:\/\/arantv.az\/index.php?rest_route=%2Fwp%2Fv2%2Ftags&post=661850"}],"curies":[{"name":"wp","href":"https:\/\/api.w.org\/{rel}","templated":true}]}}