{"id":66190,"date":"2019-06-13T11:45:54","date_gmt":"2019-06-13T08:45:54","guid":{"rendered":"http:\/\/arantv.az\/?p=66190"},"modified":"2019-06-13T11:45:54","modified_gmt":"2019-06-13T08:45:54","slug":"ilham-%c9%99liyev-avropa-ittifaqi-komissarini-q%c9%99bul-edib","status":"publish","type":"post","link":"https:\/\/arantv.az\/?p=66190","title":{"rendered":"\u0130lham \u018fliyev Avropa \u0130ttifaq\u0131 komissar\u0131n\u0131 q\u0259bul edib"},"content":{"rendered":"<p><strong>ARANTV.AZ<\/strong> az\u0259rtac-a istinad\u0259n x\u0259b\u0259r verir ki, Az\u0259rbaycan Respublikas\u0131n\u0131n Prezidenti \u0130lham \u018fliyev iyunun 13-d\u0259 Avropa \u0130ttifaq\u0131n\u0131n Avropa Qon\u015fuluq Siyas\u0259ti v\u0259 Geni\u015fl\u0259nm\u0259 Dan\u0131\u015f\u0131qlar\u0131 Direktorlu\u011funun komissar\u0131 Yohannes Han\u0131n ba\u015f\u00e7\u0131l\u0131q etdiyi n\u00fcmay\u0259nd\u0259 hey\u0259tini q\u0259bul edib.<\/p>\n","protected":false},"excerpt":{"rendered":"<p>ARANTV.AZ az\u0259rtac-a istinad\u0259n x\u0259b\u0259r verir ki, Az\u0259rbaycan Respublikas\u0131n\u0131n Prezidenti \u0130lham \u018fliyev iyunun 13-d\u0259 Avropa \u0130ttifaq\u0131n\u0131n Avropa Qon\u015fuluq Siyas\u0259ti v\u0259 Geni\u015fl\u0259nm\u0259 Dan\u0131\u015f\u0131qlar\u0131 Direktorlu\u011funun komissar\u0131 Yohannes Han\u0131n ba\u015f\u00e7\u0131l\u0131q etdiyi n\u00fcmay\u0259nd\u0259 hey\u0259tini q\u0259bul edib.<\/p>\n","protected":false},"author":2,"featured_media":66191,"comment_status":"closed","ping_status":"closed","sticky":false,"template":"","format":"standard","meta":{"om_disable_all_campaigns":false,"_monsterinsights_skip_tracking":false,"_monsterinsights_sitenote_active":false,"_monsterinsights_sitenote_note":"","_monsterinsights_sitenote_category":0},"categories":[4],"tags":[],"aioseo_notices":[],"gutentor_comment":0,"rttpg_featured_image_url":{"full":["https:\/\/arantv.az\/wp-content\/uploads\/2019\/06\/komiss.jpg",620,428,false],"landscape":["https:\/\/arantv.az\/wp-content\/uploads\/2019\/06\/komiss.jpg",620,428,false],"portraits":["https:\/\/arantv.az\/wp-content\/uploads\/2019\/06\/komiss.jpg",620,428,false],"thumbnail":["https:\/\/arantv.az\/wp-content\/uploads\/2019\/06\/komiss-150x150.jpg",150,150,true],"medium":["https:\/\/arantv.az\/wp-content\/uploads\/2019\/06\/komiss-300x207.jpg",300,207,true],"large":["https:\/\/arantv.az\/wp-content\/uploads\/2019\/06\/komiss.jpg",620,428,false],"1536x1536":["https:\/\/arantv.az\/wp-content\/uploads\/2019\/06\/komiss.jpg",620,428,false],"2048x2048":["https:\/\/arantv.az\/wp-content\/uploads\/2019\/06\/komiss.jpg",620,428,false],"post-thumbnail":["https:\/\/arantv.az\/wp-content\/uploads\/2019\/06\/komiss-240x172.jpg",240,172,true],"advps-thumb-one":["https:\/\/arantv.az\/wp-content\/uploads\/2019\/06\/komiss.jpg",620,428,false]},"rttpg_author":{"display_name":"V\u00fcsal Rafiqo\u011flu","author_link":"https:\/\/arantv.az\/?author=2"},"rttpg_comment":0,"rttpg_category":"<a href=\"https:\/\/arantv.az\/?cat=4\" rel=\"category\">Siyas\u0259t<\/a>","rttpg_excerpt":"ARANTV.AZ az\u0259rtac-a istinad\u0259n x\u0259b\u0259r verir ki, Az\u0259rbaycan Respublikas\u0131n\u0131n Prezidenti \u0130lham \u018fliyev iyunun 13-d\u0259 Avropa \u0130ttifaq\u0131n\u0131n Avropa Qon\u015fuluq Siyas\u0259ti v\u0259 Geni\u015fl\u0259nm\u0259 Dan\u0131\u015f\u0131qlar\u0131 Direktorlu\u011funun komissar\u0131 Yohannes Han\u0131n ba\u015f\u00e7\u0131l\u0131q etdiyi n\u00fcmay\u0259nd\u0259 hey\u0259tini q\u0259bul edib.","_links":{"self":[{"href":"https:\/\/arantv.az\/index.php?rest_route=\/wp\/v2\/posts\/66190"}],"collection":[{"href":"https:\/\/arantv.az\/index.php?rest_route=\/wp\/v2\/posts"}],"about":[{"href":"https:\/\/arantv.az\/index.php?rest_route=\/wp\/v2\/types\/post"}],"author":[{"embeddable":true,"href":"https:\/\/arantv.az\/index.php?rest_route=\/wp\/v2\/users\/2"}],"replies":[{"embeddable":true,"href":"https:\/\/arantv.az\/index.php?rest_route=%2Fwp%2Fv2%2Fcomments&post=66190"}],"version-history":[{"count":0,"href":"https:\/\/arantv.az\/index.php?rest_route=\/wp\/v2\/posts\/66190\/revisions"}],"wp:featuredmedia":[{"embeddable":true,"href":"https:\/\/arantv.az\/index.php?rest_route=\/wp\/v2\/media\/66191"}],"wp:attachment":[{"href":"https:\/\/arantv.az\/index.php?rest_route=%2Fwp%2Fv2%2Fmedia&parent=66190"}],"wp:term":[{"taxonomy":"category","embeddable":true,"href":"https:\/\/arantv.az\/index.php?rest_route=%2Fwp%2Fv2%2Fcategories&post=66190"},{"taxonomy":"post_tag","embeddable":true,"href":"https:\/\/arantv.az\/index.php?rest_route=%2Fwp%2Fv2%2Ftags&post=66190"}],"curies":[{"name":"wp","href":"https:\/\/api.w.org\/{rel}","templated":true}]}}