{"id":661938,"date":"2023-11-27T17:29:37","date_gmt":"2023-11-27T13:29:37","guid":{"rendered":"https:\/\/arantv.az\/?p=661938"},"modified":"2023-11-27T17:29:37","modified_gmt":"2023-11-27T13:29:37","slug":"seyx-heyd%c9%99rin-xizida-m%c9%99hv-olan-m%c9%99qb%c9%99r%c9%99si-foto","status":"publish","type":"post","link":"https:\/\/arantv.az\/?p=661938","title":{"rendered":"\u015eeyx Heyd\u0259rin X\u0131z\u0131da m\u0259hv olan m\u0259qb\u0259r\u0259si &#8211; FOTO"},"content":{"rendered":"<p>\u015eah \u0130smay\u0131l X\u0259tainin atas\u0131 \u015eeyx Heyd\u0259rin X\u0131z\u0131 rayonunun A\u011fd\u0259r\u0259 k\u0259ndind\u0259 yerl\u0259\u015f\u0259n m\u0259qb\u0259r\u0259si da\u011f\u0131l\u0131b.<\/p>\n<p>M\u0259s\u0259l\u0259 il\u0259 ba\u011fl\u0131 Axar.az-a a\u00e7\u0131qlama ver\u0259n M\u0259d\u0259niyy\u0259t Nazirliyi yan\u0131nda M\u0259d\u0259ni \u0130rsin Qorunmas\u0131, \u0130nki\u015faf\u0131 v\u0259 B\u0259rpas\u0131 \u00fczr\u0259 D\u00f6vl\u0259t Xidm\u0259tinin m\u0259tbuat katibi Fariz H\u00fcseynov bildirib ki, s\u00f6z\u00fcged\u0259n m\u0259qb\u0259r\u0259 da\u015f\u0131nmaz tarix-m\u0259d\u0259niyy\u0259t abid\u0259l\u0259ri siyah\u0131s\u0131na daxil edilm\u0259yib:<\/p>\n<p>\u201cT\u00fcrb\u0259 Nazirl\u0259r Kabinetinin 2 avqust 2001-il tarixli q\u0259rar\u0131 il\u0259 d\u00f6vl\u0259t t\u0259r\u0259find\u0259n m\u00fchafiz\u0259 olunan da\u015f\u0131nmaz tarix-m\u0259d\u0259niyy\u0259t abid\u0259l\u0259ri siyah\u0131s\u0131na daxil deyildir. Buna baxmayaraq, \u00f6lk\u0259 \u0259razisind\u0259 olan v\u0259 h\u0259min siyah\u0131da yer almayan abid\u0259l\u0259rin a\u015fkar olunaraq qeydiyyata g\u00f6t\u00fcr\u00fclm\u0259si istiqam\u0259tind\u0259 apar\u0131lan monitorinql\u0259r davam etdirilir. Son ill\u0259r apar\u0131lm\u0131\u015f monitorinql\u0259r n\u0259tic\u0259sind\u0259 1700-d\u0259k abid\u0259 a\u015fkar olunaraq tarixi abid\u0259l\u0259r siyah\u0131s\u0131na daxil edilib. El\u0259c\u0259 d\u0259 X\u0131z\u0131 rayonu \u00fczr\u0259 64 abid\u0259 yeni a\u015fkar olunmu\u015f abid\u0259 kimi qeydiyyata al\u0131n\u0131b. Yeni a\u015fkar olunmu\u015f b\u00fct\u00fcn abid\u0259l\u0259rin d\u00f6vl\u0259t t\u0259r\u0259find\u0259n m\u00fchafiz\u0259 olunan tarix-m\u0259d\u0259niyy\u0259t abid\u0259l\u0259ri siyah\u0131s\u0131na daxil edilm\u0259si \u00fc\u00e7\u00fcn m\u00fcvafiq d\u00f6vl\u0259t orqanlar\u0131na t\u0259qdim olunacaq. Bundan sonra h\u0259min abid\u0259l\u0259rin t\u0259mir-b\u0259rpa, konservasiya, restavrasiyas\u0131 istiqam\u0259tind\u0259 i\u015fl\u0259rin h\u0259yata ke\u00e7irilm\u0259si n\u0259z\u0259rd\u0259 tutulur\u201d.<\/p>\n<p>Qeyd ed\u0259k ki, 1488-ci ild\u0259 \u015eahda\u011f\u0131n \u0259t\u0259yind\u0259 \u015eirvan\u015fahlar\u0131n birl\u0259\u015fmi\u015f q\u00fcvv\u0259l\u0259ri il\u0259 q\u0131z\u0131lba\u015f qo\u015funlar\u0131 aras\u0131nda ba\u015f vermi\u015f d\u00f6y\u00fc\u015f n\u0259tic\u0259sind\u0259 \u00f6ld\u00fcr\u00fcl\u0259n \u015eeyx Heyd\u0259r m\u00fcridl\u0259ri t\u0259r\u0259find\u0259n el\u0259 orada da d\u0259fn olunub. Sonradan onun qal\u0131qlar\u0131 \u018frd\u0259bil\u0259 apar\u0131l\u0131b.<\/p>\n<p>&nbsp;<\/p>\n<div class=\"gallery\">\n<div class=\"gallery-i\"><img src=\"https:\/\/cdn.oxu.az\/uploads\/W1siZiIsIjIwMjMvMTEvMjcvMTUvMTUvMjMvZGVmZWM0ZWYtOGFmNi00NmFkLTk3NDUtOThkYjdhZDk2MzJjLzM5MzA5ODYyNF83NjIxNTc0MzU5NTY5NDBfNDg0NzQyNjA5ODU0MTA4ODAxMl9uLmpwZyJdLFsicCIsImVuY29kZSIsImpwZyIsIi1xdWFsaXR5IDgwIl0sWyJwIiwidGh1bWIiLCI1OTB4NTkwXHUwMDNlIl1d?sha=3797321e1044ce15\" alt=\"\" \/><\/p>\n<div class=\"gallery-i-caption\"><\/div>\n<\/div>\n<div class=\"gallery-i\"><img src=\"https:\/\/cdn.oxu.az\/uploads\/W1siZiIsIjIwMjMvMTEvMjcvMTUvMTUvMjMvODQ3NmI2ZWEtNjU5My00NjllLTlhNzUtYmY3NTdmN2ZiYmRjLzM5NDAyMzkyM18xMDE5NDYzMTM5MzIyNzUxXzM2MzMzMzQ3ODQ0NTE1NzcwODlfbi5qcGciXSxbInAiLCJlbmNvZGUiLCJqcGciLCItcXVhbGl0eSA4MCJdLFsicCIsInRodW1iIiwiNTkweDU5MFx1MDAzZSJdXQ?sha=83e0066e9f359089\" alt=\"\" \/><\/div>\n<\/div>\n","protected":false},"excerpt":{"rendered":"<p>\u015eah \u0130smay\u0131l X\u0259tainin atas\u0131 \u015eeyx Heyd\u0259rin X\u0131z\u0131 rayonunun A\u011fd\u0259r\u0259 k\u0259ndind\u0259 yerl\u0259\u015f\u0259n m\u0259qb\u0259r\u0259si da\u011f\u0131l\u0131b. M\u0259s\u0259l\u0259 il\u0259 ba\u011fl\u0131 Axar.az-a a\u00e7\u0131qlama ver\u0259n M\u0259d\u0259niyy\u0259t Nazirliyi yan\u0131nda M\u0259d\u0259ni \u0130rsin Qorunmas\u0131, \u0130nki\u015faf\u0131 v\u0259 B\u0259rpas\u0131 \u00fczr\u0259 D\u00f6vl\u0259t Xidm\u0259tinin m\u0259tbuat katibi Fariz H\u00fcseynov bildirib ki, s\u00f6z\u00fcged\u0259n m\u0259qb\u0259r\u0259 da\u015f\u0131nmaz tarix-m\u0259d\u0259niyy\u0259t abid\u0259l\u0259ri siyah\u0131s\u0131na daxil edilm\u0259yib: \u201cT\u00fcrb\u0259 Nazirl\u0259r Kabinetinin 2 avqust 2001-il tarixli q\u0259rar\u0131 il\u0259 d\u00f6vl\u0259t t\u0259r\u0259find\u0259n m\u00fchafiz\u0259 olunan da\u015f\u0131nmaz tarix-m\u0259d\u0259niyy\u0259t abid\u0259l\u0259ri siyah\u0131s\u0131na daxil deyildir. Buna baxmayaraq, \u00f6lk\u0259 \u0259razisind\u0259 olan v\u0259 h\u0259min siyah\u0131da yer almayan abid\u0259l\u0259rin a\u015fkar olunaraq qeydiyyata g\u00f6t\u00fcr\u00fclm\u0259si istiqam\u0259tind\u0259 apar\u0131lan monitorinql\u0259r davam etdirilir. Son ill\u0259r apar\u0131lm\u0131\u015f monitorinql\u0259r n\u0259tic\u0259sind\u0259 1700-d\u0259k&hellip;<\/p>\n","protected":false},"author":2,"featured_media":661939,"comment_status":"closed","ping_status":"closed","sticky":false,"template":"","format":"standard","meta":{"om_disable_all_campaigns":false,"_monsterinsights_skip_tracking":false,"_monsterinsights_sitenote_active":false,"_monsterinsights_sitenote_note":"","_monsterinsights_sitenote_category":0},"categories":[1],"tags":[],"aioseo_notices":[],"gutentor_comment":0,"rttpg_featured_image_url":{"full":["https:\/\/arantv.az\/wp-content\/uploads\/2023\/11\/sheyx-meqbere.jpg",620,413,false],"landscape":["https:\/\/arantv.az\/wp-content\/uploads\/2023\/11\/sheyx-meqbere.jpg",620,413,false],"portraits":["https:\/\/arantv.az\/wp-content\/uploads\/2023\/11\/sheyx-meqbere.jpg",620,413,false],"thumbnail":["https:\/\/arantv.az\/wp-content\/uploads\/2023\/11\/sheyx-meqbere-500x280.jpg",500,280,true],"medium":["https:\/\/arantv.az\/wp-content\/uploads\/2023\/11\/sheyx-meqbere-548x365.jpg",548,365,true],"large":["https:\/\/arantv.az\/wp-content\/uploads\/2023\/11\/sheyx-meqbere.jpg",620,413,false],"1536x1536":["https:\/\/arantv.az\/wp-content\/uploads\/2023\/11\/sheyx-meqbere.jpg",620,413,false],"2048x2048":["https:\/\/arantv.az\/wp-content\/uploads\/2023\/11\/sheyx-meqbere.jpg",620,413,false],"post-thumbnail":["https:\/\/arantv.az\/wp-content\/uploads\/2023\/11\/sheyx-meqbere-240x172.jpg",240,172,true],"advps-thumb-one":["https:\/\/arantv.az\/wp-content\/uploads\/2023\/11\/sheyx-meqbere.jpg",620,413,false]},"rttpg_author":{"display_name":"V\u00fcsal Rafiqo\u011flu","author_link":"https:\/\/arantv.az\/?author=2"},"rttpg_comment":0,"rttpg_category":"<a href=\"https:\/\/arantv.az\/?cat=1\" rel=\"category\">C\u0259miyy\u0259t<\/a>","rttpg_excerpt":"\u015eah \u0130smay\u0131l X\u0259tainin atas\u0131 \u015eeyx Heyd\u0259rin X\u0131z\u0131 rayonunun A\u011fd\u0259r\u0259 k\u0259ndind\u0259 yerl\u0259\u015f\u0259n m\u0259qb\u0259r\u0259si da\u011f\u0131l\u0131b. M\u0259s\u0259l\u0259 il\u0259 ba\u011fl\u0131 Axar.az-a a\u00e7\u0131qlama ver\u0259n M\u0259d\u0259niyy\u0259t Nazirliyi yan\u0131nda M\u0259d\u0259ni \u0130rsin Qorunmas\u0131, \u0130nki\u015faf\u0131 v\u0259 B\u0259rpas\u0131 \u00fczr\u0259 D\u00f6vl\u0259t Xidm\u0259tinin m\u0259tbuat katibi Fariz H\u00fcseynov bildirib ki, s\u00f6z\u00fcged\u0259n m\u0259qb\u0259r\u0259 da\u015f\u0131nmaz tarix-m\u0259d\u0259niyy\u0259t abid\u0259l\u0259ri siyah\u0131s\u0131na daxil edilm\u0259yib: \u201cT\u00fcrb\u0259 Nazirl\u0259r Kabinetinin 2 avqust 2001-il tarixli q\u0259rar\u0131 il\u0259 d\u00f6vl\u0259t&hellip;","_links":{"self":[{"href":"https:\/\/arantv.az\/index.php?rest_route=\/wp\/v2\/posts\/661938"}],"collection":[{"href":"https:\/\/arantv.az\/index.php?rest_route=\/wp\/v2\/posts"}],"about":[{"href":"https:\/\/arantv.az\/index.php?rest_route=\/wp\/v2\/types\/post"}],"author":[{"embeddable":true,"href":"https:\/\/arantv.az\/index.php?rest_route=\/wp\/v2\/users\/2"}],"replies":[{"embeddable":true,"href":"https:\/\/arantv.az\/index.php?rest_route=%2Fwp%2Fv2%2Fcomments&post=661938"}],"version-history":[{"count":0,"href":"https:\/\/arantv.az\/index.php?rest_route=\/wp\/v2\/posts\/661938\/revisions"}],"wp:featuredmedia":[{"embeddable":true,"href":"https:\/\/arantv.az\/index.php?rest_route=\/wp\/v2\/media\/661939"}],"wp:attachment":[{"href":"https:\/\/arantv.az\/index.php?rest_route=%2Fwp%2Fv2%2Fmedia&parent=661938"}],"wp:term":[{"taxonomy":"category","embeddable":true,"href":"https:\/\/arantv.az\/index.php?rest_route=%2Fwp%2Fv2%2Fcategories&post=661938"},{"taxonomy":"post_tag","embeddable":true,"href":"https:\/\/arantv.az\/index.php?rest_route=%2Fwp%2Fv2%2Ftags&post=661938"}],"curies":[{"name":"wp","href":"https:\/\/api.w.org\/{rel}","templated":true}]}}