{"id":661981,"date":"2023-11-27T18:41:26","date_gmt":"2023-11-27T14:41:26","guid":{"rendered":"https:\/\/arantv.az\/?p=661981"},"modified":"2023-11-27T18:41:26","modified_gmt":"2023-11-27T14:41:26","slug":"bakidan-baslayan-h%c9%99r%c9%99kat-fransa-must%c9%99ml%c9%99k%c9%99l%c9%99rind%c9%99-etiraz-dalgasi-gucl%c9%99nir-s%c9%99rh-foto","status":"publish","type":"post","link":"https:\/\/arantv.az\/?p=661981","title":{"rendered":"Bak\u0131dan ba\u015flayan h\u0259r\u0259kat: Fransa m\u00fcst\u0259ml\u0259k\u0259l\u0259rind\u0259 etiraz dal\u011fas\u0131 g\u00fccl\u0259nir &#8211; \u015e\u018fRH + FOTO"},"content":{"rendered":"<p>\u018fsrl\u0259r boyu Afrikada v\u0259 d\u00fcnyan\u0131n f\u0259rqli regionlar\u0131nda bir s\u0131ra \u00f6lk\u0259l\u0259ri m\u00fcst\u0259ml\u0259k\u0259si olaraq g\u00f6r\u0259n, q\u0259tliamlar t\u00f6r\u0259d\u0259n, \u0259li milyonlarla insan\u0131n qan\u0131na batan Fransa xarici v\u0259 daxili siyas\u0259td\u0259 ciddi probleml\u0259r ya\u015fay\u0131r. Hakimiyy\u0259tin yar\u0131tmaz idar\u0259\u00e7iliyinin n\u0259tic\u0259sidir ki, indi bu d\u00f6vl\u0259t ke\u00e7mi\u015f m\u00fcst\u0259ml\u0259k\u0259l\u0259rind\u0259n biab\u0131r\u00e7\u0131 formada qovulur. H\u0259min \u00f6lk\u0259l\u0259rd\u0259 Paris\u0259 qar\u015f\u0131 etiraz aksiyalar\u0131 s\u0259ngimir. Ke\u00e7mi\u015f m\u00fcst\u0259ml\u0259k\u0259l\u0259rd\u0259 Yelisey saray\u0131na qar\u015f\u0131 \u00e7\u0131x\u0131\u015flar, naraz\u0131l\u0131qlar g\u00fcn\u00fc-g\u00fcnd\u0259n art\u0131r.<\/p>\n<p>Ke\u00e7mi\u015f m\u00fcst\u0259ml\u0259k\u0259l\u0259rd\u0259 ke\u00e7iril\u0259n aksiyalarda art\u0131q konkret t\u0259l\u0259bl\u0259r qoyulur, m\u00fcst\u0259qilliyin vacibliyi ir\u0259li s\u00fcr\u00fcl\u00fcr. Bunun s\u0259b\u0259bl\u0259rind\u0259n biri d\u0259 Bak\u0131da ke\u00e7iril\u0259n \u00e7oxsayl\u0131 beyn\u0259lxalq konfranslar, forumlard\u0131r. H\u0259min t\u0259dbirl\u0259rd\u0259 ke\u00e7mi\u015f koloniyalar\u0131 t\u0259msil ed\u0259n \u015f\u0259xsl\u0259r bildirdil\u0259r ki, art\u0131q m\u00fcst\u0259qil olmaq ist\u0259yir, idar\u0259 olunma\u011f\u0131 r\u0259dd edirl\u0259r. \u018fn \u0259sas\u0131, m\u0259hz Bak\u0131da ke\u00e7iril\u0259n t\u0259dbirl\u0259rd\u0259 birg\u0259 f\u0259aliyy\u0259t proqram\u0131 &#8211; Qo\u015fulmama H\u0259r\u0259kat\u0131n\u0131n Bak\u0131 T\u0259\u015f\u0259bb\u00fcs Qrupu yarad\u0131l\u0131b. N\u0259tic\u0259 d\u0259 ortadad\u0131r. \u00d6t\u0259n h\u0259ft\u0259 Fransan\u0131n m\u00fcst\u0259ml\u0259k\u0259 siyas\u0259tind\u0259n \u0259ziyy\u0259t \u00e7\u0259k\u0259n Yeni Kaledoniyada frans\u0131zlar\u0131n neokolonializm siyas\u0259tin\u0259 qar\u015f\u0131 etiraz aksiyas\u0131 ke\u00e7irildi. Xarici i\u015fl\u0259r naziri Jerald Dermanenin s\u0259f\u0259rin\u0259 etiraz olaraq ba\u015f tutan aksiyada 10 min\u0259 yax\u0131n insan\u0131n i\u015ftirak etdiyi bildirilir. M\u00fcst\u0259qillik t\u0259l\u0259b ed\u0259n insanlar aksiyalar zaman\u0131 Fransan\u0131n m\u00fcst\u0259ml\u0259k\u0259 siyas\u0259tini if\u015fa ed\u0259n d\u00f6vl\u0259tl\u0259rin, x\u00fcsus\u0259n d\u0259 Az\u0259rbaycan\u0131n bayra\u011f\u0131n\u0131 qald\u0131r\u0131blar.<\/p>\n<p>Bundan \u0259vv\u0259l dig\u0259r \u00f6lk\u0259l\u0259rd\u0259 d\u0259 Fransa z\u00fclm\u00fcn\u0259 qar\u015f\u0131 aksiyalar ke\u00e7irilib v\u0259 Rusiya bayra\u011f\u0131 dal\u011faland\u0131r\u0131l\u0131b. \u201cBiz he\u00e7 zaman ata-babalar\u0131m\u0131z\u0131n azad olmaq arzusundan imtina etm\u0259y\u0259c\u0259yik\u201d, &#8211; etiraz\u00e7\u0131lar aksiya zaman\u0131 b\u0259yan edibl\u0259r.<\/p>\n<p><img src=\"https:\/\/cdn.oxu.az\/uploads\/W1siZiIsIjIwMjMvMTEvMjcvMTYvNDUvNTUvMmI2ZDQ3ZjctOTBiYy00ZWZhLThlYzItZDI5OGU4MDgyMTgxLzVlZTdjOTlhLTFiY2ItMzFmYS1hY2M3LWY2ZTgwODhmYjQwYi5qcGciXSxbInAiLCJlbmNvZGUiLCJqcGciLCItcXVhbGl0eSA4MCJdLFsicCIsInRodW1iIiwiNTkweDU5MFx1MDAzZSJdXQ?sha=78adf8766166a324\" alt=\"\" \/><\/p>\n<p>B\u0259s Fransan\u0131n ke\u00e7mi\u015f koloniyalar\u0131nda artan etirazlar\u0131n s\u0259b\u0259bi n\u0259dir? G\u00f6r\u00fcn\u0259n odur ki, art\u0131q daha \u00e7ox \u00f6lk\u0259 onun t\u0259sir dair\u0259sind\u0259n \u00e7\u0131xmaq ist\u0259yir, \u00f6zl\u0259rin\u0259 yeni t\u0259r\u0259fda\u015flar axtar\u0131rlar.<\/p>\n<p>\u201cKaledoniyal\u0131lar Fransa il\u0259 m\u00fcnasib\u0259tl\u0259ri niy\u0259 k\u0259sm\u0259k ist\u0259yirl\u0259r?\u201d Bu sor\u011fu il\u0259 r\u0259yi soru\u015fulanlar hesab edirl\u0259r ki, COVID-19 pandemiyas\u0131 zaman\u0131 onlar\u0131n \u0259razisind\u0259 referendum ke\u00e7irilib, lakin n\u0259tic\u0259l\u0259r saxtala\u015fd\u0131r\u0131l\u0131b.<\/p>\n<p>\u201cYeni Kaledoniya sakinl\u0259rinin \u00f6z m\u00fcq\u0259dd\u0259rat\u0131n\u0131 t\u0259yin etm\u0259k h\u00fcququ var v\u0259 biz problemin h\u0259lli yollar\u0131n\u0131 axtar\u0131r\u0131q\u201d, &#8211; kaledoniyal\u0131lar m\u00fcst\u0259qil v\u0259 azad olma\u011f\u0131n vacibliyini qeyd edibl\u0259r. Onlar frans\u0131z xalq\u0131na qar\u015f\u0131 deyil, bu \u00f6lk\u0259nin m\u00fcst\u0259ml\u0259k\u0259\u00e7ilik siyas\u0259tin\u0259 qar\u015f\u0131 m\u00fcbariz\u0259 apard\u0131qlar\u0131n\u0131, \u00f6lk\u0259nin m\u00fcst\u0259ml\u0259k\u0259\u00e7ilik siyas\u0259tinin qaneedici olmad\u0131\u011f\u0131n\u0131 ir\u0259li s\u00fcr\u00fcbl\u0259r. V\u0259ziyy\u0259tin bu h\u0259dd\u0259 \u00e7atmas\u0131nda is\u0259 indiki prezident Emmanuel Makron ittiham edilir. Bildirilir ki, Makron s\u0259l\u0259fl\u0259rind\u0259n daha \u00e7ox m\u00fcst\u0259ml\u0259k\u0259\u00e7ilik x\u0259ttin\u0259 sadiqdir. Yeni Kaledoniya xalq\u0131n\u0131n nailiyy\u0259tl\u0259rini azaltma\u011fa, azadl\u0131qlar\u0131n\u0131 bo\u011fma\u011fa \u00e7al\u0131\u015fan Parisin bununla da \u00f6z m\u00fcst\u0259ml\u0259k\u0259\u00e7ilik siyas\u0259tini h\u0259yata ke\u00e7irdiyi vur\u011fulan\u0131r.<\/p>\n<p>B\u0259s ke\u00e7mi\u015f m\u00fcst\u0259ml\u0259k\u0259l\u0259rin aksiyalarda Az\u0259rbaycan v\u0259 Rusiya bayraqlar\u0131n\u0131 qald\u0131rmalar\u0131 n\u0259 anlama g\u0259lir? Rusiyan\u0131n M\u00fcasir D\u00f6vl\u0259t \u0130nki\u015faf\u0131 \u0130nstitutunun direktoru Dmitri Solonnikov Kremlin n\u0259zar\u0259tind\u0259 olan saytlardan birin\u0259 bildirib ki, Az\u0259rbaycan bayra\u011f\u0131n\u0131n uzaq Yeni Kaledoniyada k\u00fc\u00e7\u0259 mitinqind\u0259 g\u00f6r\u00fcnm\u0259si t\u0259sad\u00fcfi deyil.<\/p>\n<p><img src=\"https:\/\/cdn.oxu.az\/uploads\/W1siZiIsIjIwMjMvMTEvMjcvMTYvNDUvNTUvODgyNjhjNTAtNzY4YS00MDBiLWIwNWEtMzY1NGQzOGM1ZjNhLzk1Y2EwZmJiLWM1NWItM2UyZi1iZTIxLWRjOWEyYWFjMWI0MC5qcGciXSxbInAiLCJlbmNvZGUiLCJqcGciLCItcXVhbGl0eSA4MCJdLFsicCIsInRodW1iIiwiNTkweDU5MFx1MDAzZSJdXQ?sha=0b3f55d103bcf334\" alt=\"\" \/><\/p>\n<p>\u201cAz\u0259rbaycan d\u0259f\u0259l\u0259rl\u0259 neokolonializml\u0259 m\u00fcbariz\u0259 aparan xalqlara d\u0259st\u0259yini ifad\u0259 edib. O, ilk n\u00f6vb\u0259d\u0259, m\u00fcasir frans\u0131z neokolonializminin m\u0259nfi t\u0259zah\u00fcr\u00fcn\u00fc elan etdi. Onun m\u00f6vqeyi d\u00fcnyada m\u0259lumdur, h\u0259tta Afrika, Okeaniya \u00f6lk\u0259l\u0259rind\u0259, Sakit okean\u0131n ada d\u00f6vl\u0259tl\u0259rind\u0259, Hind v\u0259 Atlantik okean\u0131nda da n\u0259z\u0259r\u0259 \u00e7arp\u0131r\u201d, &#8211; politoloq b\u0259yan edib. O qeyd edib ki, haz\u0131rda Qo\u015fulmama H\u0259r\u0259kat\u0131 neokolonializm\u0259 qar\u015f\u0131 \u00e7\u0131xan d\u00fcnya platformalar\u0131ndan birin\u0259 \u00e7evrilib. Onun k\u00f6m\u0259yi il\u0259 Q\u0259rbin m\u00fcst\u0259ml\u0259k\u0259\u00e7ilik siyas\u0259tinin b\u00fct\u00fcn n\u0259tic\u0259l\u0259rini g\u00f6r\u0259n v\u0259 xarici i\u015f\u011fal\u0131 ya\u015fayan bir \u00e7ox \u00f6lk\u0259 v\u0259 xalqlar \u00f6z s\u00f6zl\u0259rini dem\u0259k \u00fc\u00e7\u00fcn platforma tap\u0131blar\u201d, &#8211; ekspert bildirib.<\/p>\n<p>Solonnikovun xat\u0131rlatd\u0131\u011f\u0131 kimi, son ill\u0259rd\u0259 bir ne\u00e7\u0259 dig\u0259r ke\u00e7mi\u015f Fransa koloniyas\u0131 Parisin t\u0259sirind\u0259n qurtulmaq ist\u0259yini ifad\u0259 edib. Ox\u015far \u00e7a\u011f\u0131r\u0131\u015flar Mali, Burkina-Faso v\u0259 Nigerd\u0259ki etirazlar zaman\u0131 da edilib.<\/p>\n<p>\u201cOrada h\u0259m hakimiyy\u0259t, h\u0259m d\u0259 k\u00fc\u00e7\u0259 etirazlar\u0131n\u0131n i\u015ftirak\u00e7\u0131lar\u0131 frans\u0131z qo\u015funlar\u0131n\u0131n \u00e7\u0131xar\u0131lmas\u0131n\u0131 t\u0259l\u0259b etdil\u0259r &#8211; v\u0259 orada yerli bayraqlarla yana\u015f\u0131, yerli sakinl\u0259r Moskvadan d\u0259st\u0259k g\u00f6rd\u00fckl\u0259ri \u00fc\u00e7\u00fcn meydanlar \u00fcz\u0259rind\u0259 Rusiya bayra\u011f\u0131 dal\u011faland\u0131\u201d, &#8211; Solonnikov vur\u011fulay\u0131b.<\/p>\n<p><img src=\"https:\/\/cdn.oxu.az\/uploads\/W1siZiIsIjIwMjMvMTEvMjcvMTYvNDUvNTUvMDhlZmFjOGEtMzc0ZC00ZjdkLWJhMzMtMWRjMTZhNzM3NjQ5L2I2MTVlOTNhLWEyODItMzI3My1iNGVmLTNmNzU0ZTc1Y2Q4Yi5qcGciXSxbInAiLCJlbmNvZGUiLCJqcGciLCItcXVhbGl0eSA4MCJdLFsicCIsInRodW1iIiwiNTkweDU5MFx1MDAzZSJdXQ?sha=bd8cf51f1dbd79a5\" alt=\"\" \/><\/p>\n<p>Ekspert hesab edir ki, g\u00f6r\u00fcn\u00fcr, xaricd\u0259ki m\u00fcst\u0259ml\u0259k\u0259l\u0259rd\u0259 Fransan\u0131n diktaturas\u0131ndan xilas olmaq \u00fcmidl\u0259ri d\u0259 Bak\u0131ya ba\u011flan\u0131b.<\/p>\n<p>Bel\u0259likl\u0259, Fransa art\u0131q Afrikada v\u0259 dig\u0259r \u0259razil\u0259rd\u0259ki m\u00f6vqeyi il\u0259 yana\u015f\u0131, n\u00fcfuz v\u0259 g\u0259lirini d\u0259 itirir. M\u0259s\u0259l\u0259n, son hakimiyy\u0259t d\u0259yi\u015fikliyin\u0259 q\u0259d\u0259r Niger Fransa t\u0259sirinin son qalalar\u0131ndan biri hesab olunurdu. Bu, b\u00f6y\u00fck \u00f6l\u00e7\u00fcd\u0259 \u00f6lk\u0259nin Fransa n\u00fcv\u0259 enerjisinin \u0259sas elementi olan uran\u0131n strateji ehtiyatlar\u0131 il\u0259 ba\u011fl\u0131 idi. Fransan\u0131n istehlak etdiyi uran\u0131n 40%-\u0259 q\u0259d\u0259ri Nigerd\u0259n g\u0259lirdi, indi bu g\u0259lird\u0259n m\u0259hrum olub. Ke\u00e7mi\u015f m\u00fcst\u0259ml\u0259k\u0259l\u0259rin valyuta ehtiyatlar\u0131n\u0131n 80%-d\u0259n \u00e7oxu Fransa X\u0259zin\u0259darl\u0131\u011f\u0131n\u0131n n\u0259zar\u0259tind\u0259 olan \u201c\u0259m\u0259liyyat hesablar\u0131nda\u201d saxlan\u0131l\u0131r. Ekspertl\u0259rin fikrinc\u0259, haz\u0131rda bu r\u0259q\u0259m 500 milyard dollard\u0131r. Bu v\u0259sait Afrika \u00f6lk\u0259l\u0259rinin olsa da, onun yaln\u0131z 15%-ni x\u0259rcl\u0259y\u0259 bilirl\u0259r.<\/p>\n<p>Yuxar\u0131da qeyd etdiyimiz kimi, ilk d\u0259f\u0259 olaraq Bak\u0131da Fransan\u0131n m\u00fcst\u0259ml\u0259k\u0259 mahiyy\u0259tinin ortaya qoyuldu\u011fu t\u0259dbirl\u0259r \u00f6z konkret n\u0259tic\u0259sini g\u00f6st\u0259rir. Art\u0131q Az\u0259rbaycan paytaxt\u0131 h\u00fcquqlar\u0131 tapdalanan azsayl\u0131 xalqlar \u00fc\u00e7\u00fcn \u00fcmid yerin\u0259 \u00e7evrilir v\u0259 proses davam ed\u0259c\u0259k.<\/p>\n<p><strong>\u201cReport\u201d \u0130nformasiya Agentliyi<\/strong><\/p>\n","protected":false},"excerpt":{"rendered":"<p>\u018fsrl\u0259r boyu Afrikada v\u0259 d\u00fcnyan\u0131n f\u0259rqli regionlar\u0131nda bir s\u0131ra \u00f6lk\u0259l\u0259ri m\u00fcst\u0259ml\u0259k\u0259si olaraq g\u00f6r\u0259n, q\u0259tliamlar t\u00f6r\u0259d\u0259n, \u0259li milyonlarla insan\u0131n qan\u0131na batan Fransa xarici v\u0259 daxili siyas\u0259td\u0259 ciddi probleml\u0259r ya\u015fay\u0131r. Hakimiyy\u0259tin yar\u0131tmaz idar\u0259\u00e7iliyinin n\u0259tic\u0259sidir ki, indi bu d\u00f6vl\u0259t ke\u00e7mi\u015f m\u00fcst\u0259ml\u0259k\u0259l\u0259rind\u0259n biab\u0131r\u00e7\u0131 formada qovulur. H\u0259min \u00f6lk\u0259l\u0259rd\u0259 Paris\u0259 qar\u015f\u0131 etiraz aksiyalar\u0131 s\u0259ngimir. Ke\u00e7mi\u015f m\u00fcst\u0259ml\u0259k\u0259l\u0259rd\u0259 Yelisey saray\u0131na qar\u015f\u0131 \u00e7\u0131x\u0131\u015flar, naraz\u0131l\u0131qlar g\u00fcn\u00fc-g\u00fcnd\u0259n art\u0131r. Ke\u00e7mi\u015f m\u00fcst\u0259ml\u0259k\u0259l\u0259rd\u0259 ke\u00e7iril\u0259n aksiyalarda art\u0131q konkret t\u0259l\u0259bl\u0259r qoyulur, m\u00fcst\u0259qilliyin vacibliyi ir\u0259li s\u00fcr\u00fcl\u00fcr. Bunun s\u0259b\u0259bl\u0259rind\u0259n biri d\u0259 Bak\u0131da ke\u00e7iril\u0259n \u00e7oxsayl\u0131 beyn\u0259lxalq konfranslar, forumlard\u0131r. H\u0259min t\u0259dbirl\u0259rd\u0259 ke\u00e7mi\u015f koloniyalar\u0131 t\u0259msil ed\u0259n \u015f\u0259xsl\u0259r bildirdil\u0259r ki, art\u0131q m\u00fcst\u0259qil&hellip;<\/p>\n","protected":false},"author":2,"featured_media":661982,"comment_status":"closed","ping_status":"closed","sticky":false,"template":"","format":"standard","meta":{"om_disable_all_campaigns":false,"_monsterinsights_skip_tracking":false,"_monsterinsights_sitenote_active":false,"_monsterinsights_sitenote_note":"","_monsterinsights_sitenote_category":0},"categories":[4],"tags":[],"aioseo_notices":[],"gutentor_comment":0,"rttpg_featured_image_url":{"full":["https:\/\/arantv.az\/wp-content\/uploads\/2023\/11\/d66c88ff-b326-3deb-abd7-6f444d36e1c5_850.jpg",620,413,false],"landscape":["https:\/\/arantv.az\/wp-content\/uploads\/2023\/11\/d66c88ff-b326-3deb-abd7-6f444d36e1c5_850.jpg",620,413,false],"portraits":["https:\/\/arantv.az\/wp-content\/uploads\/2023\/11\/d66c88ff-b326-3deb-abd7-6f444d36e1c5_850.jpg",620,413,false],"thumbnail":["https:\/\/arantv.az\/wp-content\/uploads\/2023\/11\/d66c88ff-b326-3deb-abd7-6f444d36e1c5_850-500x280.jpg",500,280,true],"medium":["https:\/\/arantv.az\/wp-content\/uploads\/2023\/11\/d66c88ff-b326-3deb-abd7-6f444d36e1c5_850-548x365.jpg",548,365,true],"large":["https:\/\/arantv.az\/wp-content\/uploads\/2023\/11\/d66c88ff-b326-3deb-abd7-6f444d36e1c5_850.jpg",620,413,false],"1536x1536":["https:\/\/arantv.az\/wp-content\/uploads\/2023\/11\/d66c88ff-b326-3deb-abd7-6f444d36e1c5_850.jpg",620,413,false],"2048x2048":["https:\/\/arantv.az\/wp-content\/uploads\/2023\/11\/d66c88ff-b326-3deb-abd7-6f444d36e1c5_850.jpg",620,413,false],"post-thumbnail":["https:\/\/arantv.az\/wp-content\/uploads\/2023\/11\/d66c88ff-b326-3deb-abd7-6f444d36e1c5_850-240x172.jpg",240,172,true],"advps-thumb-one":["https:\/\/arantv.az\/wp-content\/uploads\/2023\/11\/d66c88ff-b326-3deb-abd7-6f444d36e1c5_850.jpg",620,413,false]},"rttpg_author":{"display_name":"V\u00fcsal Rafiqo\u011flu","author_link":"https:\/\/arantv.az\/?author=2"},"rttpg_comment":0,"rttpg_category":"<a href=\"https:\/\/arantv.az\/?cat=4\" rel=\"category\">Siyas\u0259t<\/a>","rttpg_excerpt":"\u018fsrl\u0259r boyu Afrikada v\u0259 d\u00fcnyan\u0131n f\u0259rqli regionlar\u0131nda bir s\u0131ra \u00f6lk\u0259l\u0259ri m\u00fcst\u0259ml\u0259k\u0259si olaraq g\u00f6r\u0259n, q\u0259tliamlar t\u00f6r\u0259d\u0259n, \u0259li milyonlarla insan\u0131n qan\u0131na batan Fransa xarici v\u0259 daxili siyas\u0259td\u0259 ciddi probleml\u0259r ya\u015fay\u0131r. Hakimiyy\u0259tin yar\u0131tmaz idar\u0259\u00e7iliyinin n\u0259tic\u0259sidir ki, indi bu d\u00f6vl\u0259t ke\u00e7mi\u015f m\u00fcst\u0259ml\u0259k\u0259l\u0259rind\u0259n biab\u0131r\u00e7\u0131 formada qovulur. H\u0259min \u00f6lk\u0259l\u0259rd\u0259 Paris\u0259 qar\u015f\u0131 etiraz aksiyalar\u0131 s\u0259ngimir. Ke\u00e7mi\u015f m\u00fcst\u0259ml\u0259k\u0259l\u0259rd\u0259 Yelisey saray\u0131na qar\u015f\u0131 \u00e7\u0131x\u0131\u015flar, naraz\u0131l\u0131qlar&hellip;","_links":{"self":[{"href":"https:\/\/arantv.az\/index.php?rest_route=\/wp\/v2\/posts\/661981"}],"collection":[{"href":"https:\/\/arantv.az\/index.php?rest_route=\/wp\/v2\/posts"}],"about":[{"href":"https:\/\/arantv.az\/index.php?rest_route=\/wp\/v2\/types\/post"}],"author":[{"embeddable":true,"href":"https:\/\/arantv.az\/index.php?rest_route=\/wp\/v2\/users\/2"}],"replies":[{"embeddable":true,"href":"https:\/\/arantv.az\/index.php?rest_route=%2Fwp%2Fv2%2Fcomments&post=661981"}],"version-history":[{"count":0,"href":"https:\/\/arantv.az\/index.php?rest_route=\/wp\/v2\/posts\/661981\/revisions"}],"wp:featuredmedia":[{"embeddable":true,"href":"https:\/\/arantv.az\/index.php?rest_route=\/wp\/v2\/media\/661982"}],"wp:attachment":[{"href":"https:\/\/arantv.az\/index.php?rest_route=%2Fwp%2Fv2%2Fmedia&parent=661981"}],"wp:term":[{"taxonomy":"category","embeddable":true,"href":"https:\/\/arantv.az\/index.php?rest_route=%2Fwp%2Fv2%2Fcategories&post=661981"},{"taxonomy":"post_tag","embeddable":true,"href":"https:\/\/arantv.az\/index.php?rest_route=%2Fwp%2Fv2%2Ftags&post=661981"}],"curies":[{"name":"wp","href":"https:\/\/api.w.org\/{rel}","templated":true}]}}