{"id":661984,"date":"2023-11-27T18:42:10","date_gmt":"2023-11-27T14:42:10","guid":{"rendered":"https:\/\/arantv.az\/?p=661984"},"modified":"2023-11-27T18:42:10","modified_gmt":"2023-11-27T14:42:10","slug":"nazir-pensiya-yasi-m%c9%99s%c9%99l%c9%99sin%c9%99-munasib%c9%99t-bildirib","status":"publish","type":"post","link":"https:\/\/arantv.az\/?p=661984","title":{"rendered":"Nazir pensiya ya\u015f\u0131 m\u0259s\u0259l\u0259sin\u0259 m\u00fcnasib\u0259t bildirib"},"content":{"rendered":"<p>\u201cPensiya ya\u015f\u0131 m\u0259s\u0259l\u0259si \u00e7ox qald\u0131r\u0131l\u0131r\u201d.<\/p>\n<p>APA\u00a0x\u0259b\u0259r verir ki, bunu Milli M\u0259clisin \u018fm\u0259k v\u0259 sosial siyas\u0259t komit\u0259sinin bu g\u00fcn ke\u00e7iril\u0259n iclas\u0131nda \u0259m\u0259k v\u0259 \u0259halinin sosial m\u00fcdafi\u0259si naziri Sahil Babayev deyib.<\/p>\n<p>Nazir bildirib ki, bu g\u00fcn Az\u0259rbaycanda pensiya ya\u015f\u0131 ki\u015fil\u0259r \u00fc\u00e7\u00fcn 65, xan\u0131mlar \u00fc\u00e7\u00fcn 63-d\u00fcr:<\/p>\n<p>\u201cBiz Milli M\u0259clis\u0259 nazirliyin f\u0259aliyy\u0259tin\u0259 dair hesabat t\u0259qdim edirik. Bu g\u00fcn Az\u0259rbaycanda median pensiya 360 manata \u00e7at\u0131b. Bu is\u0259 median \u0259m\u0259khaqq\u0131n\u0131n 70%-d\u0259n azd\u0131r. M\u0259bl\u0259\u011f olaraq g\u00f6t\u00fcr\u0259nd\u0259 art\u0131m son 4 il \u0259rzind\u0259 2,5 d\u0259f\u0259dir. Kifay\u0259t q\u0259d\u0259r ciddi art\u0131m var. Orta pensiya m\u0259bl\u0259\u011fi \u00fc\u00e7\u00fcn r\u0259q\u0259ml\u0259r d\u0259 a\u00e7\u0131qlan\u0131b. Cari il \u00fc\u00e7\u00fcn 483 manat, n\u00f6vb\u0259ti il \u00fc\u00e7\u00fcn ya\u015fa g\u00f6r\u0259 pensiya 516 manat proqnozla\u015fd\u0131r\u0131l\u0131r. Median pensiya n\u0259y\u0259 g\u00f6r\u0259 orta pensiyadan a\u015fa\u011f\u0131d\u0131r? Bu \u0259m\u0259khaqq\u0131 sistemind\u0259 d\u0259, pensiya sistemind\u0259 d\u0259 eynidir\u201d.<\/p>\n","protected":false},"excerpt":{"rendered":"<p>\u201cPensiya ya\u015f\u0131 m\u0259s\u0259l\u0259si \u00e7ox qald\u0131r\u0131l\u0131r\u201d. APA\u00a0x\u0259b\u0259r verir ki, bunu Milli M\u0259clisin \u018fm\u0259k v\u0259 sosial siyas\u0259t komit\u0259sinin bu g\u00fcn ke\u00e7iril\u0259n iclas\u0131nda \u0259m\u0259k v\u0259 \u0259halinin sosial m\u00fcdafi\u0259si naziri Sahil Babayev deyib. Nazir bildirib ki, bu g\u00fcn Az\u0259rbaycanda pensiya ya\u015f\u0131 ki\u015fil\u0259r \u00fc\u00e7\u00fcn 65, xan\u0131mlar \u00fc\u00e7\u00fcn 63-d\u00fcr: \u201cBiz Milli M\u0259clis\u0259 nazirliyin f\u0259aliyy\u0259tin\u0259 dair hesabat t\u0259qdim edirik. Bu g\u00fcn Az\u0259rbaycanda median pensiya 360 manata \u00e7at\u0131b. Bu is\u0259 median \u0259m\u0259khaqq\u0131n\u0131n 70%-d\u0259n azd\u0131r. M\u0259bl\u0259\u011f olaraq g\u00f6t\u00fcr\u0259nd\u0259 art\u0131m son 4 il \u0259rzind\u0259 2,5 d\u0259f\u0259dir. Kifay\u0259t q\u0259d\u0259r ciddi art\u0131m var. Orta pensiya m\u0259bl\u0259\u011fi \u00fc\u00e7\u00fcn r\u0259q\u0259ml\u0259r d\u0259 a\u00e7\u0131qlan\u0131b. Cari il&hellip;<\/p>\n","protected":false},"author":2,"featured_media":661985,"comment_status":"closed","ping_status":"closed","sticky":false,"template":"","format":"standard","meta":{"om_disable_all_campaigns":false,"_monsterinsights_skip_tracking":false,"_monsterinsights_sitenote_active":false,"_monsterinsights_sitenote_note":"","_monsterinsights_sitenote_category":0},"categories":[19],"tags":[],"aioseo_notices":[],"gutentor_comment":0,"rttpg_featured_image_url":{"full":["https:\/\/arantv.az\/wp-content\/uploads\/2023\/11\/d30fc1eb-9dac-4cc8-9612-a017ee9041be.jpg",620,413,false],"landscape":["https:\/\/arantv.az\/wp-content\/uploads\/2023\/11\/d30fc1eb-9dac-4cc8-9612-a017ee9041be.jpg",620,413,false],"portraits":["https:\/\/arantv.az\/wp-content\/uploads\/2023\/11\/d30fc1eb-9dac-4cc8-9612-a017ee9041be.jpg",620,413,false],"thumbnail":["https:\/\/arantv.az\/wp-content\/uploads\/2023\/11\/d30fc1eb-9dac-4cc8-9612-a017ee9041be-500x280.jpg",500,280,true],"medium":["https:\/\/arantv.az\/wp-content\/uploads\/2023\/11\/d30fc1eb-9dac-4cc8-9612-a017ee9041be-548x365.jpg",548,365,true],"large":["https:\/\/arantv.az\/wp-content\/uploads\/2023\/11\/d30fc1eb-9dac-4cc8-9612-a017ee9041be.jpg",620,413,false],"1536x1536":["https:\/\/arantv.az\/wp-content\/uploads\/2023\/11\/d30fc1eb-9dac-4cc8-9612-a017ee9041be.jpg",620,413,false],"2048x2048":["https:\/\/arantv.az\/wp-content\/uploads\/2023\/11\/d30fc1eb-9dac-4cc8-9612-a017ee9041be.jpg",620,413,false],"post-thumbnail":["https:\/\/arantv.az\/wp-content\/uploads\/2023\/11\/d30fc1eb-9dac-4cc8-9612-a017ee9041be-240x172.jpg",240,172,true],"advps-thumb-one":["https:\/\/arantv.az\/wp-content\/uploads\/2023\/11\/d30fc1eb-9dac-4cc8-9612-a017ee9041be.jpg",620,413,false]},"rttpg_author":{"display_name":"V\u00fcsal Rafiqo\u011flu","author_link":"https:\/\/arantv.az\/?author=2"},"rttpg_comment":0,"rttpg_category":"<a href=\"https:\/\/arantv.az\/?cat=19\" rel=\"category\">G\u00fcnd\u0259m<\/a>","rttpg_excerpt":"\u201cPensiya ya\u015f\u0131 m\u0259s\u0259l\u0259si \u00e7ox qald\u0131r\u0131l\u0131r\u201d. APA\u00a0x\u0259b\u0259r verir ki, bunu Milli M\u0259clisin \u018fm\u0259k v\u0259 sosial siyas\u0259t komit\u0259sinin bu g\u00fcn ke\u00e7iril\u0259n iclas\u0131nda \u0259m\u0259k v\u0259 \u0259halinin sosial m\u00fcdafi\u0259si naziri Sahil Babayev deyib. Nazir bildirib ki, bu g\u00fcn Az\u0259rbaycanda pensiya ya\u015f\u0131 ki\u015fil\u0259r \u00fc\u00e7\u00fcn 65, xan\u0131mlar \u00fc\u00e7\u00fcn 63-d\u00fcr: \u201cBiz Milli M\u0259clis\u0259 nazirliyin f\u0259aliyy\u0259tin\u0259 dair hesabat t\u0259qdim edirik. Bu g\u00fcn Az\u0259rbaycanda&hellip;","_links":{"self":[{"href":"https:\/\/arantv.az\/index.php?rest_route=\/wp\/v2\/posts\/661984"}],"collection":[{"href":"https:\/\/arantv.az\/index.php?rest_route=\/wp\/v2\/posts"}],"about":[{"href":"https:\/\/arantv.az\/index.php?rest_route=\/wp\/v2\/types\/post"}],"author":[{"embeddable":true,"href":"https:\/\/arantv.az\/index.php?rest_route=\/wp\/v2\/users\/2"}],"replies":[{"embeddable":true,"href":"https:\/\/arantv.az\/index.php?rest_route=%2Fwp%2Fv2%2Fcomments&post=661984"}],"version-history":[{"count":0,"href":"https:\/\/arantv.az\/index.php?rest_route=\/wp\/v2\/posts\/661984\/revisions"}],"wp:featuredmedia":[{"embeddable":true,"href":"https:\/\/arantv.az\/index.php?rest_route=\/wp\/v2\/media\/661985"}],"wp:attachment":[{"href":"https:\/\/arantv.az\/index.php?rest_route=%2Fwp%2Fv2%2Fmedia&parent=661984"}],"wp:term":[{"taxonomy":"category","embeddable":true,"href":"https:\/\/arantv.az\/index.php?rest_route=%2Fwp%2Fv2%2Fcategories&post=661984"},{"taxonomy":"post_tag","embeddable":true,"href":"https:\/\/arantv.az\/index.php?rest_route=%2Fwp%2Fv2%2Ftags&post=661984"}],"curies":[{"name":"wp","href":"https:\/\/api.w.org\/{rel}","templated":true}]}}