{"id":661998,"date":"2023-11-27T18:46:00","date_gmt":"2023-11-27T14:46:00","guid":{"rendered":"https:\/\/arantv.az\/?p=661998"},"modified":"2023-11-27T18:46:00","modified_gmt":"2023-11-27T14:46:00","slug":"b%c9%99zi-m%c9%99hsullarin-az%c9%99rbaycana-idxali-qadagan-edil%c9%99c%c9%99k-video","status":"publish","type":"post","link":"https:\/\/arantv.az\/?p=661998","title":{"rendered":"B\u0259zi m\u0259hsullar\u0131n Az\u0259rbaycana idxal\u0131 qada\u011fan edil\u0259c\u0259k &#8211; V\u0130DEO"},"content":{"rendered":"<div class=\"text-content\" data-id=\"\" data-url=\"\">\n<p><strong>\u0130stehsal\u00e7\u0131s\u0131 t\u0259sdiql\u0259nm\u0259y\u0259n xarici qida m\u0259hsullar\u0131n\u0131n Az\u0259rbaycana idxal\u0131 qada\u011fan edil\u0259c\u0259k.<\/strong><\/p>\n<p><strong>ARANTV.AZ<\/strong>\u00a0 X\u0259z\u0259r TV-y\u0259 istinad\u0259n bildirir ki, Qida T\u0259hl\u00fck\u0259sizliyi Agentliyi bununla ba\u011fl\u0131 sahibkarlara x\u0259b\u0259rdarl\u0131q edib. Qurumdan bildirilib ki, b\u0259zi qida v\u0259 yem m\u0259hsullar\u0131 x\u00fcsusi risk qrupuna daxildir. Bu s\u0259b\u0259bd\u0259n d\u0259 onlar\u0131n \u00f6lk\u0259y\u0259 idxal\u0131 zaman\u0131 t\u0259sdiq m\u00fctl\u0259qdir. Lakin m\u0259hsullar\u0131 g\u0259tir\u0259n \u015firk\u0259tl\u0259rl\u0259 ke\u00e7iril\u0259n g\u00f6r\u00fc\u015fl\u0259r v\u0259 d\u0259f\u0259l\u0259rl\u0259 edil\u0259n x\u0259b\u0259rdarl\u0131qlara baxmayaraq, Agentliy\u0259 b\u0259zi \u00f6lk\u0259l\u0259rin istehsal\u00e7\u0131lar\u0131ndan t\u0259sdiql\u0259 ba\u011fl\u0131 h\u0259l\u0259 d\u0259 m\u00fcraci\u0259tl\u0259r daxil olmay\u0131b.<\/p>\n<p>Qurumun m\u0259tbuat katibi \u0130lkin K\u0259rimov bildirib ki, qada\u011fa g\u0259l\u0259n il yanvar\u0131n 1-d\u0259n q\u00fcvv\u0259y\u0259 min\u0259c\u0259k. O, s\u00f6z\u00fcged\u0259n kateqoriyaya aid edil\u0259n m\u0259hsullar\u0131 da a\u00e7\u0131qlay\u0131b.<\/p>\n<p>Sahibkarlar qanunvericiliyin t\u0259l\u0259bl\u0259ri il\u0259 Qida T\u0259hl\u00fck\u0259sizliyi Agentliyinin veb-sayt\u0131 v\u0259 sosial media s\u0259hif\u0259l\u0259rind\u0259 tan\u0131\u015f ola bil\u0259rl\u0259r. Sual yarand\u0131\u011f\u0131 t\u0259qdird\u0259 d\u0259 &#8220;1003-\u00c7a\u011fr\u0131 M\u0259rk\u0259zi&#8221; il\u0259 \u0259laq\u0259 saxlamaq m\u00fcmk\u00fcnd\u00fcr.<\/p>\n<p>M\u00f6vzu il\u0259 ba\u011fl\u0131 daha \u0259trafl\u0131 videomaterial\u0131 t\u0259qdim edirik:<\/p>\n<p>&nbsp;<\/p>\n<p><iframe loading=\"lazy\" src=\"https:\/\/newstube.az\/embed\/160269\" width=\"670\" height=\"400\" frameborder=\"0\" allowfullscreen=\"allowfullscreen\" data-mce-fragment=\"1\"><\/iframe><\/p>\n<\/div>\n<div><\/div>\n<div>\n<div class=\"banner banner-6cdd60ea0045eb7a6ec44c54d29ed402\" data-banner=\"MTg0\">\n<div><ins id=\"revive-0-0\" data-revive-zoneid=\"134\" data-revive-id=\"144e1bb6fa796840b2323709bbb2f595\" data-revive-seq=\"0\" data-revive-loaded=\"1\"><iframe width=\"0\" height=\"0\" frameborder=\"0\" scrolling=\"no\" data-mce-fragment=\"1\"><\/iframe><\/ins><\/div>\n<\/div>\n<\/div>\n","protected":false},"excerpt":{"rendered":"<p>\u0130stehsal\u00e7\u0131s\u0131 t\u0259sdiql\u0259nm\u0259y\u0259n xarici qida m\u0259hsullar\u0131n\u0131n Az\u0259rbaycana idxal\u0131 qada\u011fan edil\u0259c\u0259k. ARANTV.AZ\u00a0 X\u0259z\u0259r TV-y\u0259 istinad\u0259n bildirir ki, Qida T\u0259hl\u00fck\u0259sizliyi Agentliyi bununla ba\u011fl\u0131 sahibkarlara x\u0259b\u0259rdarl\u0131q edib. Qurumdan bildirilib ki, b\u0259zi qida v\u0259 yem m\u0259hsullar\u0131 x\u00fcsusi risk qrupuna daxildir. Bu s\u0259b\u0259bd\u0259n d\u0259 onlar\u0131n \u00f6lk\u0259y\u0259 idxal\u0131 zaman\u0131 t\u0259sdiq m\u00fctl\u0259qdir. Lakin m\u0259hsullar\u0131 g\u0259tir\u0259n \u015firk\u0259tl\u0259rl\u0259 ke\u00e7iril\u0259n g\u00f6r\u00fc\u015fl\u0259r v\u0259 d\u0259f\u0259l\u0259rl\u0259 edil\u0259n x\u0259b\u0259rdarl\u0131qlara baxmayaraq, Agentliy\u0259 b\u0259zi \u00f6lk\u0259l\u0259rin istehsal\u00e7\u0131lar\u0131ndan t\u0259sdiql\u0259 ba\u011fl\u0131 h\u0259l\u0259 d\u0259 m\u00fcraci\u0259tl\u0259r daxil olmay\u0131b. Qurumun m\u0259tbuat katibi \u0130lkin K\u0259rimov bildirib ki, qada\u011fa g\u0259l\u0259n il yanvar\u0131n 1-d\u0259n q\u00fcvv\u0259y\u0259 min\u0259c\u0259k. O, s\u00f6z\u00fcged\u0259n kateqoriyaya aid edil\u0259n m\u0259hsullar\u0131 da a\u00e7\u0131qlay\u0131b. Sahibkarlar qanunvericiliyin&hellip;<\/p>\n","protected":false},"author":2,"featured_media":661999,"comment_status":"closed","ping_status":"closed","sticky":false,"template":"","format":"standard","meta":{"om_disable_all_campaigns":false,"_monsterinsights_skip_tracking":false,"_monsterinsights_sitenote_active":false,"_monsterinsights_sitenote_note":"","_monsterinsights_sitenote_category":0},"categories":[1],"tags":[],"aioseo_notices":[],"gutentor_comment":0,"rttpg_featured_image_url":{"full":["https:\/\/arantv.az\/wp-content\/uploads\/2023\/11\/a5133088821b7688d4b89f8c81f06e4d.jpg",640,360,false],"landscape":["https:\/\/arantv.az\/wp-content\/uploads\/2023\/11\/a5133088821b7688d4b89f8c81f06e4d.jpg",640,360,false],"portraits":["https:\/\/arantv.az\/wp-content\/uploads\/2023\/11\/a5133088821b7688d4b89f8c81f06e4d.jpg",640,360,false],"thumbnail":["https:\/\/arantv.az\/wp-content\/uploads\/2023\/11\/a5133088821b7688d4b89f8c81f06e4d-500x280.jpg",500,280,true],"medium":["https:\/\/arantv.az\/wp-content\/uploads\/2023\/11\/a5133088821b7688d4b89f8c81f06e4d.jpg",640,360,false],"large":["https:\/\/arantv.az\/wp-content\/uploads\/2023\/11\/a5133088821b7688d4b89f8c81f06e4d.jpg",640,360,false],"1536x1536":["https:\/\/arantv.az\/wp-content\/uploads\/2023\/11\/a5133088821b7688d4b89f8c81f06e4d.jpg",640,360,false],"2048x2048":["https:\/\/arantv.az\/wp-content\/uploads\/2023\/11\/a5133088821b7688d4b89f8c81f06e4d.jpg",640,360,false],"post-thumbnail":["https:\/\/arantv.az\/wp-content\/uploads\/2023\/11\/a5133088821b7688d4b89f8c81f06e4d-240x172.jpg",240,172,true],"advps-thumb-one":["https:\/\/arantv.az\/wp-content\/uploads\/2023\/11\/a5133088821b7688d4b89f8c81f06e4d.jpg",640,360,false]},"rttpg_author":{"display_name":"V\u00fcsal Rafiqo\u011flu","author_link":"https:\/\/arantv.az\/?author=2"},"rttpg_comment":0,"rttpg_category":"<a href=\"https:\/\/arantv.az\/?cat=1\" rel=\"category\">C\u0259miyy\u0259t<\/a>","rttpg_excerpt":"\u0130stehsal\u00e7\u0131s\u0131 t\u0259sdiql\u0259nm\u0259y\u0259n xarici qida m\u0259hsullar\u0131n\u0131n Az\u0259rbaycana idxal\u0131 qada\u011fan edil\u0259c\u0259k. ARANTV.AZ\u00a0 X\u0259z\u0259r TV-y\u0259 istinad\u0259n bildirir ki, Qida T\u0259hl\u00fck\u0259sizliyi Agentliyi bununla ba\u011fl\u0131 sahibkarlara x\u0259b\u0259rdarl\u0131q edib. Qurumdan bildirilib ki, b\u0259zi qida v\u0259 yem m\u0259hsullar\u0131 x\u00fcsusi risk qrupuna daxildir. Bu s\u0259b\u0259bd\u0259n d\u0259 onlar\u0131n \u00f6lk\u0259y\u0259 idxal\u0131 zaman\u0131 t\u0259sdiq m\u00fctl\u0259qdir. Lakin m\u0259hsullar\u0131 g\u0259tir\u0259n \u015firk\u0259tl\u0259rl\u0259 ke\u00e7iril\u0259n g\u00f6r\u00fc\u015fl\u0259r v\u0259 d\u0259f\u0259l\u0259rl\u0259 edil\u0259n x\u0259b\u0259rdarl\u0131qlara baxmayaraq,&hellip;","_links":{"self":[{"href":"https:\/\/arantv.az\/index.php?rest_route=\/wp\/v2\/posts\/661998"}],"collection":[{"href":"https:\/\/arantv.az\/index.php?rest_route=\/wp\/v2\/posts"}],"about":[{"href":"https:\/\/arantv.az\/index.php?rest_route=\/wp\/v2\/types\/post"}],"author":[{"embeddable":true,"href":"https:\/\/arantv.az\/index.php?rest_route=\/wp\/v2\/users\/2"}],"replies":[{"embeddable":true,"href":"https:\/\/arantv.az\/index.php?rest_route=%2Fwp%2Fv2%2Fcomments&post=661998"}],"version-history":[{"count":0,"href":"https:\/\/arantv.az\/index.php?rest_route=\/wp\/v2\/posts\/661998\/revisions"}],"wp:featuredmedia":[{"embeddable":true,"href":"https:\/\/arantv.az\/index.php?rest_route=\/wp\/v2\/media\/661999"}],"wp:attachment":[{"href":"https:\/\/arantv.az\/index.php?rest_route=%2Fwp%2Fv2%2Fmedia&parent=661998"}],"wp:term":[{"taxonomy":"category","embeddable":true,"href":"https:\/\/arantv.az\/index.php?rest_route=%2Fwp%2Fv2%2Fcategories&post=661998"},{"taxonomy":"post_tag","embeddable":true,"href":"https:\/\/arantv.az\/index.php?rest_route=%2Fwp%2Fv2%2Ftags&post=661998"}],"curies":[{"name":"wp","href":"https:\/\/api.w.org\/{rel}","templated":true}]}}