{"id":662029,"date":"2023-11-27T20:05:01","date_gmt":"2023-11-27T16:05:01","guid":{"rendered":"https:\/\/arantv.az\/?p=662029"},"modified":"2023-11-27T20:05:01","modified_gmt":"2023-11-27T16:05:01","slug":"bacisini-instagrama-gor%c9%99-q%c9%99tl%c9%99-yetirdi-hadis%c9%99-sahidl%c9%99ri-danisdilar-yenil%c9%99nib-video","status":"publish","type":"post","link":"https:\/\/arantv.az\/?p=662029","title":{"rendered":"Bac\u0131s\u0131n\u0131 \u201cInstagram\u201da g\u00f6r\u0259 q\u0259tl\u0259 yetirdi: Hadis\u0259 \u015fahidl\u0259ri dan\u0131\u015fd\u0131lar &#8211; YEN\u0130L\u018fN\u0130B + V\u0130DEO"},"content":{"rendered":"<p>G\u0259nc\u0259d\u0259 qarda\u015f v\u0259 bac\u0131 aras\u0131nda dava faci\u0259 il\u0259 bitib.<\/p>\n<p>\u015eahidl\u0259rin s\u00f6zl\u0259rin\u0259 g\u00f6r\u0259, \u018f.Allahverdizad\u0259 hadis\u0259d\u0259n sonra evi t\u0259rk etm\u0259yib v\u0259 h\u00fcquq-m\u00fchafiz\u0259 orqanlar\u0131na cinay\u0259ti t\u00f6r\u0259tdiyi al\u0259tl\u0259 birlikd\u0259 k\u00f6n\u00fcll\u00fc t\u0259slim olub:<\/p>\n<p>\u201cBac\u0131 v\u0259 qarda\u015f ikisid\u0259 \u00e7ox t\u0259rbiyy\u0259li idil\u0259r. Q\u0131z hicabl\u0131, dindar, \u00e7ox sakit\u00a0idi. Analar\u0131 yox idi, onlar\u0131 n\u0259n\u0259l\u0259ri b\u00f6y\u00fcd\u00fcb\u201d.<\/p>\n<p>21 ya\u015fl\u0131 P\u0259ri Allahverdizad\u0259 22 ya\u015fl\u0131 \u018fli Allahverdizad\u0259 t\u0259r\u0259find\u0259n q\u0259tl\u0259 yetirilib. Hadis\u0259 \u015f\u0259h\u0259rin \u015eahsev\u0259nl\u0259r k\u00fc\u00e7\u0259si 106 \u00fcnvan\u0131nda yerl\u0259\u015f\u0259n evd\u0259 qeyd\u0259 al\u0131n\u0131b.<\/p>\n<p>\u018fli Allahverdizad\u0259 istintaqa ilkin ifad\u0259sind\u0259 \u0259m\u0259lini etiraf edib.<\/p>\n<p>Faktla ba\u011fl\u0131 G\u0259nc\u0259 \u015f\u0259h\u0259r prokurorlu\u011funda Cinay\u0259t M\u0259c\u0259ll\u0259sinin 120.1-ci (q\u0259sd\u0259n adam \u00f6ld\u00fcrm\u0259) madd\u0259si il\u0259 cinay\u0259t i\u015fi ba\u015flan\u0131b. \u018fli Allahverdizad\u0259 i\u015f \u00fczr\u0259 \u015f\u00fcbh\u0259li \u015f\u0259xs qismind\u0259 tutulub. Haz\u0131rda ibtidai istintaq davam edir.<\/p>\n<p>Qeyd ed\u0259k ki, qarda\u015f v\u0259 bac\u0131 aras\u0131nda m\u00fcbahis\u0259nin q\u0131z\u0131n \u201cInstagram\u201d sosial \u015f\u0259b\u0259k\u0259sind\u0259n istifad\u0259 etm\u0259sin\u0259 g\u00f6r\u0259 ba\u015flad\u0131\u011f\u0131 bildirilib.<\/p>\n<p>\u018ftrafl\u0131 Baku TV-nin s\u00fcjetind\u0259:<\/p>\n<div><iframe loading=\"lazy\" title=\"YouTube video player\" src=\"https:\/\/www.youtube.com\/embed\/Do09AacAmZ8?si=YTK1TxbB9BBpN0pZ\" width=\"560\" height=\"315\" frameborder=\"0\" allowfullscreen=\"allowfullscreen\" data-mce-fragment=\"1\"><\/iframe><\/div>\n<p><strong>10:12<\/strong><\/p>\n<p>G\u0259nc\u0259d\u0259 bac\u0131s\u0131n\u0131 \u201cInstagram\u201d sosial \u015f\u0259b\u0259k\u0259sind\u0259n istifad\u0259 etdiyin\u0259 g\u00f6r\u0259 \u00f6ld\u00fcrm\u0259kd\u0259 \u015f\u00fcbh\u0259li bilin\u0259n qarda\u015fa cinay\u0259t i\u015fi a\u00e7\u0131l\u0131b.<\/p>\n<p>Bu bar\u0259d\u0259 G\u0259nc\u0259 \u015e\u0259h\u0259r Prokurorlu\u011fundan m\u0259lumat verilib.<\/p>\n<p>Bel\u0259 ki, noyabr 27-d\u0259 saat bir rad\u0259l\u0259rind\u0259 G\u0259nc\u0259 \u015f\u0259h\u0259r sakini 2001-ci il t\u0259v\u0259ll\u00fcdl\u00fc P\u0259ri Allahverdizad\u0259nin ya\u015fad\u0131\u011f\u0131 evd\u0259 \u00f6lm\u0259si bar\u0259d\u0259 \u015f\u0259h\u0259r prokurorlu\u011funa m\u0259lumat daxil olub.<\/p>\n<p>Ara\u015fd\u0131rmalarla 2001-ci il t\u0259v\u0259ll\u00fcdl\u00fc \u018fli Allahverdizad\u0259nin aralar\u0131nda yaranm\u0131\u015f m\u00fcbahis\u0259 zaman\u0131 P\u0259ri Allahverdizad\u0259y\u0259 b\u0131\u00e7aqla x\u0259sar\u0259t yetir\u0259r\u0259k onu q\u0259sd\u0259n \u00f6ld\u00fcrm\u0259sin\u0259 \u0259sasl\u0131 \u015f\u00fcbh\u0259l\u0259r m\u00fc\u0259yy\u0259n edilib.<\/p>\n<p>Faktla ba\u011fl\u0131 G\u0259nc\u0259 \u015f\u0259h\u0259r prokurorlu\u011funda Cinay\u0259t M\u0259c\u0259ll\u0259sinin 120.1-ci (q\u0259sd\u0259n adam \u00f6ld\u00fcrm\u0259) madd\u0259sil\u0259 cinay\u0259t i\u015fi ba\u015flan\u0131b, \u018fli Allahverdizad\u0259 i\u015f \u00fczr\u0259 \u015f\u00fcbh\u0259li \u015f\u0259xs qismind\u0259 tutulub.<\/p>\n<p>Haz\u0131rda ibtidai istintaq davam edir.<\/p>\n<p>\u201cQafqazinfo\u201dnun \u0259ld\u0259 etdiyi m\u0259lumata g\u00f6r\u0259 is\u0259, hadis\u0259ni t\u00f6r\u0259tm\u0259kd\u0259 \u015f\u00fcbh\u0259li bilin\u0259n m\u0259rhumun qarda\u015f\u0131 \u018fli Ceyhun o\u011flu Allahverdizad\u0259 pe\u015f\u0259kar idman\u00e7\u0131d\u0131r. O,\u00a0WKF karate n\u00f6v\u00fc \u00fczr\u0259 bir s\u0131ra turnirl\u0259rin qalibi olub.<\/p>\n<p><strong>06:47<\/strong><\/p>\n<p>G\u0259nc\u0259d\u0259 ba\u015f ver\u0259n q\u0259tlin b\u0259zi t\u0259f\u0259rr\u00fct\u0131 m\u0259lum olub.<\/p>\n<p>APA-n\u0131n m\u0259lumat\u0131na g\u00f6r\u0259, qarda\u015f bac\u0131s\u0131n\u0131 \u201cInstagram\u201ddan istifad\u0259 etdiyi \u00fc\u00e7\u00fcn b\u0131\u00e7aqlay\u0131b.<\/p>\n<p>O, bac\u0131s\u0131n\u0131n bo\u011faz\u0131n\u0131 k\u0259s\u0259r\u0259k q\u0259tl\u0259 yetirib.<\/p>\n<p>Qeyd ed\u0259k ki, \u018fli Allahverdizad\u0259 h\u0259rb\u00e7idir.<\/p>\n<p><strong>02<\/strong>:<strong>47<\/strong><\/p>\n<p>G\u0259nc\u0259d\u0259 qarda\u015f bac\u0131s\u0131n\u0131 q\u0259tl\u0259 yetirib.<\/p>\n<p>Daxili \u0130\u015fl\u0259r Nazirliyinin M\u0259tbuat Xidm\u0259tinin G\u0259nc\u0259 regional qrupundan\u00a0<strong>Oxu.Az<\/strong>-a veril\u0259n m\u0259lumata g\u00f6r\u0259, G\u0259nc\u0259\u00a0\u015e\u0259h\u0259r Ba\u015f Polis \u0130dar\u0259sinin \u0259m\u0259kda\u015flar\u0131n\u0131n ke\u00e7irdikl\u0259ri \u0259m\u0259liyyat-axtar\u0131\u015f t\u0259dbirl\u0259ri n\u0259tic\u0259sind\u0259 \u015f\u0259h\u0259r sakini P\u0259ri Allahverdizad\u0259ni k\u0259sici-de\u015fici al\u0259tl\u0259 q\u0259tl\u0259 yetirm\u0259kd\u0259 \u015f\u00fcbh\u0259li bilin\u0259n, onun qarda\u015f\u0131 \u018fli Allahverdizad\u0259\u00a0saxlan\u0131laraq istintaqa t\u0259hvil verilib.<\/p>\n","protected":false},"excerpt":{"rendered":"<p>G\u0259nc\u0259d\u0259 qarda\u015f v\u0259 bac\u0131 aras\u0131nda dava faci\u0259 il\u0259 bitib. \u015eahidl\u0259rin s\u00f6zl\u0259rin\u0259 g\u00f6r\u0259, \u018f.Allahverdizad\u0259 hadis\u0259d\u0259n sonra evi t\u0259rk etm\u0259yib v\u0259 h\u00fcquq-m\u00fchafiz\u0259 orqanlar\u0131na cinay\u0259ti t\u00f6r\u0259tdiyi al\u0259tl\u0259 birlikd\u0259 k\u00f6n\u00fcll\u00fc t\u0259slim olub: \u201cBac\u0131 v\u0259 qarda\u015f ikisid\u0259 \u00e7ox t\u0259rbiyy\u0259li idil\u0259r. Q\u0131z hicabl\u0131, dindar, \u00e7ox sakit\u00a0idi. Analar\u0131 yox idi, onlar\u0131 n\u0259n\u0259l\u0259ri b\u00f6y\u00fcd\u00fcb\u201d. 21 ya\u015fl\u0131 P\u0259ri Allahverdizad\u0259 22 ya\u015fl\u0131 \u018fli Allahverdizad\u0259 t\u0259r\u0259find\u0259n q\u0259tl\u0259 yetirilib. Hadis\u0259 \u015f\u0259h\u0259rin \u015eahsev\u0259nl\u0259r k\u00fc\u00e7\u0259si 106 \u00fcnvan\u0131nda yerl\u0259\u015f\u0259n evd\u0259 qeyd\u0259 al\u0131n\u0131b. \u018fli Allahverdizad\u0259 istintaqa ilkin ifad\u0259sind\u0259 \u0259m\u0259lini etiraf edib. Faktla ba\u011fl\u0131 G\u0259nc\u0259 \u015f\u0259h\u0259r prokurorlu\u011funda Cinay\u0259t M\u0259c\u0259ll\u0259sinin 120.1-ci (q\u0259sd\u0259n adam \u00f6ld\u00fcrm\u0259) madd\u0259si il\u0259 cinay\u0259t i\u015fi&hellip;<\/p>\n","protected":false},"author":2,"featured_media":662030,"comment_status":"closed","ping_status":"closed","sticky":false,"template":"","format":"standard","meta":{"om_disable_all_campaigns":false,"_monsterinsights_skip_tracking":false,"_monsterinsights_sitenote_active":false,"_monsterinsights_sitenote_note":"","_monsterinsights_sitenote_category":0},"categories":[1],"tags":[],"aioseo_notices":[],"gutentor_comment":0,"rttpg_featured_image_url":{"full":["https:\/\/arantv.az\/wp-content\/uploads\/2023\/11\/FotoJet-2023-11-27T191321.593.jpg",620,413,false],"landscape":["https:\/\/arantv.az\/wp-content\/uploads\/2023\/11\/FotoJet-2023-11-27T191321.593.jpg",620,413,false],"portraits":["https:\/\/arantv.az\/wp-content\/uploads\/2023\/11\/FotoJet-2023-11-27T191321.593.jpg",620,413,false],"thumbnail":["https:\/\/arantv.az\/wp-content\/uploads\/2023\/11\/FotoJet-2023-11-27T191321.593-500x280.jpg",500,280,true],"medium":["https:\/\/arantv.az\/wp-content\/uploads\/2023\/11\/FotoJet-2023-11-27T191321.593-548x365.jpg",548,365,true],"large":["https:\/\/arantv.az\/wp-content\/uploads\/2023\/11\/FotoJet-2023-11-27T191321.593.jpg",620,413,false],"1536x1536":["https:\/\/arantv.az\/wp-content\/uploads\/2023\/11\/FotoJet-2023-11-27T191321.593.jpg",620,413,false],"2048x2048":["https:\/\/arantv.az\/wp-content\/uploads\/2023\/11\/FotoJet-2023-11-27T191321.593.jpg",620,413,false],"post-thumbnail":["https:\/\/arantv.az\/wp-content\/uploads\/2023\/11\/FotoJet-2023-11-27T191321.593-240x172.jpg",240,172,true],"advps-thumb-one":["https:\/\/arantv.az\/wp-content\/uploads\/2023\/11\/FotoJet-2023-11-27T191321.593.jpg",620,413,false]},"rttpg_author":{"display_name":"V\u00fcsal Rafiqo\u011flu","author_link":"https:\/\/arantv.az\/?author=2"},"rttpg_comment":0,"rttpg_category":"<a href=\"https:\/\/arantv.az\/?cat=1\" rel=\"category\">C\u0259miyy\u0259t<\/a>","rttpg_excerpt":"G\u0259nc\u0259d\u0259 qarda\u015f v\u0259 bac\u0131 aras\u0131nda dava faci\u0259 il\u0259 bitib. \u015eahidl\u0259rin s\u00f6zl\u0259rin\u0259 g\u00f6r\u0259, \u018f.Allahverdizad\u0259 hadis\u0259d\u0259n sonra evi t\u0259rk etm\u0259yib v\u0259 h\u00fcquq-m\u00fchafiz\u0259 orqanlar\u0131na cinay\u0259ti t\u00f6r\u0259tdiyi al\u0259tl\u0259 birlikd\u0259 k\u00f6n\u00fcll\u00fc t\u0259slim olub: \u201cBac\u0131 v\u0259 qarda\u015f ikisid\u0259 \u00e7ox t\u0259rbiyy\u0259li idil\u0259r. Q\u0131z hicabl\u0131, dindar, \u00e7ox sakit\u00a0idi. Analar\u0131 yox idi, onlar\u0131 n\u0259n\u0259l\u0259ri b\u00f6y\u00fcd\u00fcb\u201d. 21 ya\u015fl\u0131 P\u0259ri Allahverdizad\u0259 22 ya\u015fl\u0131 \u018fli Allahverdizad\u0259 t\u0259r\u0259find\u0259n&hellip;","_links":{"self":[{"href":"https:\/\/arantv.az\/index.php?rest_route=\/wp\/v2\/posts\/662029"}],"collection":[{"href":"https:\/\/arantv.az\/index.php?rest_route=\/wp\/v2\/posts"}],"about":[{"href":"https:\/\/arantv.az\/index.php?rest_route=\/wp\/v2\/types\/post"}],"author":[{"embeddable":true,"href":"https:\/\/arantv.az\/index.php?rest_route=\/wp\/v2\/users\/2"}],"replies":[{"embeddable":true,"href":"https:\/\/arantv.az\/index.php?rest_route=%2Fwp%2Fv2%2Fcomments&post=662029"}],"version-history":[{"count":0,"href":"https:\/\/arantv.az\/index.php?rest_route=\/wp\/v2\/posts\/662029\/revisions"}],"wp:featuredmedia":[{"embeddable":true,"href":"https:\/\/arantv.az\/index.php?rest_route=\/wp\/v2\/media\/662030"}],"wp:attachment":[{"href":"https:\/\/arantv.az\/index.php?rest_route=%2Fwp%2Fv2%2Fmedia&parent=662029"}],"wp:term":[{"taxonomy":"category","embeddable":true,"href":"https:\/\/arantv.az\/index.php?rest_route=%2Fwp%2Fv2%2Fcategories&post=662029"},{"taxonomy":"post_tag","embeddable":true,"href":"https:\/\/arantv.az\/index.php?rest_route=%2Fwp%2Fv2%2Ftags&post=662029"}],"curies":[{"name":"wp","href":"https:\/\/api.w.org\/{rel}","templated":true}]}}