{"id":662034,"date":"2023-11-27T20:06:34","date_gmt":"2023-11-27T16:06:34","guid":{"rendered":"https:\/\/arantv.az\/?p=662034"},"modified":"2023-11-27T20:06:34","modified_gmt":"2023-11-27T16:06:34","slug":"deputat-xank%c9%99ndid%c9%99-ofisini-acacaq-foto","status":"publish","type":"post","link":"https:\/\/arantv.az\/?p=662034","title":{"rendered":"Deputat Xank\u0259ndid\u0259 ofisini a\u00e7acaq? &#8211; FOTO"},"content":{"rendered":"<p>\u201cXank\u0259ndid\u0259 deputat ofisi xank\u0259ndlil\u0259r oraya qay\u0131danda f\u0259aliyy\u0259t\u0259 ba\u015flayacaq\u201d.<\/p>\n<p>Bununla ba\u011fl\u0131\u00a0<strong>Oxu.Az<\/strong>-\u0131n m\u00fcvafiq sor\u011fusuna cavab olaraq, Xank\u0259ndinin deputat\u0131\u00a0<strong>Tural G\u0259nc\u0259liyev\u00a0<\/strong>m\u0259lumat verib.<\/p>\n<p>O qeyd edib ki, B\u00f6y\u00fck Qay\u0131d\u0131\u015f plan\u0131 \u00e7\u0259r\u00e7iv\u0259sind\u0259 Xank\u0259ndiy\u0259 d\u0259 k\u00f6\u00e7 h\u0259yata ke\u00e7iril\u0259c\u0259k:<\/p>\n<p><img src=\"https:\/\/cdn.oxu.az\/uploads\/W1siZiIsIjIwMjMvMTEvMjcvMTcvNTgvMTQvNWI3MWQyOTItMGYwMC00Y2RmLWI5ZDAtODUxMmQ5ZTg5ZWYwL3R0LmpwZyJdLFsicCIsImVuY29kZSIsImpwZyIsIi1xdWFsaXR5IDgwIl0sWyJwIiwidGh1bWIiLCI1OTB4NTkwXHUwMDNlIl1d?sha=829a37c4a153573a\" alt=\"\" \/><\/p>\n<p>\u201cXank\u0259ndinin mill\u0259t v\u0259kili kimi dey\u0259 bil\u0259r\u0259m ki, b\u00fct\u00fcn ke\u00e7mi\u015f m\u0259cburi k\u00f6\u00e7k\u00fcnl\u0259r, evind\u0259n, torpa\u011f\u0131ndan qovulmu\u015f az\u0259rbaycanl\u0131lar kimi biz d\u0259 \u00f6z do\u011fma \u015f\u0259h\u0259rimiz\u0259 qay\u0131daca\u011f\u0131m\u0131z g\u00fcn\u00fc s\u0259birsizlikl\u0259 g\u00f6zl\u0259yirik. B\u00f6y\u00fck Qay\u0131d\u0131\u015f d\u00f6vl\u0259t proqram\u0131 m\u00f6vcuddur v\u0259 bu proqram \u00e7\u0259r\u00e7iv\u0259sind\u0259 h\u0259r bir az\u0259rbaycanl\u0131 do\u011fma torpaqlar\u0131na qay\u0131dacaq. Biz proqram\u0131n h\u0259yata ke\u00e7irilm\u0259sini diqq\u0259tl\u0259 izl\u0259m\u0259li, bununla ba\u011fl\u0131 \u00f6z planlar\u0131m\u0131z\u0131 qurmal\u0131, add\u0131mlar\u0131m\u0131z\u0131 atmal\u0131y\u0131q.<\/p>\n<p>\u0130\u015f\u011faldan azad olunan \u0259razil\u0259rimizin yenid\u0259n qurulmas\u0131, b\u0259rpas\u0131 infrastruktur sisteminin yarad\u0131lmas\u0131 prosesi s\u00fcr\u0259tl\u0259 gedir. Bu, \u015e\u0259rqi Z\u0259ng\u0259zur v\u0259 Qaraba\u011f iqtisadi zonas\u0131n\u0131 \u0259hat\u0259 ed\u0259n b\u00fct\u00fcn \u0259razil\u0259r\u0259 aiddir. M\u0259n d\u0259 Xank\u0259ndinin mill\u0259t v\u0259kili kimi \u015f\u0259h\u0259r sakinl\u0259ri il\u0259 birlikd\u0259 B\u00f6y\u00fck Qay\u0131d\u0131\u015f \u00e7\u0259r\u00e7iv\u0259sind\u0259 evim\u0259 d\u00f6n\u0259c\u0259y\u0259m. F\u0259aliyy\u0259timizi orada davam etdir\u0259c\u0259yik\u201d.<\/p>\n<p><img src=\"https:\/\/cdn.oxu.az\/uploads\/W1siZiIsIjIwMjMvMTEvMjcvMTcvNTgvMDUvZWE2MjM0YTktNDFlZS00NGQ1LTg3ZWUtZTcxYTU1ZjkyMDUxL3hray5qcGciXSxbInAiLCJlbmNvZGUiLCJqcGciLCItcXVhbGl0eSA4MCJdLFsicCIsInRodW1iIiwiNTkweDU5MFx1MDAzZSJdXQ?sha=1c0d7432a7180b13\" alt=\"\" \/><\/p>\n<p>Qeyd ed\u0259k ki, 2023-c\u00fc il 19-20 sentyabr tarixl\u0259rind\u0259 Az\u0259rbaycan ordusu t\u0259r\u0259find\u0259n h\u0259yata ke\u00e7iril\u0259n antiterror t\u0259dbirl\u0259ri n\u0259tic\u0259sind\u0259 Xank\u0259ndi \u015f\u0259h\u0259ri separat\u00e7\u0131lardan t\u0259mizl\u0259nib v\u0259 \u015f\u0259h\u0259rd\u0259 Az\u0259rbaycan bayra\u011f\u0131 dal\u011faland\u0131r\u0131l\u0131b. Art\u0131q bundan sonra bir s\u0131ra t\u0259dbirl\u0259rin, o c\u00fcml\u0259d\u0259n Z\u0259f\u0259r G\u00fcn\u00fc il\u0259 \u0259laq\u0259dar h\u0259rbi parad\u0131n Xank\u0259ndid\u0259 ke\u00e7irilm\u0259si ba\u015f tutub.<\/p>\n","protected":false},"excerpt":{"rendered":"<p>\u201cXank\u0259ndid\u0259 deputat ofisi xank\u0259ndlil\u0259r oraya qay\u0131danda f\u0259aliyy\u0259t\u0259 ba\u015flayacaq\u201d. Bununla ba\u011fl\u0131\u00a0Oxu.Az-\u0131n m\u00fcvafiq sor\u011fusuna cavab olaraq, Xank\u0259ndinin deputat\u0131\u00a0Tural G\u0259nc\u0259liyev\u00a0m\u0259lumat verib. O qeyd edib ki, B\u00f6y\u00fck Qay\u0131d\u0131\u015f plan\u0131 \u00e7\u0259r\u00e7iv\u0259sind\u0259 Xank\u0259ndiy\u0259 d\u0259 k\u00f6\u00e7 h\u0259yata ke\u00e7iril\u0259c\u0259k: \u201cXank\u0259ndinin mill\u0259t v\u0259kili kimi dey\u0259 bil\u0259r\u0259m ki, b\u00fct\u00fcn ke\u00e7mi\u015f m\u0259cburi k\u00f6\u00e7k\u00fcnl\u0259r, evind\u0259n, torpa\u011f\u0131ndan qovulmu\u015f az\u0259rbaycanl\u0131lar kimi biz d\u0259 \u00f6z do\u011fma \u015f\u0259h\u0259rimiz\u0259 qay\u0131daca\u011f\u0131m\u0131z g\u00fcn\u00fc s\u0259birsizlikl\u0259 g\u00f6zl\u0259yirik. B\u00f6y\u00fck Qay\u0131d\u0131\u015f d\u00f6vl\u0259t proqram\u0131 m\u00f6vcuddur v\u0259 bu proqram \u00e7\u0259r\u00e7iv\u0259sind\u0259 h\u0259r bir az\u0259rbaycanl\u0131 do\u011fma torpaqlar\u0131na qay\u0131dacaq. Biz proqram\u0131n h\u0259yata ke\u00e7irilm\u0259sini diqq\u0259tl\u0259 izl\u0259m\u0259li, bununla ba\u011fl\u0131 \u00f6z planlar\u0131m\u0131z\u0131 qurmal\u0131, add\u0131mlar\u0131m\u0131z\u0131 atmal\u0131y\u0131q. \u0130\u015f\u011faldan azad olunan \u0259razil\u0259rimizin yenid\u0259n qurulmas\u0131,&hellip;<\/p>\n","protected":false},"author":2,"featured_media":662035,"comment_status":"closed","ping_status":"closed","sticky":false,"template":"","format":"standard","meta":{"om_disable_all_campaigns":false,"_monsterinsights_skip_tracking":false,"_monsterinsights_sitenote_active":false,"_monsterinsights_sitenote_note":"","_monsterinsights_sitenote_category":0},"categories":[19],"tags":[],"aioseo_notices":[],"gutentor_comment":0,"rttpg_featured_image_url":{"full":["https:\/\/arantv.az\/wp-content\/uploads\/2023\/11\/xk.jpg",620,413,false],"landscape":["https:\/\/arantv.az\/wp-content\/uploads\/2023\/11\/xk.jpg",620,413,false],"portraits":["https:\/\/arantv.az\/wp-content\/uploads\/2023\/11\/xk.jpg",620,413,false],"thumbnail":["https:\/\/arantv.az\/wp-content\/uploads\/2023\/11\/xk-500x280.jpg",500,280,true],"medium":["https:\/\/arantv.az\/wp-content\/uploads\/2023\/11\/xk-548x365.jpg",548,365,true],"large":["https:\/\/arantv.az\/wp-content\/uploads\/2023\/11\/xk.jpg",620,413,false],"1536x1536":["https:\/\/arantv.az\/wp-content\/uploads\/2023\/11\/xk.jpg",620,413,false],"2048x2048":["https:\/\/arantv.az\/wp-content\/uploads\/2023\/11\/xk.jpg",620,413,false],"post-thumbnail":["https:\/\/arantv.az\/wp-content\/uploads\/2023\/11\/xk-240x172.jpg",240,172,true],"advps-thumb-one":["https:\/\/arantv.az\/wp-content\/uploads\/2023\/11\/xk.jpg",620,413,false]},"rttpg_author":{"display_name":"V\u00fcsal Rafiqo\u011flu","author_link":"https:\/\/arantv.az\/?author=2"},"rttpg_comment":0,"rttpg_category":"<a href=\"https:\/\/arantv.az\/?cat=19\" rel=\"category\">G\u00fcnd\u0259m<\/a>","rttpg_excerpt":"\u201cXank\u0259ndid\u0259 deputat ofisi xank\u0259ndlil\u0259r oraya qay\u0131danda f\u0259aliyy\u0259t\u0259 ba\u015flayacaq\u201d. Bununla ba\u011fl\u0131\u00a0Oxu.Az-\u0131n m\u00fcvafiq sor\u011fusuna cavab olaraq, Xank\u0259ndinin deputat\u0131\u00a0Tural G\u0259nc\u0259liyev\u00a0m\u0259lumat verib. O qeyd edib ki, B\u00f6y\u00fck Qay\u0131d\u0131\u015f plan\u0131 \u00e7\u0259r\u00e7iv\u0259sind\u0259 Xank\u0259ndiy\u0259 d\u0259 k\u00f6\u00e7 h\u0259yata ke\u00e7iril\u0259c\u0259k: \u201cXank\u0259ndinin mill\u0259t v\u0259kili kimi dey\u0259 bil\u0259r\u0259m ki, b\u00fct\u00fcn ke\u00e7mi\u015f m\u0259cburi k\u00f6\u00e7k\u00fcnl\u0259r, evind\u0259n, torpa\u011f\u0131ndan qovulmu\u015f az\u0259rbaycanl\u0131lar kimi biz d\u0259 \u00f6z do\u011fma \u015f\u0259h\u0259rimiz\u0259 qay\u0131daca\u011f\u0131m\u0131z g\u00fcn\u00fc s\u0259birsizlikl\u0259&hellip;","_links":{"self":[{"href":"https:\/\/arantv.az\/index.php?rest_route=\/wp\/v2\/posts\/662034"}],"collection":[{"href":"https:\/\/arantv.az\/index.php?rest_route=\/wp\/v2\/posts"}],"about":[{"href":"https:\/\/arantv.az\/index.php?rest_route=\/wp\/v2\/types\/post"}],"author":[{"embeddable":true,"href":"https:\/\/arantv.az\/index.php?rest_route=\/wp\/v2\/users\/2"}],"replies":[{"embeddable":true,"href":"https:\/\/arantv.az\/index.php?rest_route=%2Fwp%2Fv2%2Fcomments&post=662034"}],"version-history":[{"count":0,"href":"https:\/\/arantv.az\/index.php?rest_route=\/wp\/v2\/posts\/662034\/revisions"}],"wp:featuredmedia":[{"embeddable":true,"href":"https:\/\/arantv.az\/index.php?rest_route=\/wp\/v2\/media\/662035"}],"wp:attachment":[{"href":"https:\/\/arantv.az\/index.php?rest_route=%2Fwp%2Fv2%2Fmedia&parent=662034"}],"wp:term":[{"taxonomy":"category","embeddable":true,"href":"https:\/\/arantv.az\/index.php?rest_route=%2Fwp%2Fv2%2Fcategories&post=662034"},{"taxonomy":"post_tag","embeddable":true,"href":"https:\/\/arantv.az\/index.php?rest_route=%2Fwp%2Fv2%2Ftags&post=662034"}],"curies":[{"name":"wp","href":"https:\/\/api.w.org\/{rel}","templated":true}]}}