{"id":662039,"date":"2023-11-27T20:08:43","date_gmt":"2023-11-27T16:08:43","guid":{"rendered":"https:\/\/arantv.az\/?p=662039"},"modified":"2023-11-27T20:08:43","modified_gmt":"2023-11-27T16:08:43","slug":"cingiz-q%c9%99nizad%c9%99-xacatryanin-15-illik-h%c9%99bs-c%c9%99zasi-quvv%c9%99d%c9%99-qalacaq","status":"publish","type":"post","link":"https:\/\/arantv.az\/?p=662039","title":{"rendered":"\u00c7ingiz Q\u0259nizad\u0259: Xa\u00e7atryan\u0131n 15 illik h\u0259bs c\u0259zas\u0131 q\u00fcvv\u0259d\u0259 qalacaq"},"content":{"rendered":"<div><\/div>\n<div>Qanunsuz erm\u0259ni silahl\u0131 birl\u0259\u015fm\u0259l\u0259rinin t\u0259rkibind\u0259 Xocal\u0131 rayonunun Me\u015f\u0259li k\u0259ndind\u0259 soyq\u0131r\u0131m\u0131 t\u00f6r\u0259tm\u0259kd\u0259 t\u0259qsirl\u0259ndiril\u0259n Vaqif Xa\u00e7atryan bar\u0259sind\u0259 olan h\u00f6kmd\u0259n apellyasiya \u015fikay\u0259ti verib.<\/div>\n<div>Bu bar\u0259d\u0259 onun v\u0259kili Radmila Ab\u0131lova deyib.<\/p>\n<\/div>\n<div>O bildirib ki, \u015fikay\u0259t Bak\u0131 Apellyasiya M\u0259hk\u0259m\u0259sin\u0259 t\u0259qdim edilib v\u0259 V.Xa\u00e7aturyan bar\u0259sind\u0259 b\u0259ra\u0259t h\u00f6km\u00fcn\u00fcn \u00e7\u0131xar\u0131lmas\u0131n\u0131 ist\u0259yir: &#8220;V.Xa\u00e7atryanla noyabr\u0131n 24-d\u0259 g\u00f6r\u00fc\u015fd\u00fcm. S\u0259hh\u0259ti il\u0259 ba\u011fl\u0131 he\u00e7 bir problem yoxdur. Ona b\u00fct\u00fcn h\u00fcquqlar\u0131n\u0131 izah etmi\u015f\u0259m&#8221;.<\/p>\n<\/div>\n<div>Xat\u0131rladaq ki, Bak\u0131 H\u0259rbi M\u0259hk\u0259m\u0259sinin elan etdiyi h\u00f6km\u0259 \u0259sas\u0259n o, 15 il m\u00fcdd\u0259t\u0259 azadl\u0131qdan m\u0259hrum edilib. V.Xa\u00e7atryan c\u0259zas\u0131n\u0131n ilk 5 ilini h\u0259bsxanada, qalan\u0131n\u0131 is\u0259 ciddi rejimli c\u0259za\u00e7\u0259km\u0259 m\u00fc\u0259ssis\u0259sind\u0259 \u00e7\u0259km\u0259lidir.<\/div>\n<div>Xat\u0131rladaq ki, V.Xa\u00e7atryan\u0131n i\u015ftirak\u0131 il\u0259 Qaraba\u011f iqtisadi rayonunda ya\u015fayan, h\u0259m\u00e7inin Erm\u0259nistan Respublikas\u0131ndan g\u0259lmi\u015f mill\u0259t\u00e7i erm\u0259nil\u0259rd\u0259n ibar\u0259t yarad\u0131lm\u0131\u015f, Az\u0259rbaycan Respublikas\u0131n\u0131n qanunvericiliyi il\u0259 n\u0259z\u0259rd\u0259 tutulmayan silahl\u0131 h\u0259rbi birl\u0259\u015fm\u0259l\u0259rd\u0259n ibar\u0259t cinay\u0259tkar birliyin t\u0259rkibind\u0259 Xocal\u0131 (ke\u00e7mi\u015f \u018fsg\u0259ran rayonu \u0259razisind\u0259) rayonunun Me\u015f\u0259li k\u0259ndind\u0259 yerli az\u0259rbaycanl\u0131 \u0259haliy\u0259 qar\u015f\u0131 t\u00f6r\u0259dilmi\u015f soyq\u0131r\u0131m\u0131, t\u0259qib etm\u0259, did\u0259rgin salma, silahl\u0131 m\u00fcnaqi\u015f\u0259 zaman\u0131 beyn\u0259lxalq humanitar h\u00fcquq normalar\u0131n\u0131 pozma cinay\u0259tl\u0259ri n\u0259tic\u0259sind\u0259 \u00fcmumilikd\u0259 27 n\u0259f\u0259r q\u0259sd\u0259n \u00f6ld\u00fcr\u00fcl\u00fcb, 21 n\u0259f\u0259r m\u00fcxt\u0259lif d\u0259r\u0259c\u0259li b\u0259d\u0259n x\u0259sar\u0259tl\u0259ri al\u0131b, 2 n\u0259f\u0259r k\u0259nd sakini girov g\u00f6t\u00fcr\u00fcl\u00fcb, 81 ail\u0259 t\u0259s\u0259rr\u00fcfat\u0131ndan ibar\u0259t 340 n\u0259f\u0259r daimi ya\u015fay\u0131\u015f yerl\u0259rind\u0259n Az\u0259rbaycan Respublikas\u0131n\u0131n dig\u0259r \u0259razil\u0259rin\u0259 did\u0259rgin sal\u0131n\u0131b, k\u0259nd sakinl\u0259rin\u0259 \u00fcmumilikd\u0259 13 568 060 manat, d\u00f6vl\u0259t\u0259 is\u0259 130 800 manat m\u0259bl\u0259\u011find\u0259 maddi ziyan vurulub.<\/p>\n<\/div>\n<div>12 noyabr 2013-c\u00fc il tarixd\u0259 Xa\u00e7atryan Vaqif \u00c7erkezovi\u00e7 bar\u0259sind\u0259 Cinay\u0259t M\u0259c\u0259ll\u0259sinin 103 v\u0259 107-ci madd\u0259l\u0259ri il\u0259 t\u0259qsirl\u0259ndiril\u0259n \u015f\u0259xs qismind\u0259 c\u0259lb edilm\u0259sin\u0259 dair q\u0259rar q\u0259bul edilib, 14 noyabr 2013-c\u00fc il tarixd\u0259 Bak\u0131 \u015f\u0259h\u0259ri N\u0259rimanov rayon m\u0259hk\u0259m\u0259sinin q\u0259rar\u0131 il\u0259 bar\u0259sind\u0259 h\u0259bs q\u0259timkan t\u0259dbiri se\u00e7ilib v\u0259 21 noyabr 2013-c\u00fc il tarixd\u0259 axtar\u0131\u015f\u0131 elan edil\u0259r\u0259k m\u00fcvafiq s\u0259n\u0259dl\u0259r Daxili \u0130\u015fl\u0259r Nazirliyinin Ba\u015f Cinay\u0259t Axtar\u0131\u015f\u0131 \u0130dar\u0259sin\u0259 v\u0259 \u0130nterpolun Az\u0259rbaycandak\u0131 Milli M\u0259rk\u0259zi B\u00fcrosuna g\u00f6nd\u0259rilib.<\/p>\n<\/div>\n<div>29 iyul 2023-c\u00fc il tarixd\u0259 Xa\u00e7atryan Vaqif \u00c7erkezovi\u00e7 s\u0259hh\u0259ti il\u0259 ba\u011fl\u0131 Erm\u0259nistan Respublikas\u0131n\u0131n \u0259razisin\u0259 ke\u00e7m\u0259k ist\u0259y\u0259n zaman La\u00e7\u0131n s\u0259rh\u0259d-burax\u0131l\u0131\u015f m\u0259nt\u0259q\u0259sind\u0259 saxlan\u0131laraq istintaqa t\u0259qdim olunub v\u0259 h\u0259min tarixd\u0259 ona Cinay\u0259t M\u0259c\u0259ll\u0259sinin 103 v\u0259 107-ci madd\u0259l\u0259rind\u0259 n\u0259z\u0259rd\u0259 tutulmu\u015f ittiham elan edil\u0259r\u0259k bar\u0259sind\u0259 3 ay m\u00fcdd\u0259tin\u0259 h\u0259bs q\u0259timkan t\u0259dbiri se\u00e7ilib.<\/div>\n<div>Bu il sentyabr\u0131n 22-d\u0259 t\u0259qsirl\u0259ndiril\u0259n \u015f\u0259xs V.Xa\u00e7atryana Cinay\u0259t M\u0259c\u0259ll\u0259sinin m\u00fcvafiq madd\u0259l\u0259ri il\u0259 yenid\u0259n ittiham elan edilib v\u0259 sentyabr\u0131n 29-da is\u0259 cinay\u0259t i\u015fi \u00fczr\u0259 ibtidai istintaq tamamlanaraq bax\u0131lmas\u0131 \u00fc\u00e7\u00fcn aidiyy\u0259ti \u00fczr\u0259 Bak\u0131 H\u0259rbi M\u0259hk\u0259m\u0259sin\u0259 g\u00f6nd\u0259rilib.<\/p>\n<\/div>\n<div>\u0130\u015f \u00fczr\u0259 z\u0259r\u0259r\u00e7\u0259kmi\u015f kimi 58 v\u0259t\u0259nda\u015f v\u0259 Xocal\u0131 Rayon \u0130cra Hakimiyy\u0259ti tan\u0131n\u0131b.<\/div>\n<div><strong>\u00a0<\/strong><\/div>\n<div><strong>M\u00f6vzu il\u0259 ba\u011fl\u0131\u00a0\u201cSherg.az\u201d a\u00a0dan\u0131\u015fan\u00a0 Demokratiya v\u0259 \u0130nsan H\u00fcquqlar\u0131 Komit\u0259sinin s\u0259dri, h\u00fcquq m\u00fcdafi\u0259\u00e7isi \u00c7ingiz Q\u0259nizad\u0259 bildirib ki, Vaqif Xa\u00e7atryan\u0131n etdiyi cinay\u0259tl\u0259r\u0259 g\u00f6r\u0259 c\u0259zas\u0131 daha a\u011f\u0131r olmal\u0131 idi:<\/p>\n<p><\/strong><\/div>\n<div>\u201cAmma n\u0259z\u0259r\u0259 almaq laz\u0131md\u0131r ki,\u00a0 onun cinay\u0259tl\u0259ri t\u00f6r\u0259tdiyi d\u00f6vrd\u0259 indiki a\u011f\u0131rla\u015fd\u0131r\u0131c\u0131 sanksiyalardan hesab olunan\u00a0 madd\u0259l\u0259r yox idi. Bu konteksd\u0259 c\u0259za h\u0259ddi maksimum 15 il idi. Vaqif Xa\u00e7atryan\u0131n t\u00f6r\u0259tdiyi qanunsuzluqlarla birg\u0259 c\u0259za \u00e7\u0259k\u0259nl\u0259r kifay\u0259t q\u0259d\u0259r faktlar s\u00fcbuta yetirdil\u0259r ki, onda\u00a0 ona bu c\u0259zan\u0131n verilm\u0259si il\u0259 n\u0259tic\u0259l\u0259ndi\u201d.<\/p>\n<\/div>\n<div>\n<div><strong><img src=\"https:\/\/www.kaspi.az\/storage\/posts\/large\/6237350c9a8fd.jpg\" \/><\/strong><\/div>\n<p><strong><br \/>\n<\/strong><\/div>\n<div><strong>\u00c7.Q\u0259nizad\u0259\u00a0Vaqif Xa\u00e7atryana daha a\u011f\u0131r c\u0259zan\u0131n verilm\u0259sini g\u00f6zl\u0259dikl\u0259rini vur\u011fulay\u0131b:<\/p>\n<p><\/strong><\/div>\n<div>\u201cAncaq bildiyimiz kimi Az\u0259rbaycan h\u00fcquqi v\u0259 demokratik \u00f6lk\u0259dir. Az\u0259rbaycan M\u0259hk\u0259m\u0259l\u0259ri is\u0259,\u00a0 3 pill\u0259lidir. Y\u0259ni yerli\u00a0 v\u0259 yaxud \u0259cn\u0259bi olmas\u0131 f\u0259rq etm\u0259d\u0259n h\u0259r bir f\u0259rdin instansiya m\u0259hk\u0259m\u0259sinin \u00e7\u0131xard\u0131\u011f\u0131 q\u0259rarlardan \u015fikay\u0259t etm\u0259k h\u00fcquqi var. G\u00f6r\u00fcn\u00fcr Xa\u00e7atryanda s\u00f6z\u00fc ged\u0259n h\u00fcququndan istifad\u0259 ed\u0259r\u0259k g\u0259l\u0259n m\u0259hk\u0259m\u0259l\u0259rd\u0259 n\u0259yins\u0259 d\u0259yi\u015f\u0259c\u0259yin\u0259 \u00fcmid edir. H\u0259r halda bu c\u0259za verilmi\u015f \u015f\u0259xsin h\u00fcququdur v\u0259 o h\u00fcququndan istifad\u0259 edir. Lakin t\u00f6r\u0259dil\u0259n a\u011f\u0131r cinay\u0259tl\u0259r\u0259 g\u00f6r\u0259 Bak\u0131 Apelyasiya M\u0259hk\u0259m\u0259sind\u0259 d\u0259 c\u0259zan\u0131n y\u00fcng\u00fcll\u0259\u015fdiril\u0259c\u0259yini d\u00fc\u015f\u00fcnm\u00fcr\u0259m. Y\u0259qin ki, 15 illik h\u0259bs c\u0259zas\u0131 q\u00fcvv\u0259d\u0259 qalacaq\u201d.<\/div>\n","protected":false},"excerpt":{"rendered":"<p>Qanunsuz erm\u0259ni silahl\u0131 birl\u0259\u015fm\u0259l\u0259rinin t\u0259rkibind\u0259 Xocal\u0131 rayonunun Me\u015f\u0259li k\u0259ndind\u0259 soyq\u0131r\u0131m\u0131 t\u00f6r\u0259tm\u0259kd\u0259 t\u0259qsirl\u0259ndiril\u0259n Vaqif Xa\u00e7atryan bar\u0259sind\u0259 olan h\u00f6kmd\u0259n apellyasiya \u015fikay\u0259ti verib. Bu bar\u0259d\u0259 onun v\u0259kili Radmila Ab\u0131lova deyib. O bildirib ki, \u015fikay\u0259t Bak\u0131 Apellyasiya M\u0259hk\u0259m\u0259sin\u0259 t\u0259qdim edilib v\u0259 V.Xa\u00e7aturyan bar\u0259sind\u0259 b\u0259ra\u0259t h\u00f6km\u00fcn\u00fcn \u00e7\u0131xar\u0131lmas\u0131n\u0131 ist\u0259yir: &#8220;V.Xa\u00e7atryanla noyabr\u0131n 24-d\u0259 g\u00f6r\u00fc\u015fd\u00fcm. S\u0259hh\u0259ti il\u0259 ba\u011fl\u0131 he\u00e7 bir problem yoxdur. Ona b\u00fct\u00fcn h\u00fcquqlar\u0131n\u0131 izah etmi\u015f\u0259m&#8221;. Xat\u0131rladaq ki, Bak\u0131 H\u0259rbi M\u0259hk\u0259m\u0259sinin elan etdiyi h\u00f6km\u0259 \u0259sas\u0259n o, 15 il m\u00fcdd\u0259t\u0259 azadl\u0131qdan m\u0259hrum edilib. V.Xa\u00e7atryan c\u0259zas\u0131n\u0131n ilk 5 ilini h\u0259bsxanada, qalan\u0131n\u0131 is\u0259 ciddi rejimli c\u0259za\u00e7\u0259km\u0259 m\u00fc\u0259ssis\u0259sind\u0259 \u00e7\u0259km\u0259lidir. Xat\u0131rladaq ki,&hellip;<\/p>\n","protected":false},"author":2,"featured_media":662040,"comment_status":"closed","ping_status":"closed","sticky":false,"template":"","format":"standard","meta":{"om_disable_all_campaigns":false,"_monsterinsights_skip_tracking":false,"_monsterinsights_sitenote_active":false,"_monsterinsights_sitenote_note":"","_monsterinsights_sitenote_category":0},"categories":[4],"tags":[],"aioseo_notices":[],"gutentor_comment":0,"rttpg_featured_image_url":{"full":["https:\/\/arantv.az\/wp-content\/uploads\/2023\/11\/acaabee5beb105758b1490ba86eb7c9b.jpg",598,335,false],"landscape":["https:\/\/arantv.az\/wp-content\/uploads\/2023\/11\/acaabee5beb105758b1490ba86eb7c9b.jpg",598,335,false],"portraits":["https:\/\/arantv.az\/wp-content\/uploads\/2023\/11\/acaabee5beb105758b1490ba86eb7c9b.jpg",598,335,false],"thumbnail":["https:\/\/arantv.az\/wp-content\/uploads\/2023\/11\/acaabee5beb105758b1490ba86eb7c9b-500x280.jpg",500,280,true],"medium":["https:\/\/arantv.az\/wp-content\/uploads\/2023\/11\/acaabee5beb105758b1490ba86eb7c9b.jpg",598,335,false],"large":["https:\/\/arantv.az\/wp-content\/uploads\/2023\/11\/acaabee5beb105758b1490ba86eb7c9b.jpg",598,335,false],"1536x1536":["https:\/\/arantv.az\/wp-content\/uploads\/2023\/11\/acaabee5beb105758b1490ba86eb7c9b.jpg",598,335,false],"2048x2048":["https:\/\/arantv.az\/wp-content\/uploads\/2023\/11\/acaabee5beb105758b1490ba86eb7c9b.jpg",598,335,false],"post-thumbnail":["https:\/\/arantv.az\/wp-content\/uploads\/2023\/11\/acaabee5beb105758b1490ba86eb7c9b-240x172.jpg",240,172,true],"advps-thumb-one":["https:\/\/arantv.az\/wp-content\/uploads\/2023\/11\/acaabee5beb105758b1490ba86eb7c9b.jpg",598,335,false]},"rttpg_author":{"display_name":"V\u00fcsal Rafiqo\u011flu","author_link":"https:\/\/arantv.az\/?author=2"},"rttpg_comment":0,"rttpg_category":"<a href=\"https:\/\/arantv.az\/?cat=4\" rel=\"category\">Siyas\u0259t<\/a>","rttpg_excerpt":"Qanunsuz erm\u0259ni silahl\u0131 birl\u0259\u015fm\u0259l\u0259rinin t\u0259rkibind\u0259 Xocal\u0131 rayonunun Me\u015f\u0259li k\u0259ndind\u0259 soyq\u0131r\u0131m\u0131 t\u00f6r\u0259tm\u0259kd\u0259 t\u0259qsirl\u0259ndiril\u0259n Vaqif Xa\u00e7atryan bar\u0259sind\u0259 olan h\u00f6kmd\u0259n apellyasiya \u015fikay\u0259ti verib. Bu bar\u0259d\u0259 onun v\u0259kili Radmila Ab\u0131lova deyib. O bildirib ki, \u015fikay\u0259t Bak\u0131 Apellyasiya M\u0259hk\u0259m\u0259sin\u0259 t\u0259qdim edilib v\u0259 V.Xa\u00e7aturyan bar\u0259sind\u0259 b\u0259ra\u0259t h\u00f6km\u00fcn\u00fcn \u00e7\u0131xar\u0131lmas\u0131n\u0131 ist\u0259yir: &#8220;V.Xa\u00e7atryanla noyabr\u0131n 24-d\u0259 g\u00f6r\u00fc\u015fd\u00fcm. S\u0259hh\u0259ti il\u0259 ba\u011fl\u0131 he\u00e7 bir problem yoxdur. Ona&hellip;","_links":{"self":[{"href":"https:\/\/arantv.az\/index.php?rest_route=\/wp\/v2\/posts\/662039"}],"collection":[{"href":"https:\/\/arantv.az\/index.php?rest_route=\/wp\/v2\/posts"}],"about":[{"href":"https:\/\/arantv.az\/index.php?rest_route=\/wp\/v2\/types\/post"}],"author":[{"embeddable":true,"href":"https:\/\/arantv.az\/index.php?rest_route=\/wp\/v2\/users\/2"}],"replies":[{"embeddable":true,"href":"https:\/\/arantv.az\/index.php?rest_route=%2Fwp%2Fv2%2Fcomments&post=662039"}],"version-history":[{"count":0,"href":"https:\/\/arantv.az\/index.php?rest_route=\/wp\/v2\/posts\/662039\/revisions"}],"wp:featuredmedia":[{"embeddable":true,"href":"https:\/\/arantv.az\/index.php?rest_route=\/wp\/v2\/media\/662040"}],"wp:attachment":[{"href":"https:\/\/arantv.az\/index.php?rest_route=%2Fwp%2Fv2%2Fmedia&parent=662039"}],"wp:term":[{"taxonomy":"category","embeddable":true,"href":"https:\/\/arantv.az\/index.php?rest_route=%2Fwp%2Fv2%2Fcategories&post=662039"},{"taxonomy":"post_tag","embeddable":true,"href":"https:\/\/arantv.az\/index.php?rest_route=%2Fwp%2Fv2%2Ftags&post=662039"}],"curies":[{"name":"wp","href":"https:\/\/api.w.org\/{rel}","templated":true}]}}