{"id":662042,"date":"2023-11-27T20:09:33","date_gmt":"2023-11-27T16:09:33","guid":{"rendered":"https:\/\/arantv.az\/?p=662042"},"modified":"2023-11-27T20:09:33","modified_gmt":"2023-11-27T16:09:33","slug":"irandaki-s%c9%99firliyimiz-f%c9%99aliyy%c9%99tini-b%c9%99rpa-ed%c9%99-bil%c9%99r-bir-s%c9%99rtl%c9%99","status":"publish","type":"post","link":"https:\/\/arantv.az\/?p=662042","title":{"rendered":"\u0130randak\u0131 s\u0259firliyimiz f\u0259aliyy\u0259tini b\u0259rpa ed\u0259 bil\u0259r, bir \u015f\u0259rtl\u0259&#8230;"},"content":{"rendered":"<p><strong>&#8220;\u0130ran r\u0259smil\u0259rinin a\u00e7\u0131qlamalar\u0131,\u00a0 b\u0259yanatlar\u0131 \u0259m\u0259ld\u0259 d\u0259 \u00f6z\u00fcn\u00fc g\u00f6st\u0259rm\u0259lidir. Bizim \u00fc\u00e7\u00fcn \u0259sas indikator Yasin H\u00fcseynzad\u0259nin layiqli c\u0259zas\u0131n\u0131 almas\u0131d\u0131r. H\u00f6km \u00e7\u0131xar\u0131lan kimi s\u0259firliyin f\u0259aliyy\u0259tini b\u0259rpa edilm\u0259sini g\u00f6zl\u0259mir\u0259m&#8221;.<br \/>\n<\/strong><br \/>\nBu fikirl\u0259ri\u00a0<strong>Musavat.com<\/strong>-a a\u00e7\u0131qlamas\u0131nda Siyasi v\u0259 H\u00fcquqi Ara\u015fd\u0131rmalar M\u0259rk\u0259zinin s\u0259dri X\u0259yal B\u0259\u015firov deyib.<\/p>\n<p><strong>Politoloq vur\u011fulay\u0131b ki,\u00a0Az\u0259rbaycan t\u0259kc\u0259, \u0130rana qar\u015f\u0131 deyil, b\u00fct\u00fcn dig\u0259r d\u00f6vl\u0259tl\u0259r\u0259 qar\u015f\u0131 s\u0259rt v\u0259 prinsipial m\u00f6vzularla ba\u011fl\u0131 he\u00e7 zaman g\u00fcz\u0259\u015ft\u0259 getm\u0259yib, bundan sonra da g\u00fcz\u0259\u015ft\u0259 getm\u0259y\u0259c\u0259k:<\/strong>\u00a0&#8220;\u0130ran\u0131n \u0259lind\u0259 Az\u0259rbaycan\u0131n \u0259leyhin\u0259 istifad\u0259 ed\u0259 bil\u0259c\u0259yi he\u00e7 bir fakt yox idi. Buna g\u00f6r\u0259 d\u0259 \u0130ran Az\u0259rbaycanla ba\u011fl\u0131 siyas\u0259tind\u0259 ciddi d\u00f6n\u00fc\u015f yaratd\u0131.\u0130yul ay\u0131nda \u0130ran X\u0130N ba\u015f\u00e7\u0131s\u0131 Az\u0259rbaycana s\u0259f\u0259r etdi v\u0259 a\u00e7\u0131qlamas\u0131ndan b\u0259lli oldu ki, \u0130ran v\u0259 Az\u0259rbaycan aras\u0131nda buzlar \u0259rim\u0259kd\u0259dir. Eyni zamanda Az\u0259rbaycan\u0131n \u0130randak\u0131 s\u0259firliyind\u0259 t\u00f6r\u0259dil\u0259n terror akt\u0131 il\u0259 ba\u011fl\u0131 qeyd etdi ki, \u0259n \u0259dal\u0259tli c\u0259za t\u0259tbiq edil\u0259c\u0259k. Cinay\u0259tin arxas\u0131nda gizl\u0259n\u0259n \u015f\u0259xsl\u0259r v\u0259 qurumlar m\u0259suliyy\u0259t\u0259 c\u0259lb edil\u0259c\u0259k. Lakin h\u0259l\u0259 ki, yekun m\u0259hk\u0259m\u0259 q\u0259rar\u0131 verilm\u0259yib. Cinay\u0259tin ara\u015fd\u0131r\u0131lmas\u0131 \u00fc\u00e7\u00fcn 10 ay kifay\u0259t q\u0259d\u0259r b\u00f6y\u00fck zamand\u0131r. N\u0259z\u0259r\u0259 alsaq ki, bu d\u00f6vl\u0259tl\u0259raras\u0131 m\u00fcnasib\u0259tl\u0259r\u0259 ciddi t\u0259sir g\u00f6st\u0259r\u0259n bir cinay\u0259tdir, \u0130ran t\u0259r\u0259fi \u0259dal\u0259tli yekunda maraql\u0131 olmal\u0131d\u0131r.<\/p>\n<p><strong>Ekspert hesab edir ki, m\u00fcnasib\u0259tl\u0259rin tamamil\u0259 normalla\u015fmas\u0131 s\u0131rf yekun h\u00f6kmd\u0259n as\u0131l\u0131 olmayacaq:<\/strong>\u00a0&#8220;Biz \u0130ran\u0131n 3+3 format\u0131, Z\u0259ng\u0259zur d\u0259hlizin\u0259 alternativ yolun \u0130randan ke\u00e7m\u0259si il\u0259 ba\u011fl\u0131 m\u00f6vqeyini g\u00f6rd\u00fck. Az\u0259rbaycan \u0130ran\u0131n qar\u015f\u0131s\u0131na konkret faktlar qoydu. C\u0259nubi Qafqazda g\u0259rginliyin t\u0259r\u0259fdar\u0131 Erm\u0259nistand\u0131r. Az\u0259rbaycan regiona k\u0259nar q\u00fcvv\u0259 g\u0259tirm\u0259yib. Erm\u0259nistan is\u0259 Avropa \u0130ttifaq\u0131n\u0131n m\u00fclki missiyas\u0131 ad\u0131 alt\u0131nda q\u00fcvv\u0259l\u0259r g\u0259tirib v\u0259 s. G\u00f6r\u00fcn\u0259n odur ki, ya \u0130ran bizim m\u00f6vqeyimiz\u0259 inan\u0131b, ya da \u0130ran\u0131n \u0259lind\u0259 ba\u015fqa arqument olmad\u0131\u011f\u0131na g\u00f6r\u0259 Az\u0259rbaycana m\u00fcnasib\u0259td\u0259 real d\u0259yi\u015fiklik etm\u0259y\u0259 q\u0259rar verib&#8221;.<\/p>\n","protected":false},"excerpt":{"rendered":"<p>&#8220;\u0130ran r\u0259smil\u0259rinin a\u00e7\u0131qlamalar\u0131,\u00a0 b\u0259yanatlar\u0131 \u0259m\u0259ld\u0259 d\u0259 \u00f6z\u00fcn\u00fc g\u00f6st\u0259rm\u0259lidir. Bizim \u00fc\u00e7\u00fcn \u0259sas indikator Yasin H\u00fcseynzad\u0259nin layiqli c\u0259zas\u0131n\u0131 almas\u0131d\u0131r. H\u00f6km \u00e7\u0131xar\u0131lan kimi s\u0259firliyin f\u0259aliyy\u0259tini b\u0259rpa edilm\u0259sini g\u00f6zl\u0259mir\u0259m&#8221;. Bu fikirl\u0259ri\u00a0Musavat.com-a a\u00e7\u0131qlamas\u0131nda Siyasi v\u0259 H\u00fcquqi Ara\u015fd\u0131rmalar M\u0259rk\u0259zinin s\u0259dri X\u0259yal B\u0259\u015firov deyib. Politoloq vur\u011fulay\u0131b ki,\u00a0Az\u0259rbaycan t\u0259kc\u0259, \u0130rana qar\u015f\u0131 deyil, b\u00fct\u00fcn dig\u0259r d\u00f6vl\u0259tl\u0259r\u0259 qar\u015f\u0131 s\u0259rt v\u0259 prinsipial m\u00f6vzularla ba\u011fl\u0131 he\u00e7 zaman g\u00fcz\u0259\u015ft\u0259 getm\u0259yib, bundan sonra da g\u00fcz\u0259\u015ft\u0259 getm\u0259y\u0259c\u0259k:\u00a0&#8220;\u0130ran\u0131n \u0259lind\u0259 Az\u0259rbaycan\u0131n \u0259leyhin\u0259 istifad\u0259 ed\u0259 bil\u0259c\u0259yi he\u00e7 bir fakt yox idi. Buna g\u00f6r\u0259 d\u0259 \u0130ran Az\u0259rbaycanla ba\u011fl\u0131 siyas\u0259tind\u0259 ciddi d\u00f6n\u00fc\u015f yaratd\u0131.\u0130yul ay\u0131nda \u0130ran X\u0130N ba\u015f\u00e7\u0131s\u0131 Az\u0259rbaycana s\u0259f\u0259r etdi&hellip;<\/p>\n","protected":false},"author":2,"featured_media":662043,"comment_status":"closed","ping_status":"closed","sticky":false,"template":"","format":"standard","meta":{"om_disable_all_campaigns":false,"_monsterinsights_skip_tracking":false,"_monsterinsights_sitenote_active":false,"_monsterinsights_sitenote_note":"","_monsterinsights_sitenote_category":0},"categories":[19],"tags":[],"aioseo_notices":[],"gutentor_comment":0,"rttpg_featured_image_url":{"full":["https:\/\/arantv.az\/wp-content\/uploads\/2023\/11\/571e07ae1c8ecab047633183d73d6933.jpg",870,500,false],"landscape":["https:\/\/arantv.az\/wp-content\/uploads\/2023\/11\/571e07ae1c8ecab047633183d73d6933.jpg",870,500,false],"portraits":["https:\/\/arantv.az\/wp-content\/uploads\/2023\/11\/571e07ae1c8ecab047633183d73d6933.jpg",870,500,false],"thumbnail":["https:\/\/arantv.az\/wp-content\/uploads\/2023\/11\/571e07ae1c8ecab047633183d73d6933-500x280.jpg",500,280,true],"medium":["https:\/\/arantv.az\/wp-content\/uploads\/2023\/11\/571e07ae1c8ecab047633183d73d6933-635x365.jpg",635,365,true],"large":["https:\/\/arantv.az\/wp-content\/uploads\/2023\/11\/571e07ae1c8ecab047633183d73d6933-840x483.jpg",640,368,true],"1536x1536":["https:\/\/arantv.az\/wp-content\/uploads\/2023\/11\/571e07ae1c8ecab047633183d73d6933.jpg",870,500,false],"2048x2048":["https:\/\/arantv.az\/wp-content\/uploads\/2023\/11\/571e07ae1c8ecab047633183d73d6933.jpg",870,500,false],"post-thumbnail":["https:\/\/arantv.az\/wp-content\/uploads\/2023\/11\/571e07ae1c8ecab047633183d73d6933-240x172.jpg",240,172,true],"advps-thumb-one":["https:\/\/arantv.az\/wp-content\/uploads\/2023\/11\/571e07ae1c8ecab047633183d73d6933.jpg",870,500,false]},"rttpg_author":{"display_name":"V\u00fcsal Rafiqo\u011flu","author_link":"https:\/\/arantv.az\/?author=2"},"rttpg_comment":0,"rttpg_category":"<a href=\"https:\/\/arantv.az\/?cat=19\" rel=\"category\">G\u00fcnd\u0259m<\/a>","rttpg_excerpt":"&#8220;\u0130ran r\u0259smil\u0259rinin a\u00e7\u0131qlamalar\u0131,\u00a0 b\u0259yanatlar\u0131 \u0259m\u0259ld\u0259 d\u0259 \u00f6z\u00fcn\u00fc g\u00f6st\u0259rm\u0259lidir. Bizim \u00fc\u00e7\u00fcn \u0259sas indikator Yasin H\u00fcseynzad\u0259nin layiqli c\u0259zas\u0131n\u0131 almas\u0131d\u0131r. H\u00f6km \u00e7\u0131xar\u0131lan kimi s\u0259firliyin f\u0259aliyy\u0259tini b\u0259rpa edilm\u0259sini g\u00f6zl\u0259mir\u0259m&#8221;. Bu fikirl\u0259ri\u00a0Musavat.com-a a\u00e7\u0131qlamas\u0131nda Siyasi v\u0259 H\u00fcquqi Ara\u015fd\u0131rmalar M\u0259rk\u0259zinin s\u0259dri X\u0259yal B\u0259\u015firov deyib. Politoloq vur\u011fulay\u0131b ki,\u00a0Az\u0259rbaycan t\u0259kc\u0259, \u0130rana qar\u015f\u0131 deyil, b\u00fct\u00fcn dig\u0259r d\u00f6vl\u0259tl\u0259r\u0259 qar\u015f\u0131 s\u0259rt v\u0259 prinsipial m\u00f6vzularla ba\u011fl\u0131 he\u00e7 zaman&hellip;","_links":{"self":[{"href":"https:\/\/arantv.az\/index.php?rest_route=\/wp\/v2\/posts\/662042"}],"collection":[{"href":"https:\/\/arantv.az\/index.php?rest_route=\/wp\/v2\/posts"}],"about":[{"href":"https:\/\/arantv.az\/index.php?rest_route=\/wp\/v2\/types\/post"}],"author":[{"embeddable":true,"href":"https:\/\/arantv.az\/index.php?rest_route=\/wp\/v2\/users\/2"}],"replies":[{"embeddable":true,"href":"https:\/\/arantv.az\/index.php?rest_route=%2Fwp%2Fv2%2Fcomments&post=662042"}],"version-history":[{"count":0,"href":"https:\/\/arantv.az\/index.php?rest_route=\/wp\/v2\/posts\/662042\/revisions"}],"wp:featuredmedia":[{"embeddable":true,"href":"https:\/\/arantv.az\/index.php?rest_route=\/wp\/v2\/media\/662043"}],"wp:attachment":[{"href":"https:\/\/arantv.az\/index.php?rest_route=%2Fwp%2Fv2%2Fmedia&parent=662042"}],"wp:term":[{"taxonomy":"category","embeddable":true,"href":"https:\/\/arantv.az\/index.php?rest_route=%2Fwp%2Fv2%2Fcategories&post=662042"},{"taxonomy":"post_tag","embeddable":true,"href":"https:\/\/arantv.az\/index.php?rest_route=%2Fwp%2Fv2%2Ftags&post=662042"}],"curies":[{"name":"wp","href":"https:\/\/api.w.org\/{rel}","templated":true}]}}