{"id":662045,"date":"2023-11-27T20:10:56","date_gmt":"2023-11-27T16:10:56","guid":{"rendered":"https:\/\/arantv.az\/?p=662045"},"modified":"2023-11-27T20:10:56","modified_gmt":"2023-11-27T16:10:56","slug":"avropada-yuz-minl%c9%99rl%c9%99-ton-q%c9%99hv%c9%99-v%c9%99-kakao-m%c9%99hv-edilm%c9%99k-t%c9%99hluk%c9%99si-il%c9%99-uzl%c9%99sib-s%c9%99b%c9%99b","status":"publish","type":"post","link":"https:\/\/arantv.az\/?p=662045","title":{"rendered":"Avropada y\u00fcz minl\u0259rl\u0259 ton q\u0259hv\u0259 v\u0259 kakao m\u0259hv edilm\u0259k t\u0259hl\u00fck\u0259si il\u0259 \u00fczl\u0259\u015fib: S\u018fB\u018fB"},"content":{"rendered":"<p>Avropa \u0130ttifaq\u0131n\u0131n anbarlar\u0131nda saxlan\u0131lan y\u00fcz minl\u0259rl\u0259 ton q\u0259hv\u0259 d\u0259ni v\u0259 kakao m\u0259hv edil\u0259 bil\u0259r. \u201cFinancial Times\u201d (FT) q\u0259zetinin yazd\u0131\u011f\u0131na g\u00f6r\u0259, buna Avropa \u0130ttifaq\u0131n\u0131n bu ilin iyulunda q\u0259bul etdiyi v\u0259 me\u015f\u0259l\u0259rin q\u0131r\u0131lmas\u0131, h\u0259m\u00e7inin u\u015faq \u0259m\u0259yind\u0259n istifad\u0259 edil\u0259r\u0259k haz\u0131rlanan mallar\u0131n idxal\u0131n\u0131 qada\u011fan ed\u0259n qanun s\u0259b\u0259b ola bil\u0259r.<\/p>\n<p>Beyn\u0259lxalq Ticar\u0259t M\u0259rk\u0259zinin ba\u015f icra\u00e7\u0131 direktoru Pamela Coke-Hamilton bildirib ki, istehsal\u00e7\u0131lar bu q\u0259hv\u0259 v\u0259 kakao ehtiyatlar\u0131n\u0131 ke\u00e7id d\u00f6vr\u00fcnd\u0259 (2024-c\u00fc ilin dekabr\u0131na q\u0259d\u0259r) satmal\u0131d\u0131rlar: \u201c\u018fks halda onlar\u0131 Avropa \u0130ttifaq\u0131ndan k\u0259narda satmal\u0131 v\u0259 ya m\u0259hv etm\u0259li olacaqlar\u201d.<\/p>\n<p>Haz\u0131rda Avropa anbarlar\u0131nda t\u0259xmin\u0259n 200 min ton kakao v\u0259 150 min ton kofe var. Q\u0259zet yaz\u0131r ki, h\u0259l\u0259 d\u0259 Br\u00fcsseld\u0259n v\u0259 A\u0130-y\u0259 \u00fczv d\u00f6vl\u0259tl\u0259rin h\u00f6kum\u0259tl\u0259rind\u0259n onlarla ba\u011fl\u0131 d\u0259qiq g\u00f6st\u0259ri\u015f yoxdur v\u0259 bu, ehtiyatlar\u0131n m\u0259hv edilm\u0259sinin qar\u015f\u0131s\u0131n\u0131 almaq \u00fc\u00e7\u00fcn laz\u0131md\u0131r.<\/p>\n<p>Q\u0259hv\u0259 v\u0259 kakao fyu\u00e7ersl\u0259ri \u00fc\u00e7\u00fcn \u0259sas ticar\u0259t platformalar\u0131ndan biri olan Qit\u0259l\u0259raras\u0131 Birja, saxlan\u0131lan mallar\u0131n taleyin\u0259 ayd\u0131nl\u0131q g\u0259tirilm\u0259m\u0259sinin qiym\u0259tl\u0259r\u0259 m\u0259nfi t\u0259sir g\u00f6st\u0259r\u0259c\u0259yind\u0259n ehtiyatlan\u0131r.<\/p>\n","protected":false},"excerpt":{"rendered":"<p>Avropa \u0130ttifaq\u0131n\u0131n anbarlar\u0131nda saxlan\u0131lan y\u00fcz minl\u0259rl\u0259 ton q\u0259hv\u0259 d\u0259ni v\u0259 kakao m\u0259hv edil\u0259 bil\u0259r. \u201cFinancial Times\u201d (FT) q\u0259zetinin yazd\u0131\u011f\u0131na g\u00f6r\u0259, buna Avropa \u0130ttifaq\u0131n\u0131n bu ilin iyulunda q\u0259bul etdiyi v\u0259 me\u015f\u0259l\u0259rin q\u0131r\u0131lmas\u0131, h\u0259m\u00e7inin u\u015faq \u0259m\u0259yind\u0259n istifad\u0259 edil\u0259r\u0259k haz\u0131rlanan mallar\u0131n idxal\u0131n\u0131 qada\u011fan ed\u0259n qanun s\u0259b\u0259b ola bil\u0259r. Beyn\u0259lxalq Ticar\u0259t M\u0259rk\u0259zinin ba\u015f icra\u00e7\u0131 direktoru Pamela Coke-Hamilton bildirib ki, istehsal\u00e7\u0131lar bu q\u0259hv\u0259 v\u0259 kakao ehtiyatlar\u0131n\u0131 ke\u00e7id d\u00f6vr\u00fcnd\u0259 (2024-c\u00fc ilin dekabr\u0131na q\u0259d\u0259r) satmal\u0131d\u0131rlar: \u201c\u018fks halda onlar\u0131 Avropa \u0130ttifaq\u0131ndan k\u0259narda satmal\u0131 v\u0259 ya m\u0259hv etm\u0259li olacaqlar\u201d. Haz\u0131rda Avropa anbarlar\u0131nda t\u0259xmin\u0259n 200 min ton kakao v\u0259 150&hellip;<\/p>\n","protected":false},"author":2,"featured_media":662046,"comment_status":"closed","ping_status":"closed","sticky":false,"template":"","format":"standard","meta":{"om_disable_all_campaigns":false,"_monsterinsights_skip_tracking":false,"_monsterinsights_sitenote_active":false,"_monsterinsights_sitenote_note":"","_monsterinsights_sitenote_category":0},"categories":[19],"tags":[],"aioseo_notices":[],"gutentor_comment":0,"rttpg_featured_image_url":{"full":["https:\/\/arantv.az\/wp-content\/uploads\/2023\/11\/5f8062b19a0ff4bccc24ff10dc223b4c.jpg",780,470,false],"landscape":["https:\/\/arantv.az\/wp-content\/uploads\/2023\/11\/5f8062b19a0ff4bccc24ff10dc223b4c.jpg",780,470,false],"portraits":["https:\/\/arantv.az\/wp-content\/uploads\/2023\/11\/5f8062b19a0ff4bccc24ff10dc223b4c.jpg",780,470,false],"thumbnail":["https:\/\/arantv.az\/wp-content\/uploads\/2023\/11\/5f8062b19a0ff4bccc24ff10dc223b4c-500x280.jpg",500,280,true],"medium":["https:\/\/arantv.az\/wp-content\/uploads\/2023\/11\/5f8062b19a0ff4bccc24ff10dc223b4c-606x365.jpg",606,365,true],"large":["https:\/\/arantv.az\/wp-content\/uploads\/2023\/11\/5f8062b19a0ff4bccc24ff10dc223b4c.jpg",640,386,false],"1536x1536":["https:\/\/arantv.az\/wp-content\/uploads\/2023\/11\/5f8062b19a0ff4bccc24ff10dc223b4c.jpg",780,470,false],"2048x2048":["https:\/\/arantv.az\/wp-content\/uploads\/2023\/11\/5f8062b19a0ff4bccc24ff10dc223b4c.jpg",780,470,false],"post-thumbnail":["https:\/\/arantv.az\/wp-content\/uploads\/2023\/11\/5f8062b19a0ff4bccc24ff10dc223b4c-240x172.jpg",240,172,true],"advps-thumb-one":["https:\/\/arantv.az\/wp-content\/uploads\/2023\/11\/5f8062b19a0ff4bccc24ff10dc223b4c.jpg",780,470,false]},"rttpg_author":{"display_name":"V\u00fcsal Rafiqo\u011flu","author_link":"https:\/\/arantv.az\/?author=2"},"rttpg_comment":0,"rttpg_category":"<a href=\"https:\/\/arantv.az\/?cat=19\" rel=\"category\">G\u00fcnd\u0259m<\/a>","rttpg_excerpt":"Avropa \u0130ttifaq\u0131n\u0131n anbarlar\u0131nda saxlan\u0131lan y\u00fcz minl\u0259rl\u0259 ton q\u0259hv\u0259 d\u0259ni v\u0259 kakao m\u0259hv edil\u0259 bil\u0259r. \u201cFinancial Times\u201d (FT) q\u0259zetinin yazd\u0131\u011f\u0131na g\u00f6r\u0259, buna Avropa \u0130ttifaq\u0131n\u0131n bu ilin iyulunda q\u0259bul etdiyi v\u0259 me\u015f\u0259l\u0259rin q\u0131r\u0131lmas\u0131, h\u0259m\u00e7inin u\u015faq \u0259m\u0259yind\u0259n istifad\u0259 edil\u0259r\u0259k haz\u0131rlanan mallar\u0131n idxal\u0131n\u0131 qada\u011fan ed\u0259n qanun s\u0259b\u0259b ola bil\u0259r. Beyn\u0259lxalq Ticar\u0259t M\u0259rk\u0259zinin ba\u015f icra\u00e7\u0131 direktoru Pamela Coke-Hamilton bildirib ki,&hellip;","_links":{"self":[{"href":"https:\/\/arantv.az\/index.php?rest_route=\/wp\/v2\/posts\/662045"}],"collection":[{"href":"https:\/\/arantv.az\/index.php?rest_route=\/wp\/v2\/posts"}],"about":[{"href":"https:\/\/arantv.az\/index.php?rest_route=\/wp\/v2\/types\/post"}],"author":[{"embeddable":true,"href":"https:\/\/arantv.az\/index.php?rest_route=\/wp\/v2\/users\/2"}],"replies":[{"embeddable":true,"href":"https:\/\/arantv.az\/index.php?rest_route=%2Fwp%2Fv2%2Fcomments&post=662045"}],"version-history":[{"count":0,"href":"https:\/\/arantv.az\/index.php?rest_route=\/wp\/v2\/posts\/662045\/revisions"}],"wp:featuredmedia":[{"embeddable":true,"href":"https:\/\/arantv.az\/index.php?rest_route=\/wp\/v2\/media\/662046"}],"wp:attachment":[{"href":"https:\/\/arantv.az\/index.php?rest_route=%2Fwp%2Fv2%2Fmedia&parent=662045"}],"wp:term":[{"taxonomy":"category","embeddable":true,"href":"https:\/\/arantv.az\/index.php?rest_route=%2Fwp%2Fv2%2Fcategories&post=662045"},{"taxonomy":"post_tag","embeddable":true,"href":"https:\/\/arantv.az\/index.php?rest_route=%2Fwp%2Fv2%2Ftags&post=662045"}],"curies":[{"name":"wp","href":"https:\/\/api.w.org\/{rel}","templated":true}]}}