{"id":662052,"date":"2023-11-27T20:13:46","date_gmt":"2023-11-27T16:13:46","guid":{"rendered":"https:\/\/arantv.az\/?p=662052"},"modified":"2023-11-27T20:13:46","modified_gmt":"2023-11-27T16:13:46","slug":"az%c9%99rbaycanla-iraq-arasindaki-munasib%c9%99tl%c9%99r-q%c9%99dim-kokl%c9%99r%c9%99-malikdir","status":"publish","type":"post","link":"https:\/\/arantv.az\/?p=662052","title":{"rendered":"Az\u0259rbaycanla \u0130raq aras\u0131ndak\u0131 m\u00fcnasib\u0259tl\u0259r q\u0259dim k\u00f6kl\u0259r\u0259 malikdir"},"content":{"rendered":"<p>\u00d6lk\u0259mizl\u0259 \u0130raq aras\u0131nda diplomatik m\u00fcnasib\u0259tl\u0259r 30 mart 1992-ci ild\u0259 qurulub. M\u0259hz h\u0259min ild\u0259 \u0130raq\u0131n Bak\u0131dak\u0131 diplomatik n\u00fcmay\u0259nd\u0259liyi ba\u015f konsulluq s\u0259viyy\u0259sind\u0259n s\u0259firlik statusuna y\u00fcks\u0259ldilib. Bu ill\u0259r \u0259rzind\u0259 \u00f6lk\u0259l\u0259rimiz aras\u0131ndak\u0131 \u0259laq\u0259l\u0259r m\u00fcnt\u0259z\u0259m xarakter\u0259 malik olub. Bunun n\u0259tic\u0259si olaraq 2016-c\u0131 ilin oktyabr\u0131nda Az\u0259rbaycan\u0131n Ba\u011fdad \u015f\u0259h\u0259rind\u0259 s\u0259firliyi f\u0259aliyy\u0259t\u0259 ba\u015flay\u0131b. \u0130raq Respublikas\u0131n\u0131n Prezidenti \u018fbd\u00fcll\u0259tif Camal R\u0259\u015fidin noyabr\u0131n 20 \u2013d\u0259\u00a0\u00a0 Az\u0259rbaycana r\u0259smi s\u0259f\u0259ri \u00f6lk\u0259l\u0259rimiz aras\u0131ndak\u0131 \u0259laq\u0259l\u0259rin ink\u015faf\u0131na b\u00f6y\u00fck t\u00f6hf\u0259 ver\u0259c\u0259kdir. S\u0259f\u0259r \u00e7\u0259r\u00e7iv\u0259sind\u0259 \u00a0\u00f6lk\u0259 ba\u015f\u00e7\u0131lar\u0131n\u0131n t\u0259kb\u0259t\u0259k v\u0259 n\u00fcmay\u0259nd\u0259 hey\u0259tl\u0259ri il\u0259 ke\u00e7iril\u0259n g\u00f6r\u00fc\u015fl\u0259rind\u0259 bir s\u0131ra m\u0259s\u0259l\u0259l\u0259rin m\u00fczakir\u0259 edilm\u0259si \u00f6lk\u0259l\u0259raras\u0131 \u0259m\u0259kda\u015fl\u0131qda yeni imkanlar a\u00e7acaq. Az\u0259rbaycanla \u0130raq aras\u0131ndak\u0131 m\u00fcnasib\u0259tl\u0259r q\u0259dim k\u00f6kl\u0259r\u0259 malikdir v\u0259 iki \u00f6lk\u0259ni m\u0259d\u0259ni v\u0259 dini d\u0259y\u0259rl\u0259r birl\u0259\u015fdirir. Eyni zamanda Az\u0259rbaycanla \u0130raq beyn\u0259lxalq platformalarda da bir-birini h\u0259r zaman d\u0259st\u0259kl\u0259yir. Bu, \u00f6lk\u0259miz\u0259 geosiyasi v\u0259 iqtisadi \u0259laq\u0259l\u0259rin qurulmas\u0131nda \u00f6n\u0259mli fakt kimi q\u0259bul edilir.<\/p>\n<p>\u00c7ox m\u00fch\u00fcm hadis\u0259dir ki, Az\u0259rbaycanla \u0130raq bir-birin\u0259 d\u0259st\u0259k verm\u0259kl\u0259 d\u0259 g\u00fcnd\u0259m\u0259 g\u0259lirl\u0259r.\u00a0X\u00fcsusil\u0259\u00a0BMT-d\u0259, Qo\u015fulmama H\u0259r\u0259kat\u0131nda, \u0130slam \u018fm\u0259kda\u015fl\u0131q T\u0259\u015fkilat\u0131nda bu iki \u00f6lk\u0259 h\u0259r zaman bir-biril\u0259rinin haqq i\u015fl\u0259rin\u0259 d\u0259st\u0259k olurlar. \u0130raq prezidentinin Az\u0259rbaycana s\u0259f\u0259ri \u00e7\u0259r\u00e7iv\u0259sind\u0259 Prezident \u0130lham \u018fliyevl\u0259 g\u00f6r\u00fc\u015f\u00fc, veril\u0259n b\u0259yanatlar vacib \u0259h\u0259miyy\u0259t\u0259 malikdir. Burada Az\u0259rbaycan\u0131n \u0259razi b\u00fct\u00f6vl\u00fcy\u00fc v\u0259 suverenliyini tam t\u0259min etm\u0259si il\u0259 n\u0259tic\u0259l\u0259n\u0259n regionda yaranm\u0131\u015f yeni reall\u0131q v\u0259 Az\u0259rbaycan-Erm\u0259nistan aras\u0131ndak\u0131 s\u00fclh dan\u0131\u015f\u0131qlar\u0131n\u0131n haz\u0131r\u0131k\u0131 v\u0259ziyy\u0259ti il\u0259 ba\u011fl\u0131 ifad\u0259 edil\u0259n fikirl\u0259r olduqca \u00f6n\u0259mli idi. S\u00f6zs\u00fcz ki, \u0130raq prezidentinin bu s\u0259f\u0259ri diplomatik \u0259laq\u0259l\u0259r tarixind\u0259 Az\u0259rbaycana ilk r\u0259smi s\u0259f\u0259ri oldu. Bu amil \u00f6lk\u0259l\u0259rimiz aras\u0131nda dostluq m\u00fcnasib\u0259tl\u0259rinin g\u00fccl\u0259nm\u0259sin\u0259, \u0259m\u0259kda\u015fl\u0131\u011f\u0131n daha geni\u015f spektorda inki\u015faf\u0131na t\u0259kan ver\u0259c\u0259k.\u00a0 \u0130raq prezidenti il\u0259 birlikd\u0259 veril\u0259n b\u0259yanatda da \u00f6lk\u0259mizin ba\u015f\u00e7\u0131s\u0131 Az\u0259rbaycan\u0131n 2020-ci ild\u0259 \u00f6z \u0259razi b\u00fct\u00f6vl\u00fcy\u00fcn\u00fc t\u0259min etdiyini bir daha vur\u011fulad\u0131.<\/p>\n<p>D\u00f6vl\u0259timizin ba\u015f\u00e7\u0131s\u0131 30 il\u0259 yax\u0131n Az\u0259rbaycan \u0259razil\u0259rinin Erm\u0259nistan t\u0259r\u0259find\u0259n i\u015f\u011falda saxlan\u0131lmas\u0131na baxmayaraq beyn\u0259lxalq birliyin he\u00e7 bir t\u0259sirli add\u0131m olmad\u0131\u011f\u0131n\u0131 qeyd edib. Prezident \u0130lham \u018fliyev Az\u0259rbaycan \u0259razil\u0259rinin m\u00fcxt\u0259lif beyn\u0259lxalq vasit\u0259\u00e7ilik s\u0259yl\u0259rin\u0259 baxmayaraq, Erm\u0259nistan t\u0259r\u0259find\u0259n i\u015f\u011falda saxlamaq niyy\u0259tinin oldu\u011funu s\u00f6yl\u0259yib. M\u0259hz i\u015f\u011fala son qoymaq \u00fc\u00e7\u00fcn formala\u015fm\u0131\u015f olan AT\u018fT-in Minsk qrupu 28 il \u0259rzind\u0259 bir add\u0131m bel\u0259 ir\u0259lil\u0259yi\u015f\u0259 nail olmay\u0131b. Bu reall\u0131\u011fa adekvat olaraq Az\u0259rbaycan\u0131n he\u00e7 vaxt i\u015f\u011fal fakt\u0131 il\u0259 bar\u0131\u015fmayaca\u011f\u0131n\u0131 b\u0259yan ed\u0259r\u0259k, 2020-ci ild\u0259 44 g\u00fcnl\u00fck V\u0259t\u0259n M\u00fcharib\u0259si il\u0259 \u00f6z\u00fcn\u00fcn beyn\u0259lxalq s\u0259viyy\u0259d\u0259 tan\u0131nm\u0131\u015f \u0259razil\u0259rini h\u0259rbi yolla azad edib. Bununla \u00f6lk\u0259miz BMT Nizamnam\u0259sinin \u00f6z\u00fcn\u00fcm\u00fcdafi\u0259 h\u00fcququna dair 51-ci madd\u0259si il\u0259 tan\u0131nm\u0131\u015f h\u00fcququndan istifad\u0259 ed\u0259r\u0259k \u0259razi b\u00fct\u00f6vl\u00fcy\u00fcn\u0259 nail olub. Daha sonra d\u00f6vl\u0259timizin ba\u015f\u00e7\u0131s\u0131 antiterror \u0259m\u0259liyyatlar\u0131 haqq\u0131nda m\u0259lumat ver\u0259r\u0259k qeyd etdi: \u201cBizim s\u0259brimiz bu ilin sentyabr\u0131nda t\u00fck\u0259ndi v\u0259 biz beyn\u0259lxalq h\u00fcquqa tam riay\u0259t ed\u0259r\u0259k \u00f6z suveren \u0259razimizd\u0259 antiterror \u0259m\u0259liyyat\u0131n\u0131 apard\u0131q. Bu \u0259m\u0259liyyat 24 saatdan az davam etdi v\u0259 m\u00fclki \u0259hali aras\u0131nda itkil\u0259r olmad\u0131. D\u00fc\u015f\u00fcn\u00fcr\u0259m ki, indi Yax\u0131n \u015e\u0259rqd\u0259 m\u00fc\u015fahid\u0259 etdikl\u0259rimiz\u0259 m\u00fcnasib\u0259td\u0259 bu antiterror \u0259m\u0259liyyat\u0131 m\u00fclki \u0259hali aras\u0131nda h\u0259rbi \u0259m\u0259liyyatlar\u0131 itkisiz nec\u0259 aparmaq laz\u0131md\u0131r n\u00f6qteyi-n\u0259z\u0259rd\u0259n bir \u00f6rn\u0259k hesab olunmal\u0131d\u0131r. Bunun n\u0259tic\u0259sind\u0259 Da\u011fl\u0131q Qaraba\u011fdak\u0131 qeyri-qanunu rejim s\u00fcquta u\u011frad\u0131. Biz suverenliyimizi b\u0259rpa etdik v\u0259 indi Az\u0259rbaycan Bayra\u011f\u0131 \u0259razimizd\u0259, h\u0259r yerd\u0259 dal\u011falan\u0131r. V\u0259t\u0259n M\u00fcharib\u0259sind\u0259 \u00f6z q\u00fcdr\u0259ti v\u0259 humanistliyi il\u0259 tarix yazan Qalib Az\u0259rbaycan Ordusu, h\u0259m d\u0259 d\u00fcnya \u00f6lk\u0259l\u0259rin\u0259 n\u00fcmun\u0259 olacaq antiterror \u0259m\u0259liyyatlar\u0131 h\u0259yata ke\u00e7irdi.\u201d<\/p>\n<p>\u0130raq Prezidenti \u018fbd\u00fcll\u0259tif Camal R\u0259\u015fidin \u00f6lk\u0259miz\u0259 bu s\u0259f\u0259ri \u0130raq v\u0259 Az\u0259rbaycan aras\u0131nda perspektiv \u0259m\u0259kda\u015fl\u0131qlar \u00fc\u00e7\u00fcn yeni imkanlar yarad\u0131r. S\u0259f\u0259r \u00e7\u0259r\u00e7iv\u0259sind\u0259 imzalanm\u0131\u015f s\u0259n\u0259dl\u0259rd\u0259 d\u0259 bu ayd\u0131n \u015f\u0259kild\u0259 g\u00f6r\u00fcn\u00fcr. Qeyd ed\u0259k ki, \u00a0bir \u00e7ox sah\u0259l\u0259rd\u0259, o c\u00fcml\u0259d\u0259n, \u201cAz\u0259rbaycan Respublikas\u0131n\u0131n \u018fm\u0259k v\u0259 \u018fhalinin Sosial M\u00fcdafi\u0259si Nazirliyi il\u0259 \u0130raq Respublikas\u0131n\u0131n \u018fm\u0259k v\u0259 Sosial \u0130\u015fl\u0259r Nazirliyi aras\u0131nda \u0259m\u0259kda\u015fl\u0131q haqq\u0131nda Anla\u015fma Memorandumu\u201d, \u201cAz\u0259rbaycan Respublikas\u0131n\u0131n D\u00f6vl\u0259t Turizm Agentliyi il\u0259 \u0130raq Respublikas\u0131n\u0131n M\u0259d\u0259niyy\u0259t, Turizm v\u0259 Tarixi Abid\u0259l\u0259r Nazirliyi aras\u0131nda turizm sah\u0259sind\u0259 \u0259m\u0259kda\u015fl\u0131q haqq\u0131nda Anla\u015fma Memorandumu\u201d, \u201cAz\u0259rbaycan Respublikas\u0131n\u0131n Xarici \u0130\u015fl\u0259r Nazirliyi il\u0259 \u0130raq Respublikas\u0131n\u0131n Xarici \u0130\u015fl\u0259r Nazirliyi aras\u0131nda siyasi m\u0259sl\u0259h\u0259tl\u0259\u015fm\u0259l\u0259r haqq\u0131nda Anla\u015fma Memorandumu\u201d; \u201cAz\u0259rbaycan Respublikas\u0131 H\u00f6kum\u0259ti il\u0259 \u0130raq Respublikas\u0131 H\u00f6kum\u0259ti aras\u0131nda hava \u0259laq\u0259si haqq\u0131nda Sazi\u015f\u201d imzalanmas\u0131\u00a0 bu s\u0259f\u0259rin \u0259h\u0259miyy\u0259tini g\u00f6st\u0259rir. Az\u0259rbaycan \u00f6lk\u0259l\u0259rl\u0259 \u0259m\u0259kda\u015fl\u0131q v\u0259 t\u0259r\u0259fda\u015fl\u0131q m\u00fcnasib\u0259tl\u0259ri qurma\u011fa a\u00e7\u0131q \u00f6lk\u0259dir. Onun regiona daxil olan v\u0259 ya d\u00fcnyan\u0131n m\u00fcxt\u0259lif region d\u00f6vl\u0259tl\u0259ri il\u0259 iki v\u0259 \u00e7oxt\u0259r\u0259fli\u00a0qar\u015f\u0131l\u0131ql\u0131 v\u0259 praqmatik m\u00fcnasib\u0259tl\u0259ri\u00a0m\u00f6vcuddur. \u0130raqla\u00a0\u00e7oxt\u0259r\u0259fli \u0259laq\u0259l\u0259rin g\u00fccl\u0259ndirilm\u0259si yax\u0131n g\u0259l\u0259c\u0259kd\u0259 h\u0259r iki \u00f6lk\u0259nin xalq\u0131 \u00fc\u00e7\u00fcn faydal\u0131 olacaqd\u0131r.<\/p>\n<p><img src=\"https:\/\/ikisahil.az\/upload\/\/2022\/02\/24\/\/-7ba6d33c164570019134647584410064710.jpg\" alt=\"\" \/><\/p>\n<p><strong>Ayaz C\u0259bray\u0131lov,<\/strong><\/p>\n<p><em>Yeni Az\u0259rbaycan Partiyas\u0131 K\u00fcrd\u0259mir rayon t\u0259\u015fkilat\u0131n\u0131n s\u0259dri<\/em><\/p>\n","protected":false},"excerpt":{"rendered":"<p>\u00d6lk\u0259mizl\u0259 \u0130raq aras\u0131nda diplomatik m\u00fcnasib\u0259tl\u0259r 30 mart 1992-ci ild\u0259 qurulub. M\u0259hz h\u0259min ild\u0259 \u0130raq\u0131n Bak\u0131dak\u0131 diplomatik n\u00fcmay\u0259nd\u0259liyi ba\u015f konsulluq s\u0259viyy\u0259sind\u0259n s\u0259firlik statusuna y\u00fcks\u0259ldilib. Bu ill\u0259r \u0259rzind\u0259 \u00f6lk\u0259l\u0259rimiz aras\u0131ndak\u0131 \u0259laq\u0259l\u0259r m\u00fcnt\u0259z\u0259m xarakter\u0259 malik olub. Bunun n\u0259tic\u0259si olaraq 2016-c\u0131 ilin oktyabr\u0131nda Az\u0259rbaycan\u0131n Ba\u011fdad \u015f\u0259h\u0259rind\u0259 s\u0259firliyi f\u0259aliyy\u0259t\u0259 ba\u015flay\u0131b. \u0130raq Respublikas\u0131n\u0131n Prezidenti \u018fbd\u00fcll\u0259tif Camal R\u0259\u015fidin noyabr\u0131n 20 \u2013d\u0259\u00a0\u00a0 Az\u0259rbaycana r\u0259smi s\u0259f\u0259ri \u00f6lk\u0259l\u0259rimiz aras\u0131ndak\u0131 \u0259laq\u0259l\u0259rin ink\u015faf\u0131na b\u00f6y\u00fck t\u00f6hf\u0259 ver\u0259c\u0259kdir. S\u0259f\u0259r \u00e7\u0259r\u00e7iv\u0259sind\u0259 \u00a0\u00f6lk\u0259 ba\u015f\u00e7\u0131lar\u0131n\u0131n t\u0259kb\u0259t\u0259k v\u0259 n\u00fcmay\u0259nd\u0259 hey\u0259tl\u0259ri il\u0259 ke\u00e7iril\u0259n g\u00f6r\u00fc\u015fl\u0259rind\u0259 bir s\u0131ra m\u0259s\u0259l\u0259l\u0259rin m\u00fczakir\u0259 edilm\u0259si \u00f6lk\u0259l\u0259raras\u0131 \u0259m\u0259kda\u015fl\u0131qda yeni imkanlar a\u00e7acaq. Az\u0259rbaycanla \u0130raq aras\u0131ndak\u0131 m\u00fcnasib\u0259tl\u0259r q\u0259dim&hellip;<\/p>\n","protected":false},"author":2,"featured_media":662053,"comment_status":"closed","ping_status":"closed","sticky":false,"template":"","format":"standard","meta":{"om_disable_all_campaigns":false,"_monsterinsights_skip_tracking":false,"_monsterinsights_sitenote_active":false,"_monsterinsights_sitenote_note":"","_monsterinsights_sitenote_category":0},"categories":[19],"tags":[],"aioseo_notices":[],"gutentor_comment":0,"rttpg_featured_image_url":{"full":["https:\/\/arantv.az\/wp-content\/uploads\/2023\/11\/80a160ff170108696477438390310911525.jpg",975,540,false],"landscape":["https:\/\/arantv.az\/wp-content\/uploads\/2023\/11\/80a160ff170108696477438390310911525.jpg",975,540,false],"portraits":["https:\/\/arantv.az\/wp-content\/uploads\/2023\/11\/80a160ff170108696477438390310911525.jpg",975,540,false],"thumbnail":["https:\/\/arantv.az\/wp-content\/uploads\/2023\/11\/80a160ff170108696477438390310911525-500x280.jpg",500,280,true],"medium":["https:\/\/arantv.az\/wp-content\/uploads\/2023\/11\/80a160ff170108696477438390310911525-660x365.jpg",660,365,true],"large":["https:\/\/arantv.az\/wp-content\/uploads\/2023\/11\/80a160ff170108696477438390310911525-840x465.jpg",640,354,true],"1536x1536":["https:\/\/arantv.az\/wp-content\/uploads\/2023\/11\/80a160ff170108696477438390310911525.jpg",975,540,false],"2048x2048":["https:\/\/arantv.az\/wp-content\/uploads\/2023\/11\/80a160ff170108696477438390310911525.jpg",975,540,false],"post-thumbnail":["https:\/\/arantv.az\/wp-content\/uploads\/2023\/11\/80a160ff170108696477438390310911525-240x172.jpg",240,172,true],"advps-thumb-one":["https:\/\/arantv.az\/wp-content\/uploads\/2023\/11\/80a160ff170108696477438390310911525.jpg",975,540,false]},"rttpg_author":{"display_name":"V\u00fcsal Rafiqo\u011flu","author_link":"https:\/\/arantv.az\/?author=2"},"rttpg_comment":0,"rttpg_category":"<a href=\"https:\/\/arantv.az\/?cat=19\" rel=\"category\">G\u00fcnd\u0259m<\/a>","rttpg_excerpt":"\u00d6lk\u0259mizl\u0259 \u0130raq aras\u0131nda diplomatik m\u00fcnasib\u0259tl\u0259r 30 mart 1992-ci ild\u0259 qurulub. M\u0259hz h\u0259min ild\u0259 \u0130raq\u0131n Bak\u0131dak\u0131 diplomatik n\u00fcmay\u0259nd\u0259liyi ba\u015f konsulluq s\u0259viyy\u0259sind\u0259n s\u0259firlik statusuna y\u00fcks\u0259ldilib. Bu ill\u0259r \u0259rzind\u0259 \u00f6lk\u0259l\u0259rimiz aras\u0131ndak\u0131 \u0259laq\u0259l\u0259r m\u00fcnt\u0259z\u0259m xarakter\u0259 malik olub. Bunun n\u0259tic\u0259si olaraq 2016-c\u0131 ilin oktyabr\u0131nda Az\u0259rbaycan\u0131n Ba\u011fdad \u015f\u0259h\u0259rind\u0259 s\u0259firliyi f\u0259aliyy\u0259t\u0259 ba\u015flay\u0131b. \u0130raq Respublikas\u0131n\u0131n Prezidenti \u018fbd\u00fcll\u0259tif Camal R\u0259\u015fidin noyabr\u0131n 20 \u2013d\u0259\u00a0\u00a0 Az\u0259rbaycana&hellip;","_links":{"self":[{"href":"https:\/\/arantv.az\/index.php?rest_route=\/wp\/v2\/posts\/662052"}],"collection":[{"href":"https:\/\/arantv.az\/index.php?rest_route=\/wp\/v2\/posts"}],"about":[{"href":"https:\/\/arantv.az\/index.php?rest_route=\/wp\/v2\/types\/post"}],"author":[{"embeddable":true,"href":"https:\/\/arantv.az\/index.php?rest_route=\/wp\/v2\/users\/2"}],"replies":[{"embeddable":true,"href":"https:\/\/arantv.az\/index.php?rest_route=%2Fwp%2Fv2%2Fcomments&post=662052"}],"version-history":[{"count":0,"href":"https:\/\/arantv.az\/index.php?rest_route=\/wp\/v2\/posts\/662052\/revisions"}],"wp:featuredmedia":[{"embeddable":true,"href":"https:\/\/arantv.az\/index.php?rest_route=\/wp\/v2\/media\/662053"}],"wp:attachment":[{"href":"https:\/\/arantv.az\/index.php?rest_route=%2Fwp%2Fv2%2Fmedia&parent=662052"}],"wp:term":[{"taxonomy":"category","embeddable":true,"href":"https:\/\/arantv.az\/index.php?rest_route=%2Fwp%2Fv2%2Fcategories&post=662052"},{"taxonomy":"post_tag","embeddable":true,"href":"https:\/\/arantv.az\/index.php?rest_route=%2Fwp%2Fv2%2Ftags&post=662052"}],"curies":[{"name":"wp","href":"https:\/\/api.w.org\/{rel}","templated":true}]}}