{"id":662055,"date":"2023-11-27T20:17:39","date_gmt":"2023-11-27T16:17:39","guid":{"rendered":"https:\/\/arantv.az\/?p=662055"},"modified":"2023-11-27T20:17:39","modified_gmt":"2023-11-27T16:17:39","slug":"yeni-t%c9%99s%c9%99bbusl%c9%99rl%c9%99-cixis-ed%c9%99n-olk%c9%99yik","status":"publish","type":"post","link":"https:\/\/arantv.az\/?p=662055","title":{"rendered":"Yeni t\u0259\u015f\u0259bb\u00fcsl\u0259rl\u0259 \u00e7\u0131x\u0131\u015f ed\u0259n \u00f6lk\u0259yik!"},"content":{"rendered":"<div>\n<div class=\"\" dir=\"auto\">\n<div id=\":R1alalqlamkpl9aqqd9emhpapd5aqH2:\" class=\"x1iorvi4 x1pi30zi x1swvt13 xjkvuk6\" data-ad-comet-preview=\"message\" data-ad-preview=\"message\">\n<div class=\"x78zum5 xdt5ytf xz62fqu x16ldp7u\">\n<div class=\"xu06os2 x1ok221b\">\n<div class=\"xdj266r x11i5rnm xat24cr x1mh8g0r x1vvkbs x126k92a\">\n<div dir=\"auto\">\n<p><strong>F\u0259q\u0259t \u015eadlinskaya<\/strong><\/p>\n<p><strong>YAP B\u0259rd\u0259 rayon t\u0259\u015fkilat\u0131n\u0131n s\u0259dri<\/strong><\/p>\n<\/div>\n<div dir=\"auto\">Az\u0259rbaycan beyn\u0259lxalq \u0259h\u0259miyy\u0259tli t\u0259dbirl\u0259r\u0259 ev sahibliyi etm\u0259kl\u0259 malik oldu\u011fu imkanlar\u0131 d\u00fcnyaya t\u0259qdim edir. Noyabr\u0131n 24-d\u0259 Bak\u0131da, Heyd\u0259r \u018fliyev M\u0259rk\u0259zind\u0259 BMT-nin M\u0259rk\u0259zi Asiya \u00d6lk\u0259l\u0259rinin \u0130qtisadiyyatlar\u0131 \u00fc\u00e7\u00fcn X\u00fcsusi Proqram\u0131n\u0131n \u2013 SPECA-n\u0131n i\u015ftirak\u00e7\u0131 \u00f6lk\u0259l\u0259rinin d\u00f6vl\u0259t v\u0259 h\u00f6kum\u0259t ba\u015f\u00e7\u0131lar\u0131n\u0131n Zirv\u0259 g\u00f6r\u00fc\u015f\u00fc ke\u00e7irildi. D\u00f6vl\u0259t ba\u015f\u00e7\u0131s\u0131 \u0130lham \u018fliyev dig\u0259r \u00e7\u0131x\u0131\u015flar\u0131nda oldu\u011fu kimi, bu Zirv\u0259 g\u00f6r\u00fc\u015f\u00fcnd\u0259 d\u0259 Az\u0259rbaycan\u0131n m\u00fcst\u0259qil siyas\u0259tinin u\u011furlar\u0131ndan b\u0259hs etdi. \u0130qtisadi m\u00fcst\u0259qilliyimiz siyasi m\u00fcst\u0259qilliyimizin t\u0259min edilm\u0259sind\u0259 \u0259sasd\u0131r. \u00d6lk\u0259mizin son 20 ild\u0259 qazand\u0131\u011f\u0131 iqtisadi u\u011furlar \u0259sasl\u0131 \u015f\u0259kild\u0259 diqq\u0259t\u0259 \u00e7atd\u0131r\u0131ld\u0131. Az\u0259rbaycan\u0131n ke\u00e7diyi inki\u015faf yolunun t\u0259hlili fonunda c\u0259nab \u0130lham \u018fliyev bel\u0259 bir reall\u0131\u011f\u0131 da diqq\u0259t\u0259 \u00e7atd\u0131rd\u0131 ki, d\u00fcnyada u\u011fursuz, as\u0131l\u0131, iki v\u0259 ya daha \u00e7ox stulda oturmaq ist\u0259y\u0259n, bir ne\u00e7\u0259 a\u011faya xidm\u0259t ed\u0259n, \u00f6z\u00fcn\u00fc daha b\u00f6y\u00fck d\u00f6vl\u0259tl\u0259rin qar\u015f\u0131durma arenas\u0131na \u00e7evir\u0259n \u00f6lk\u0259l\u0259rin say\u0131 az deyil. Onlardan biri Az\u0259rbaycan\u0131n qon\u015fusu Erm\u0259nistand\u0131r. Bel\u0259 \u00f6lk\u0259l\u0259r\u0259, s\u00f6z\u00fcn \u0259sl m\u0259nas\u0131nda, m\u00fcst\u0259qil \u00f6lk\u0259 dem\u0259k olmaz. Bel\u0259 \u00f6lk\u0259l\u0259rin siyas\u0259ti xalqlar\u0131n\u0131n irad\u0259sin\u0259 \u0259saslanm\u0131r, onlar\u0131n taleyi xarici sponsorlar\u0131n \u0259lind\u0259dir. SPECA-ya \u00fczv d\u00f6vl\u0259tl\u0259r is\u0259 \u0259sl m\u00fcst\u0259qil \u00f6lk\u0259l\u0259rdir, \u00e7\u00fcnki m\u00fcst\u0259qil xarici v\u0259 daxili siyas\u0259t apar\u0131rlar.<\/div>\n<\/div>\n<div class=\"x11i5rnm xat24cr x1mh8g0r x1vvkbs xtlvy1s x126k92a\">\n<div dir=\"auto\">Az\u0259rbaycan\u0131 M\u0259rk\u0259zi Asiya \u00f6lk\u0259l\u0259ri il\u0259 \u00e7ox\u0259srlik tarixi v\u0259 m\u0259d\u0259ni \u0259laq\u0259l\u0259r ba\u011flay\u0131r. Az\u0259rbaycan v\u0259 M\u0259rk\u0259zi Asiya strateji \u0259h\u0259miyy\u0259ti artmaqda olan vahid tarixi-m\u0259d\u0259ni v\u0259 geosiyasi m\u0259kand\u0131r. \u201cSentyabr ay\u0131nda m\u0259n D\u00fc\u015f\u0259nb\u0259d\u0259 ke\u00e7irilmi\u015f M\u0259rk\u0259zi Asiya D\u00f6vl\u0259t Ba\u015f\u00e7\u0131lar\u0131n\u0131n Zirv\u0259 g\u00f6r\u00fc\u015f\u00fcn\u0259 ilk d\u0259f\u0259 f\u0259xri qonaq kimi d\u0259v\u0259t olunmu\u015fam. D\u0259v\u0259t\u0259 g\u00f6r\u0259 bir daha t\u0259\u015f\u0259kk\u00fcr edir\u0259m. Haz\u0131rk\u0131 Zirv\u0259 g\u00f6r\u00fc\u015f\u00fcn\u00fc D\u00fc\u015f\u0259nb\u0259 g\u00f6r\u00fc\u015f\u00fcn\u00fcn m\u0259ntiqi davam\u0131 kimi qiym\u0259tl\u0259ndirir\u0259m\u201d s\u00f6yl\u0259y\u0259n d\u00f6vl\u0259t ba\u015f\u00e7\u0131s\u0131 \u0130lham \u018fliyev bildirdi ki, Az\u0259rbaycan\u0131n g\u00fccl\u00fc iqtisadiyyat\u0131 m\u00fcst\u0259qil xarici siyas\u0259t kursu h\u0259yata ke\u00e7irm\u0259y\u0259 imkan yarad\u0131r. Son 20 ild\u0259 Az\u0259rbaycan\u0131n \u00fcmumi daxili m\u0259hsulu 4 d\u0259f\u0259, b\u00fcdc\u0259 g\u0259lirl\u0259ri 30 d\u0259f\u0259d\u0259n, xarici ticar\u0259t d\u00f6vriyy\u0259si is\u0259 10 d\u0259f\u0259d\u0259n \u00e7ox art\u0131b. Az\u0259rbaycan\u0131n birba\u015fa xarici borcu haz\u0131rda \u00fcmumi daxili m\u0259hsulun t\u0259xmin\u0259n 10 faizini t\u0259\u015fkil edir. Valyuta ehtiyatlar\u0131 birba\u015fa xarici d\u00f6vl\u0259t borcumuzu 10 d\u0259f\u0259 \u00fcst\u0259l\u0259yir. Yoxsulluq s\u0259viyy\u0259si t\u0259xmin\u0259n 50 faizd\u0259n 5,5 faiz\u0259 d\u00fc\u015f\u00fcb.<\/div>\n<\/div>\n<div class=\"x11i5rnm xat24cr x1mh8g0r x1vvkbs xtlvy1s x126k92a\">\n<div dir=\"auto\">Az\u0259rbaycan h\u0259r zaman investisiya c\u0259lbediciliyini qoruyur. \u00d6lk\u0259mizd\u0259 sabitliyin v\u0259 normal biznes m\u00fchitinin m\u00f6vcudlu\u011fu iqtisadi \u0259laq\u0259l\u0259rin qurulmas\u0131nda, \u00f6lk\u0259 iqtisadiyyat\u0131na investisiyalar yat\u0131r\u0131lmas\u0131nda maraql\u0131 olan d\u00f6vl\u0259tl\u0259rin, \u015firk\u0259tl\u0259rin say\u0131n\u0131 art\u0131r\u0131r. \u0130qtisadiyyat\u0131n \u015fax\u0259l\u0259ndirilm\u0259si siyas\u0259tinin u\u011furlu icras\u0131 investisiyalar\u0131n h\u0259cminin artmas\u0131nda da \u00f6z\u00fcn\u00fc g\u00f6st\u0259rir. \u00d6lk\u0259mizd\u0259 \u0259lveri\u015fli investisiya m\u00fchiti yarada bilmi\u015fik. Son 20 ild\u0259 Az\u0259rbaycan iqtisadiyyat\u0131na 310 milyard AB\u015e dollar\u0131ndan \u00e7ox s\u0259rmay\u0259 qoyulub ki, bunun da 200 milyard AB\u015e dollar\u0131na yax\u0131n\u0131 qeyri-enerji sektorunun pay\u0131na d\u00fc\u015f\u00fcr.<\/div>\n<\/div>\n<div class=\"x11i5rnm xat24cr x1mh8g0r x1vvkbs xtlvy1s x126k92a\">\n<div dir=\"auto\">Az\u0259rbaycanla M\u0259rk\u0259zi Asiya d\u00f6vl\u0259tl\u0259ri aras\u0131nda \u0259m\u0259kda\u015fl\u0131\u011f\u0131n m\u00fch\u00fcm istiqam\u0259tl\u0259rind\u0259n biri qar\u015f\u0131l\u0131ql\u0131 ticar\u0259t v\u0259 s\u0259rmay\u0259 qoyulu\u015flar\u0131d\u0131r. Bu iki istiqam\u0259t \u00fczr\u0259 g\u00f6st\u0259ricil\u0259rd\u0259 davaml\u0131 art\u0131m m\u00fc\u015fahid\u0259 olunur. Bel\u0259 ki, \u00f6t\u0259n il Az\u0259rbaycan\u0131n M\u0259rk\u0259zi Asiya \u00f6lk\u0259l\u0259ri il\u0259 ticar\u0259t d\u00f6vriyy\u0259si 3 d\u0259f\u0259d\u0259n \u00e7ox, bu ilin 7 ay\u0131 \u0259rzind\u0259 is\u0259 daha 50 faiz art\u0131b.<\/div>\n<\/div>\n<div class=\"x11i5rnm xat24cr x1mh8g0r x1vvkbs xtlvy1s x126k92a\">\n<div dir=\"auto\">T\u0259bii ki, Az\u0259rbaycan, h\u0259m\u00e7inin M\u0259rk\u0259zi Asiya \u00f6lk\u0259l\u0259rinin Avropa il\u0259 iqtisadi \u0259laq\u0259l\u0259rinin inki\u015faf\u0131nda m\u00fch\u00fcm rol oynay\u0131r. Az\u0259rbaycans\u0131z bu region \u00f6lk\u0259l\u0259rinin Avropaya \u00e7\u0131x\u0131\u015f\u0131 dem\u0259k olar s\u0131f\u0131ra b\u0259rab\u0259rdir. \u00d6lk\u0259mizin h\u0259m \u015e\u0259rql\u0259 Q\u0259rbin, h\u0259m d\u0259 \u015eimalla C\u0259nubun qovu\u015fu\u011funda yerl\u0259\u015fm\u0259si ona \u0259lveri\u015fli tranzit imkanlar\u0131 yarad\u0131r. D\u00f6vl\u0259t ba\u015f\u00e7\u0131s\u0131 \u0130lham \u018fliyev Zirv\u0259 g\u00f6r\u00fc\u015f\u00fcnd\u0259ki \u00e7\u0131x\u0131\u015f\u0131nda bu m\u00fch\u00fcm m\u0259qam\u0131 da x\u00fcsusi qeyd etdi ki, Son ill\u0259rd\u0259 Az\u0259rbaycan \u00f6z\u00fcn\u00fcn n\u0259qliyyat infrastrukturuna milyardlarla AB\u015e dollar\u0131 h\u0259cmind\u0259 s\u0259rmay\u0259 qoyub, Avrasiyan\u0131n \u015e\u0259rq-Q\u0259rb v\u0259 \u015eimal-C\u0259nub n\u0259qliyyat d\u0259hlizl\u0259ri \u00fcz\u0259rind\u0259 yerl\u0259\u015f\u0259n n\u0259qliyyat v\u0259 logistika m\u0259rk\u0259zl\u0259rind\u0259n birin\u0259 \u00e7evrilib.<\/div>\n<\/div>\n<div class=\"x11i5rnm xat24cr x1mh8g0r x1vvkbs xtlvy1s x126k92a\">\n<div dir=\"auto\">Prezident \u0130lham \u018fliyevin \u015f\u0259xsi n\u00fcfuzu, y\u00fcr\u00fctd\u00fcy\u00fc m\u00fcdrik v\u0259 uzaqg\u00f6r\u0259n siyas\u0259t, qazan\u0131lan u\u011furlar say\u0259sind\u0259 bu g\u00fcn Az\u0259rbaycan yeni v\u0259 u\u011furlu t\u0259\u015f\u0259bb\u00fcsl\u0259rl\u0259 \u00e7\u0131x\u0131\u015f ed\u0259n, beyn\u0259lxalq al\u0259md\u0259 \u00f6z s\u00f6z\u00fcn\u00fc dey\u0259n \u00f6lk\u0259y\u0259 \u00e7evrilib. Bu fikirl\u0259r Zirv\u0259 g\u00f6r\u00fc\u015f\u00fcnd\u0259ki \u00e7\u0131x\u0131\u015flarda da \u00f6z ayd\u0131n ifad\u0259sini tapd\u0131. \u00d6zb\u0259kistan, Qazax\u0131stan, Q\u0131r\u011f\u0131z\u0131stan, Tacikistan prezidentl\u0259ri Az\u0259rbaycan\u0131n \u0259m\u0259kda\u015fl\u0131q \u0259laq\u0259l\u0259rinin inki\u015faf\u0131na verdiyi t\u00f6hf\u0259l\u0259ri t\u0259qdir etdil\u0259r.<\/div>\n<\/div>\n<div class=\"x11i5rnm xat24cr x1mh8g0r x1vvkbs xtlvy1s x126k92a\">\n<div dir=\"auto\">Az\u0259rbaycan\u0131n y\u00fcr\u00fctd\u00fcy\u00fc siyas\u0259t, qazand\u0131\u011f\u0131 u\u011furlar \u0130raq Respublikas\u0131n\u0131n Prezidenti \u018fbd\u00fcll\u0259tif Camal R\u0259\u015fidin \u00f6lk\u0259miz\u0259 s\u0259f\u0259ri zaman\u0131 d\u00f6vl\u0259t ba\u015f\u00e7\u0131s\u0131 \u0130lham \u018fliyev il\u0259 ke\u00e7irdiyi t\u0259kb\u0259t\u0259k v\u0259 geni\u015f t\u0259rkibd\u0259 g\u00f6r\u00fc\u015fl\u0259rind\u0259, m\u0259tbuata b\u0259yanat\u0131nda da x\u00fcsusi qeyd edildi. \u201c\u018fm\u0259kda\u015fl\u0131\u011f\u0131m\u0131z ke\u00e7mi\u015fd\u0259kind\u0259n daha da g\u00fccl\u00fc olmaq \u00fczr\u0259dir. Biz bir \u00e7ox f\u0259aliyy\u0259t sah\u0259l\u0259rind\u0259 &#8211; infrastrukturun in\u015fas\u0131, ticar\u0259t, neft v\u0259 qaz, transmilli layih\u0259l\u0259r, eyni zamanda, \u0130raqa investisiyalar, el\u0259c\u0259 d\u0259 turizm v\u0259 t\u0259hsilin, h\u0259m\u00e7inin iki \u00f6lk\u0259 \u00fc\u00e7\u00fcn \u00e7ox \u0259h\u0259miyy\u0259t k\u0259sb ed\u0259n sah\u0259l\u0259rin t\u0259\u015fviqi il\u0259 ba\u011fl\u0131 \u0259m\u0259kda\u015fl\u0131q ed\u0259 bil\u0259rik\u201d s\u00f6yl\u0259y\u0259n \u0130raq Prezidenti onu da vur\u011fulam\u0131\u015fd\u0131r ki, s\u0259f\u0259rimiz faydal\u0131d\u0131r v\u0259 \u00fcmid edirik ki, bu s\u0259f\u0259rl\u0259r t\u0259krarlanacaq: \u201c\u00c7ox \u015fadam ki, Az\u0259rbaycan n\u00fcmay\u0259nd\u0259 hey\u0259ti tezlikl\u0259 \u0130raqa s\u0259f\u0259r ed\u0259c\u0259k. Sizin d\u0259 qeyd etdiyiniz kimi, c\u0259nab Prezident, biz yen\u0259 d\u0259 \u0259m\u0259kda\u015fl\u0131q \u00fc\u00e7\u00fcn v\u0259 bir \u00e7ox sah\u0259l\u0259rd\u0259 \u0259m\u0259kda\u015fl\u0131\u011f\u0131n ba\u015flan\u0131lmas\u0131 \u00fc\u00e7\u00fcn z\u0259ruri olan b\u00fct\u00fcn m\u0259s\u0259l\u0259l\u0259ri m\u00fczakir\u0259 ed\u0259c\u0259yik.\u201d S\u0259f\u0259r \u00e7\u0259r\u00e7iv\u0259sind\u0259 imzalanan s\u0259n\u0259dl\u0259r Az\u0259rbaycan-\u0130raq m\u00fcnasib\u0259tl\u0259rinin g\u0259l\u0259c\u0259yi bar\u0259d\u0259 ayd\u0131n t\u0259s\u0259vv\u00fcr yarad\u0131r.<\/div>\n<\/div>\n<\/div>\n<\/div>\n<\/div>\n<\/div>\n<\/div>\n<div>\n<div class=\"x168nmei x13lgxp2 x30kzoy x9jhf4c x6ikm8r x10wlt62\" data-visualcompletion=\"ignore-dynamic\">\n<div>\n<div>\n<div>\n<div class=\"x1n2onr6\">\n<div class=\"x6s0dn4 xi81zsa x78zum5 x6prxxf x13a6bvl xvq8zen xdj266r xktsk01 xat24cr x1d52u69 x889kno x4uap5 x1a8lsjc xkhd6sd xdppsyt\">\n<div class=\"x6s0dn4 x78zum5 x1iyjqo2 x6ikm8r x10wlt62\"><\/div>\n<div class=\"x1c4vz4f x2lah0s xci0xqf\"><\/div>\n<div class=\"x9f619 x1n2onr6 x1ja2u2z x78zum5 x2lah0s x1qughib x1qjc9v5 xozqiw3 x1q0g3np xykv574 xbmpl8g x4cne27 xifccgj\"><\/div>\n<\/div>\n<\/div>\n<\/div>\n<\/div>\n<\/div>\n<\/div>\n<\/div>\n","protected":false},"excerpt":{"rendered":"<p>F\u0259q\u0259t \u015eadlinskaya YAP B\u0259rd\u0259 rayon t\u0259\u015fkilat\u0131n\u0131n s\u0259dri Az\u0259rbaycan beyn\u0259lxalq \u0259h\u0259miyy\u0259tli t\u0259dbirl\u0259r\u0259 ev sahibliyi etm\u0259kl\u0259 malik oldu\u011fu imkanlar\u0131 d\u00fcnyaya t\u0259qdim edir. Noyabr\u0131n 24-d\u0259 Bak\u0131da, Heyd\u0259r \u018fliyev M\u0259rk\u0259zind\u0259 BMT-nin M\u0259rk\u0259zi Asiya \u00d6lk\u0259l\u0259rinin \u0130qtisadiyyatlar\u0131 \u00fc\u00e7\u00fcn X\u00fcsusi Proqram\u0131n\u0131n \u2013 SPECA-n\u0131n i\u015ftirak\u00e7\u0131 \u00f6lk\u0259l\u0259rinin d\u00f6vl\u0259t v\u0259 h\u00f6kum\u0259t ba\u015f\u00e7\u0131lar\u0131n\u0131n Zirv\u0259 g\u00f6r\u00fc\u015f\u00fc ke\u00e7irildi. D\u00f6vl\u0259t ba\u015f\u00e7\u0131s\u0131 \u0130lham \u018fliyev dig\u0259r \u00e7\u0131x\u0131\u015flar\u0131nda oldu\u011fu kimi, bu Zirv\u0259 g\u00f6r\u00fc\u015f\u00fcnd\u0259 d\u0259 Az\u0259rbaycan\u0131n m\u00fcst\u0259qil siyas\u0259tinin u\u011furlar\u0131ndan b\u0259hs etdi. \u0130qtisadi m\u00fcst\u0259qilliyimiz siyasi m\u00fcst\u0259qilliyimizin t\u0259min edilm\u0259sind\u0259 \u0259sasd\u0131r. \u00d6lk\u0259mizin son 20 ild\u0259 qazand\u0131\u011f\u0131 iqtisadi u\u011furlar \u0259sasl\u0131 \u015f\u0259kild\u0259 diqq\u0259t\u0259 \u00e7atd\u0131r\u0131ld\u0131. Az\u0259rbaycan\u0131n ke\u00e7diyi inki\u015faf yolunun t\u0259hlili fonunda c\u0259nab \u0130lham \u018fliyev&hellip;<\/p>\n","protected":false},"author":2,"featured_media":607059,"comment_status":"closed","ping_status":"closed","sticky":false,"template":"","format":"standard","meta":{"om_disable_all_campaigns":false,"_monsterinsights_skip_tracking":false,"_monsterinsights_sitenote_active":false,"_monsterinsights_sitenote_note":"","_monsterinsights_sitenote_category":0},"categories":[2],"tags":[],"aioseo_notices":[],"gutentor_comment":0,"rttpg_featured_image_url":{"full":["https:\/\/arantv.az\/wp-content\/uploads\/2023\/06\/thumb-2.jpg",360,238,false],"landscape":["https:\/\/arantv.az\/wp-content\/uploads\/2023\/06\/thumb-2.jpg",360,238,false],"portraits":["https:\/\/arantv.az\/wp-content\/uploads\/2023\/06\/thumb-2.jpg",360,238,false],"thumbnail":["https:\/\/arantv.az\/wp-content\/uploads\/2023\/06\/thumb-2.jpg",360,238,false],"medium":["https:\/\/arantv.az\/wp-content\/uploads\/2023\/06\/thumb-2.jpg",360,238,false],"large":["https:\/\/arantv.az\/wp-content\/uploads\/2023\/06\/thumb-2.jpg",360,238,false],"1536x1536":["https:\/\/arantv.az\/wp-content\/uploads\/2023\/06\/thumb-2.jpg",360,238,false],"2048x2048":["https:\/\/arantv.az\/wp-content\/uploads\/2023\/06\/thumb-2.jpg",360,238,false],"post-thumbnail":["https:\/\/arantv.az\/wp-content\/uploads\/2023\/06\/thumb-2-240x172.jpg",240,172,true],"advps-thumb-one":["https:\/\/arantv.az\/wp-content\/uploads\/2023\/06\/thumb-2.jpg",360,238,false]},"rttpg_author":{"display_name":"V\u00fcsal Rafiqo\u011flu","author_link":"https:\/\/arantv.az\/?author=2"},"rttpg_comment":0,"rttpg_category":"<a href=\"https:\/\/arantv.az\/?cat=2\" rel=\"category\">Region X\u0259b\u0259rl\u0259ri<\/a>","rttpg_excerpt":"F\u0259q\u0259t \u015eadlinskaya YAP B\u0259rd\u0259 rayon t\u0259\u015fkilat\u0131n\u0131n s\u0259dri Az\u0259rbaycan beyn\u0259lxalq \u0259h\u0259miyy\u0259tli t\u0259dbirl\u0259r\u0259 ev sahibliyi etm\u0259kl\u0259 malik oldu\u011fu imkanlar\u0131 d\u00fcnyaya t\u0259qdim edir. Noyabr\u0131n 24-d\u0259 Bak\u0131da, Heyd\u0259r \u018fliyev M\u0259rk\u0259zind\u0259 BMT-nin M\u0259rk\u0259zi Asiya \u00d6lk\u0259l\u0259rinin \u0130qtisadiyyatlar\u0131 \u00fc\u00e7\u00fcn X\u00fcsusi Proqram\u0131n\u0131n \u2013 SPECA-n\u0131n i\u015ftirak\u00e7\u0131 \u00f6lk\u0259l\u0259rinin d\u00f6vl\u0259t v\u0259 h\u00f6kum\u0259t ba\u015f\u00e7\u0131lar\u0131n\u0131n Zirv\u0259 g\u00f6r\u00fc\u015f\u00fc ke\u00e7irildi. D\u00f6vl\u0259t ba\u015f\u00e7\u0131s\u0131 \u0130lham \u018fliyev dig\u0259r \u00e7\u0131x\u0131\u015flar\u0131nda oldu\u011fu kimi, bu Zirv\u0259&hellip;","_links":{"self":[{"href":"https:\/\/arantv.az\/index.php?rest_route=\/wp\/v2\/posts\/662055"}],"collection":[{"href":"https:\/\/arantv.az\/index.php?rest_route=\/wp\/v2\/posts"}],"about":[{"href":"https:\/\/arantv.az\/index.php?rest_route=\/wp\/v2\/types\/post"}],"author":[{"embeddable":true,"href":"https:\/\/arantv.az\/index.php?rest_route=\/wp\/v2\/users\/2"}],"replies":[{"embeddable":true,"href":"https:\/\/arantv.az\/index.php?rest_route=%2Fwp%2Fv2%2Fcomments&post=662055"}],"version-history":[{"count":0,"href":"https:\/\/arantv.az\/index.php?rest_route=\/wp\/v2\/posts\/662055\/revisions"}],"wp:featuredmedia":[{"embeddable":true,"href":"https:\/\/arantv.az\/index.php?rest_route=\/wp\/v2\/media\/607059"}],"wp:attachment":[{"href":"https:\/\/arantv.az\/index.php?rest_route=%2Fwp%2Fv2%2Fmedia&parent=662055"}],"wp:term":[{"taxonomy":"category","embeddable":true,"href":"https:\/\/arantv.az\/index.php?rest_route=%2Fwp%2Fv2%2Fcategories&post=662055"},{"taxonomy":"post_tag","embeddable":true,"href":"https:\/\/arantv.az\/index.php?rest_route=%2Fwp%2Fv2%2Ftags&post=662055"}],"curies":[{"name":"wp","href":"https:\/\/api.w.org\/{rel}","templated":true}]}}