{"id":66206,"date":"2019-06-13T12:00:19","date_gmt":"2019-06-13T09:00:19","guid":{"rendered":"http:\/\/arantv.az\/?p=66206"},"modified":"2019-06-13T12:00:19","modified_gmt":"2019-06-13T09:00:19","slug":"yol-h%c9%99r%c9%99k%c9%99tinin-muv%c9%99qq%c9%99ti-m%c9%99hdudlasdirilmasinda-yenilik","status":"publish","type":"post","link":"https:\/\/arantv.az\/?p=66206","title":{"rendered":"Yol h\u0259r\u0259k\u0259tinin m\u00fcv\u0259qq\u0259ti m\u0259hdudla\u015fd\u0131r\u0131lmas\u0131nda YEN\u0130L\u0130K"},"content":{"rendered":"<p>Az\u0259rbaycanda yol h\u0259r\u0259k\u0259tinin m\u00fcv\u0259qq\u0259ti m\u0259hdudla\u015fd\u0131r\u0131lmas\u0131 v\u0259 qada\u011fan edilm\u0259si il\u0259 ba\u011fl\u0131 yeni hal m\u00fc\u0259yy\u0259n edilir.<\/p>\n<p><b>ARANTV.AZ\u00a0<\/b>x\u0259b\u0259r verir ki, bununla ba\u011fl\u0131 m\u0259s\u0259l\u0259 Milli M\u0259clisin bu g\u00fcn ke\u00e7iril\u0259n n\u00f6vb\u0259d\u0259n\u0259k\u0259nar plenar iclas\u0131nda m\u00fczakir\u0259y\u0259 \u00e7\u0131xar\u0131lan &#8220;Yol h\u0259r\u0259k\u0259ti haqq\u0131nda&#8221; qanuna d\u0259yi\u015fiklikd\u0259 \u00f6z \u0259ksini tap\u0131b.<\/p>\n<div id=\"AdviadNativeVideo0\" class=\"AdviadNativeVideo\"><\/div>\n<p>Bel\u0259 ki, qanunun 12-ci madd\u0259sin\u0259 (yol h\u0259r\u0259k\u0259tinin m\u00fcv\u0259qq\u0259ti m\u0259hdudla\u015fd\u0131r\u0131lmas\u0131 v\u0259 qada\u011fan edilm\u0259si) \u0259lav\u0259 edil\u0259n yeni b\u0259nd\u0259 \u0259sas\u0259n, n\u0259qliyyat vasit\u0259l\u0259rinin h\u0259r\u0259k\u0259ti tarix v\u0259 m\u0259d\u0259niyy\u0259t abid\u0259l\u0259rinin qorunmas\u0131 \u00fc\u00e7\u00fcn t\u0259hl\u00fck\u0259 yaratd\u0131qda yol h\u0259r\u0259k\u0259ti m\u00fcv\u0259qq\u0259ti m\u0259hdudla\u015fd\u0131r\u0131la v\u0259 ya qada\u011fan edil\u0259 bil\u0259r.<\/p>\n<p>D\u0259yi\u015fiklik \u00fc\u00e7\u00fcnc\u00fc oxunu\u015fda s\u0259sverm\u0259y\u0259 qoyularaq q\u0259bul edilib.Sonxeber.az<\/p>\n","protected":false},"excerpt":{"rendered":"<p>Az\u0259rbaycanda yol h\u0259r\u0259k\u0259tinin m\u00fcv\u0259qq\u0259ti m\u0259hdudla\u015fd\u0131r\u0131lmas\u0131 v\u0259 qada\u011fan edilm\u0259si il\u0259 ba\u011fl\u0131 yeni hal m\u00fc\u0259yy\u0259n edilir. ARANTV.AZ\u00a0x\u0259b\u0259r verir ki, bununla ba\u011fl\u0131 m\u0259s\u0259l\u0259 Milli M\u0259clisin bu g\u00fcn ke\u00e7iril\u0259n n\u00f6vb\u0259d\u0259n\u0259k\u0259nar plenar iclas\u0131nda m\u00fczakir\u0259y\u0259 \u00e7\u0131xar\u0131lan &#8220;Yol h\u0259r\u0259k\u0259ti haqq\u0131nda&#8221; qanuna d\u0259yi\u015fiklikd\u0259 \u00f6z \u0259ksini tap\u0131b. Bel\u0259 ki, qanunun 12-ci madd\u0259sin\u0259 (yol h\u0259r\u0259k\u0259tinin m\u00fcv\u0259qq\u0259ti m\u0259hdudla\u015fd\u0131r\u0131lmas\u0131 v\u0259 qada\u011fan edilm\u0259si) \u0259lav\u0259 edil\u0259n yeni b\u0259nd\u0259 \u0259sas\u0259n, n\u0259qliyyat vasit\u0259l\u0259rinin h\u0259r\u0259k\u0259ti tarix v\u0259 m\u0259d\u0259niyy\u0259t abid\u0259l\u0259rinin qorunmas\u0131 \u00fc\u00e7\u00fcn t\u0259hl\u00fck\u0259 yaratd\u0131qda yol h\u0259r\u0259k\u0259ti m\u00fcv\u0259qq\u0259ti m\u0259hdudla\u015fd\u0131r\u0131la v\u0259 ya qada\u011fan edil\u0259 bil\u0259r. D\u0259yi\u015fiklik \u00fc\u00e7\u00fcnc\u00fc oxunu\u015fda s\u0259sverm\u0259y\u0259 qoyularaq q\u0259bul edilib.Sonxeber.az<\/p>\n","protected":false},"author":2,"featured_media":66207,"comment_status":"closed","ping_status":"closed","sticky":false,"template":"","format":"standard","meta":{"om_disable_all_campaigns":false,"_monsterinsights_skip_tracking":false,"_monsterinsights_sitenote_active":false,"_monsterinsights_sitenote_note":"","_monsterinsights_sitenote_category":0},"categories":[1],"tags":[],"aioseo_notices":[],"gutentor_comment":0,"rttpg_featured_image_url":{"full":["https:\/\/arantv.az\/wp-content\/uploads\/2019\/06\/1560415289003.jpg",549,412,false],"landscape":["https:\/\/arantv.az\/wp-content\/uploads\/2019\/06\/1560415289003.jpg",549,412,false],"portraits":["https:\/\/arantv.az\/wp-content\/uploads\/2019\/06\/1560415289003.jpg",549,412,false],"thumbnail":["https:\/\/arantv.az\/wp-content\/uploads\/2019\/06\/1560415289003-150x150.jpg",150,150,true],"medium":["https:\/\/arantv.az\/wp-content\/uploads\/2019\/06\/1560415289003-300x225.jpg",300,225,true],"large":["https:\/\/arantv.az\/wp-content\/uploads\/2019\/06\/1560415289003.jpg",549,412,false],"1536x1536":["https:\/\/arantv.az\/wp-content\/uploads\/2019\/06\/1560415289003.jpg",549,412,false],"2048x2048":["https:\/\/arantv.az\/wp-content\/uploads\/2019\/06\/1560415289003.jpg",549,412,false],"post-thumbnail":["https:\/\/arantv.az\/wp-content\/uploads\/2019\/06\/1560415289003-240x172.jpg",240,172,true],"advps-thumb-one":["https:\/\/arantv.az\/wp-content\/uploads\/2019\/06\/1560415289003.jpg",549,412,false]},"rttpg_author":{"display_name":"V\u00fcsal Rafiqo\u011flu","author_link":"https:\/\/arantv.az\/?author=2"},"rttpg_comment":0,"rttpg_category":"<a href=\"https:\/\/arantv.az\/?cat=1\" rel=\"category\">C\u0259miyy\u0259t<\/a>","rttpg_excerpt":"Az\u0259rbaycanda yol h\u0259r\u0259k\u0259tinin m\u00fcv\u0259qq\u0259ti m\u0259hdudla\u015fd\u0131r\u0131lmas\u0131 v\u0259 qada\u011fan edilm\u0259si il\u0259 ba\u011fl\u0131 yeni hal m\u00fc\u0259yy\u0259n edilir. ARANTV.AZ\u00a0x\u0259b\u0259r verir ki, bununla ba\u011fl\u0131 m\u0259s\u0259l\u0259 Milli M\u0259clisin bu g\u00fcn ke\u00e7iril\u0259n n\u00f6vb\u0259d\u0259n\u0259k\u0259nar plenar iclas\u0131nda m\u00fczakir\u0259y\u0259 \u00e7\u0131xar\u0131lan &#8220;Yol h\u0259r\u0259k\u0259ti haqq\u0131nda&#8221; qanuna d\u0259yi\u015fiklikd\u0259 \u00f6z \u0259ksini tap\u0131b. Bel\u0259 ki, qanunun 12-ci madd\u0259sin\u0259 (yol h\u0259r\u0259k\u0259tinin m\u00fcv\u0259qq\u0259ti m\u0259hdudla\u015fd\u0131r\u0131lmas\u0131 v\u0259 qada\u011fan edilm\u0259si) \u0259lav\u0259 edil\u0259n yeni b\u0259nd\u0259 \u0259sas\u0259n,&hellip;","_links":{"self":[{"href":"https:\/\/arantv.az\/index.php?rest_route=\/wp\/v2\/posts\/66206"}],"collection":[{"href":"https:\/\/arantv.az\/index.php?rest_route=\/wp\/v2\/posts"}],"about":[{"href":"https:\/\/arantv.az\/index.php?rest_route=\/wp\/v2\/types\/post"}],"author":[{"embeddable":true,"href":"https:\/\/arantv.az\/index.php?rest_route=\/wp\/v2\/users\/2"}],"replies":[{"embeddable":true,"href":"https:\/\/arantv.az\/index.php?rest_route=%2Fwp%2Fv2%2Fcomments&post=66206"}],"version-history":[{"count":0,"href":"https:\/\/arantv.az\/index.php?rest_route=\/wp\/v2\/posts\/66206\/revisions"}],"wp:featuredmedia":[{"embeddable":true,"href":"https:\/\/arantv.az\/index.php?rest_route=\/wp\/v2\/media\/66207"}],"wp:attachment":[{"href":"https:\/\/arantv.az\/index.php?rest_route=%2Fwp%2Fv2%2Fmedia&parent=66206"}],"wp:term":[{"taxonomy":"category","embeddable":true,"href":"https:\/\/arantv.az\/index.php?rest_route=%2Fwp%2Fv2%2Fcategories&post=66206"},{"taxonomy":"post_tag","embeddable":true,"href":"https:\/\/arantv.az\/index.php?rest_route=%2Fwp%2Fv2%2Ftags&post=66206"}],"curies":[{"name":"wp","href":"https:\/\/api.w.org\/{rel}","templated":true}]}}