{"id":662060,"date":"2023-11-28T08:39:43","date_gmt":"2023-11-28T04:39:43","guid":{"rendered":"https:\/\/arantv.az\/?p=662060"},"modified":"2023-11-28T08:39:43","modified_gmt":"2023-11-28T04:39:43","slug":"human-rights-watchun-r%c9%99smisi-guya-az%c9%99rbaycanin-mina-problemind%c9%99n-x%c9%99b%c9%99rsiz-oldugunu-deyib-foto","status":"publish","type":"post","link":"https:\/\/arantv.az\/?p=662060","title":{"rendered":"\u201cHuman Rights Watch\u201dun r\u0259smisi guya Az\u0259rbaycan\u0131n mina problemind\u0259n x\u0259b\u0259rsiz oldu\u011funu deyib &#8211; FOTO"},"content":{"rendered":"<p>D\u00fcnya s\u0259viyy\u0259sind\u0259 insan haqlar\u0131n\u0131n m\u00fcdafi\u0259si il\u0259 m\u0259\u015f\u011ful olan, bu m\u00f6vzuda ara\u015fd\u0131rmalar apar\u0131b, yay\u0131mlayan beyn\u0259lxalq qeyri-h\u00f6kum\u0259t t\u0259\u015fkilat\u0131 \u201cHuman Rights Watch\u201d Az\u0259rbaycan\u0131n mina problemi il\u0259 ba\u011fl\u0131 beyn\u0259lxalq \u00e7a\u011f\u0131r\u0131\u015flar\u0131ndan x\u0259b\u0259rsiz oldu\u011funu iddia edib.<\/p>\n<p>\u201cReport\u201dun AB\u015e b\u00fcrosu x\u0259b\u0259r verir ki, t\u0259\u015fkilat\u0131n r\u0259smisi problemd\u0259n m\u0259lumatl\u0131 olmad\u0131\u011f\u0131n\u0131 deyib.<\/p>\n<p>Bel\u0259 ki, \u201cHuman Rights Watch\u201d t\u0259\u015fkilat\u0131n\u0131n BMT-d\u0259ki direktoru Luis \u015earbonau (Louis Charbonneau) XXI \u0259srd\u0259 Az\u0259rbaycan\u0131n \u00fcz-\u00fcz\u0259 oldu\u011fu ekoloji f\u0259lak\u0259t, Erm\u0259nistan\u0131n 30 illik i\u015f\u011fal d\u00f6vr\u00fcnd\u0259 \u00f6lk\u0259mizd\u0259 buraxd\u0131\u011f\u0131 d\u0259h\u015f\u0259tli mirasdan m\u0259lumats\u0131z olduqlar\u0131n\u0131 iddia edib: \u201cBiz bu m\u0259s\u0259l\u0259d\u0259n x\u0259b\u0259rdar deyilik. M\u0259n d\u0259 bununla ba\u011fl\u0131 he\u00e7 bir ara\u015fd\u0131rma tapa bilmir\u0259m, amma h\u0259mkarlar\u0131mdan soru\u015faca\u011fam\u201d.<\/p>\n<p>\u201cHuman Rights Watch\u201d t\u0259\u015fkilat\u0131n\u0131n r\u0259smisi L.\u015earbonau ona \u00fcnvanlanan suallar\u0131 h\u0259mkarlar\u0131 il\u0259 ara\u015fd\u0131raca\u011f\u0131n\u0131 v\u0259d vers\u0259 d\u0259, n\u00f6vb\u0259ti sor\u011fular iki ayd\u0131r, cavabs\u0131z qal\u0131b.<\/p>\n<p>M\u00fcharib\u0259 v\u0259 postm\u00fcharib\u0259 d\u00f6vrl\u0259rind\u0259 d\u00f6vl\u0259t qurumlar\u0131 v\u0259 qeyri-h\u00f6kum\u0259t t\u0259\u015fkilatlar\u0131 t\u0259r\u0259find\u0259n d\u0259f\u0259l\u0259rl\u0259 Erm\u0259nistan t\u0259r\u0259find\u0259n beyn\u0259lxalq h\u00fcquq, o c\u00fcml\u0259d\u0259n beyn\u0259lxalq humanitar h\u00fcquq norma v\u0259 prinsipl\u0259rinin pozulmas\u0131 faktlar\u0131 il\u0259 ba\u011fl\u0131 bir \u00e7ox hesabatlar haz\u0131rlanaraq m\u00fcvafiq qaydada \u201cHuman Rights Watch\u201d t\u0259\u015fkilat\u0131n\u0131n r\u0259smil\u0259rin\u0259 payla\u015f\u0131lsa da, m\u0259lumatlar t\u0259\u015fkilat\u0131n yay\u0131mlad\u0131\u011f\u0131 hesabatda \u0259ksini tapmay\u0131b. H\u0259min m\u0259lumatlarda 2020-ci il 10 noyabr tarixli \u00fc\u00e7t\u0259r\u0259fli birg\u0259 B\u0259yanatdan sonra Az\u0259rbaycanda 350-d\u0259n \u00e7ox \u015f\u0259xsin minaya d\u00fc\u015fm\u0259si il\u0259 ba\u011fl\u0131 m\u00fcf\u0259ss\u0259l m\u0259lumat qeyd olunub.<\/p>\n<p><img src=\"https:\/\/cdn.oxu.az\/uploads\/W1siZiIsIjIwMjMvMTEvMjgvMDcvMDcvNTEvZDEwOTY3MTItYzgzZS00Mjg2LWE4MjYtOTVjNTQ0Nzc5YjhkL2NkMDAyYjkxLTU0ZGQtM2Q0ZC1hOWYwLTU5MDQ4MDBmYzA0Mi5qcGciXSxbInAiLCJlbmNvZGUiLCJqcGciLCItcXVhbGl0eSA4MCJdLFsicCIsInRodW1iIiwiNTkweDU5MFx1MDAzZSJdXQ?sha=5d9e9d6af40d3377\" alt=\"\" \/><\/p>\n<p>T\u0259\u0259ss\u00fcf ki, \u201cHuman Rights Watch\u201d t\u0259\u015fkilat\u0131 h\u0259min r\u0259smi m\u0259lumatlarda qeyd edil\u0259n insan h\u00fcquqlar\u0131 pozuntular\u0131n\u0131 ara\u015fd\u0131rmaq \u00fc\u00e7\u00fcn he\u00e7 vaxt h\u0259r hans\u0131 add\u0131m atm\u0131r, \u0259ksin\u0259, q\u0259r\u0259zli hesabatlar yaymaqda davam edir. Hesabatlar\u0131nda Az\u0259rbaycanla ba\u011fl\u0131 d\u0259f\u0259l\u0259rl\u0259 q\u0259r\u0259zli m\u0259qamlar payla\u015fan beyn\u0259lxalq t\u0259\u015fkilat\u0131n \u0130kinci Qaraba\u011f m\u00fcharib\u0259sind\u0259n sonra aras\u0131nda m\u00fclk\u00fc \u015f\u0259xsl\u0259rin v\u0259 jurnalistl\u0259r, minat\u0259mizl\u0259y\u0259nl\u0259r, h\u0259rb\u00e7il\u0259r v\u0259 u\u015faqlar\u0131n da oldu\u011fu y\u00fczl\u0259rl\u0259 insan\u0131n h\u0259yat\u0131na son qoyan minalar, partlamam\u0131\u015f h\u0259rbi sursatlarla ba\u011fl\u0131 m\u0259lumats\u0131z olmas\u0131 iddias\u0131 \u00e7ox da t\u0259\u0259cc\u00fcb do\u011furmur. \u00c7\u00fcnki\u00a0beyn\u0259lxalq t\u0259\u015fkilat\u0131n Az\u0259rbaycan v\u0259 Erm\u0259nistanla ba\u011fl\u0131 yay\u0131mlad\u0131\u011f\u0131 b\u00fct\u00fcn hesabatlar erm\u0259nil\u0259rin maraqlar\u0131na xidm\u0259t edir.<\/p>\n<p>Analitik: \u201cHuman Rights Watch\u201d t\u0259\u015fkilat\u0131n\u0131n ba\u015f ver\u0259nl\u0259r\u0259 bigan\u0259 m\u00fcnasib\u0259ti anti-Az\u0259rbaycan q\u0259r\u0259zinin g\u00f6st\u0259ricisidir\u201d<\/p>\n<p>Bu ilin iyun ay\u0131nda Qaraba\u011fa s\u0259f\u0259r ed\u0259n amerikal\u0131 jurnalist, \u201cSchirach Report\u201d \u0130nformasiya Agentliyinin t\u0259sis\u00e7isi v\u0259 ba\u015f redaktoru, Va\u015finqtonda f\u0259aliyy\u0259t g\u00f6st\u0259r\u0259n \u201cQlobal Siyas\u0259t \u0130nstitutu\u201dnun (\u201cGlobal Policy Institute\u201d) prezidenti, \u201cBay Atlantik\u201d Universitetinin Siyasi Elml\u0259r v\u0259 Beyn\u0259lxalq M\u00fcnasib\u0259tl\u0259r \u00fczr\u0259 professoru Paolo fon \u015eirax a\u00e7\u0131qlamas\u0131nda \u201cHuman Rights Watch\u201d t\u0259\u015fkilat\u0131n\u0131n Erm\u0259nistan silahl\u0131 q\u00fcvv\u0259l\u0259rinin Qaraba\u011f\u0131 uzun m\u00fcdd\u0259tli qanunsuz i\u015f\u011fal\u0131 zaman\u0131 Az\u0259rbaycanda torpaqlar\u0131nda basd\u0131rd\u0131\u011f\u0131 minalarla ba\u011fl\u0131 ara\u015fd\u0131rma aparmamas\u0131n\u0131, ba\u015f ver\u0259nl\u0259r\u0259 bigan\u0259 m\u00fcnasib\u0259tinin Az\u0259rbaycana q\u0259r\u0259zinin g\u00f6st\u0259ricisi kimi qiym\u0259tl\u0259ndirib: \u201cM\u0259n b\u00f6lg\u0259ni ziyar\u0259t etdiyim zaman \u00f6z g\u00f6zl\u0259riml\u0259 g\u00f6rd\u00fcm ki, \u0259razil\u0259rd\u0259 erm\u0259nil\u0259r t\u0259r\u0259find\u0259n d\u00f6\u015f\u0259n\u0259n piyada \u0259leyhin\u0259 minalar ucuz v\u0259 \u00f6l\u00fcmc\u00fcl al\u0259tl\u0259rdir. Bu m\u0259s\u0259l\u0259 il\u0259 ba\u011fl\u0131 iddia edil\u0259n m\u0259lumats\u0131zl\u0131q inand\u0131r\u0131c\u0131 deyil, \u00e7\u00fcnki r\u0259smi Bak\u0131 ba\u015f ver\u0259nl\u0259rl\u0259 ba\u011fl\u0131 yet\u0259rli q\u0259d\u0259r m\u0259lumatlar haz\u0131rlayaraq yay\u0131b. O c\u00fcml\u0259d\u0259n Erm\u0259nistan h\u00f6kum\u0259tinin mina sah\u0259l\u0259rinin x\u0259rit\u0259l\u0259rini payla\u015fmaqda \u0259m\u0259kda\u015fl\u0131q etm\u0259m\u0259si b\u00f6lg\u0259d\u0259 c\u0259r\u0259yan ed\u0259n \u0259n b\u00f6y\u00fck problemin h\u0259llini gecikdirir. \u018fg\u0259r Erm\u0259nistan raz\u0131l\u0131\u011fa g\u0259ls\u0259, uzun ill\u0259r t\u0259l\u0259b ed\u0259n v\u0259 olduqca bahal\u0131 olan minat\u0259mizl\u0259m\u0259 \u0259m\u0259liyyatlar\u0131 daha s\u00fcr\u0259tl\u0259 davam ed\u0259 bil\u0259r.<\/p>\n<p><img src=\"https:\/\/cdn.oxu.az\/uploads\/W1siZiIsIjIwMjMvMTEvMjgvMDcvMDcvNTEvNWJmYzc5NzAtZmVjMS00Y2ZjLTllYWItMDU3MTQ3NWU0OGQwLzE0YzA1NDIyLTRiYWMtMzI3NS05ZTJiLTQxMjUyMmIyYjcyMS5qcGciXSxbInAiLCJlbmNvZGUiLCJqcGciLCItcXVhbGl0eSA4MCJdLFsicCIsInRodW1iIiwiNTkweDU5MFx1MDAzZSJdXQ?sha=2f936510a2b9460e\" alt=\"\" \/><\/p>\n<p>B\u00f6lg\u0259d\u0259 c\u0259r\u0259yan ed\u0259n \u0259n b\u00f6y\u00fck f\u0259lak\u0259t\u0259 \u201cHuman Rights Watch\u201d t\u0259\u015fkilat\u0131n\u0131n m\u0259h\u0259l qoymamas\u0131, q\u0259rib\u0259 v\u0259 qeyri-obyektiv yana\u015fmas\u0131 \u00e7ox t\u0259\u0259ss\u00fcf do\u011furur.<\/p>\n<p>Erm\u0259nil\u0259rin arxalar\u0131nda buraxd\u0131qlar\u0131 geni\u015f minal\u0131 b\u00f6lg\u0259l\u0259ri g\u00f6rm\u0259zd\u0259n g\u0259lm\u0259k, onlar\u0131n m\u0259suliyy\u0259tin\u0259 m\u0259h\u0259l qoymamaq \u0259ks\u0259r analitikl\u0259rin erm\u0259nil\u0259rin qurban, Az\u0259rbaycan h\u00f6kum\u0259tinin is\u0259 i\u015f\u011fal\u00e7\u0131 olmas\u0131 il\u0259 ba\u011fl\u0131 q\u0259bul etdiyi r\u0259vay\u0259tl\u0259r\u0259 \u00e7ox uy\u011fun g\u0259lir. Bunu g\u00f6rm\u0259zd\u0259n g\u0259lm\u0259k v\u0259 r\u0259vay\u0259tl\u0259r\u0259 inanmaq do\u011fru deyil\u201d.<\/p>\n","protected":false},"excerpt":{"rendered":"<p>D\u00fcnya s\u0259viyy\u0259sind\u0259 insan haqlar\u0131n\u0131n m\u00fcdafi\u0259si il\u0259 m\u0259\u015f\u011ful olan, bu m\u00f6vzuda ara\u015fd\u0131rmalar apar\u0131b, yay\u0131mlayan beyn\u0259lxalq qeyri-h\u00f6kum\u0259t t\u0259\u015fkilat\u0131 \u201cHuman Rights Watch\u201d Az\u0259rbaycan\u0131n mina problemi il\u0259 ba\u011fl\u0131 beyn\u0259lxalq \u00e7a\u011f\u0131r\u0131\u015flar\u0131ndan x\u0259b\u0259rsiz oldu\u011funu iddia edib. \u201cReport\u201dun AB\u015e b\u00fcrosu x\u0259b\u0259r verir ki, t\u0259\u015fkilat\u0131n r\u0259smisi problemd\u0259n m\u0259lumatl\u0131 olmad\u0131\u011f\u0131n\u0131 deyib. Bel\u0259 ki, \u201cHuman Rights Watch\u201d t\u0259\u015fkilat\u0131n\u0131n BMT-d\u0259ki direktoru Luis \u015earbonau (Louis Charbonneau) XXI \u0259srd\u0259 Az\u0259rbaycan\u0131n \u00fcz-\u00fcz\u0259 oldu\u011fu ekoloji f\u0259lak\u0259t, Erm\u0259nistan\u0131n 30 illik i\u015f\u011fal d\u00f6vr\u00fcnd\u0259 \u00f6lk\u0259mizd\u0259 buraxd\u0131\u011f\u0131 d\u0259h\u015f\u0259tli mirasdan m\u0259lumats\u0131z olduqlar\u0131n\u0131 iddia edib: \u201cBiz bu m\u0259s\u0259l\u0259d\u0259n x\u0259b\u0259rdar deyilik. M\u0259n d\u0259 bununla ba\u011fl\u0131 he\u00e7 bir ara\u015fd\u0131rma tapa bilmir\u0259m, amma h\u0259mkarlar\u0131mdan&hellip;<\/p>\n","protected":false},"author":2,"featured_media":662062,"comment_status":"closed","ping_status":"closed","sticky":false,"template":"","format":"standard","meta":{"om_disable_all_campaigns":false,"_monsterinsights_skip_tracking":false,"_monsterinsights_sitenote_active":false,"_monsterinsights_sitenote_note":"","_monsterinsights_sitenote_category":0},"categories":[4],"tags":[],"aioseo_notices":[],"gutentor_comment":0,"rttpg_featured_image_url":{"full":["https:\/\/arantv.az\/wp-content\/uploads\/2023\/11\/ad995c3e-d90c-3011-80c8-f70504e9703a_850.jpg",620,413,false],"landscape":["https:\/\/arantv.az\/wp-content\/uploads\/2023\/11\/ad995c3e-d90c-3011-80c8-f70504e9703a_850.jpg",620,413,false],"portraits":["https:\/\/arantv.az\/wp-content\/uploads\/2023\/11\/ad995c3e-d90c-3011-80c8-f70504e9703a_850.jpg",620,413,false],"thumbnail":["https:\/\/arantv.az\/wp-content\/uploads\/2023\/11\/ad995c3e-d90c-3011-80c8-f70504e9703a_850-500x280.jpg",500,280,true],"medium":["https:\/\/arantv.az\/wp-content\/uploads\/2023\/11\/ad995c3e-d90c-3011-80c8-f70504e9703a_850-548x365.jpg",548,365,true],"large":["https:\/\/arantv.az\/wp-content\/uploads\/2023\/11\/ad995c3e-d90c-3011-80c8-f70504e9703a_850.jpg",620,413,false],"1536x1536":["https:\/\/arantv.az\/wp-content\/uploads\/2023\/11\/ad995c3e-d90c-3011-80c8-f70504e9703a_850.jpg",620,413,false],"2048x2048":["https:\/\/arantv.az\/wp-content\/uploads\/2023\/11\/ad995c3e-d90c-3011-80c8-f70504e9703a_850.jpg",620,413,false],"post-thumbnail":["https:\/\/arantv.az\/wp-content\/uploads\/2023\/11\/ad995c3e-d90c-3011-80c8-f70504e9703a_850-240x172.jpg",240,172,true],"advps-thumb-one":["https:\/\/arantv.az\/wp-content\/uploads\/2023\/11\/ad995c3e-d90c-3011-80c8-f70504e9703a_850.jpg",620,413,false]},"rttpg_author":{"display_name":"V\u00fcsal Rafiqo\u011flu","author_link":"https:\/\/arantv.az\/?author=2"},"rttpg_comment":0,"rttpg_category":"<a href=\"https:\/\/arantv.az\/?cat=4\" rel=\"category\">Siyas\u0259t<\/a>","rttpg_excerpt":"D\u00fcnya s\u0259viyy\u0259sind\u0259 insan haqlar\u0131n\u0131n m\u00fcdafi\u0259si il\u0259 m\u0259\u015f\u011ful olan, bu m\u00f6vzuda ara\u015fd\u0131rmalar apar\u0131b, yay\u0131mlayan beyn\u0259lxalq qeyri-h\u00f6kum\u0259t t\u0259\u015fkilat\u0131 \u201cHuman Rights Watch\u201d Az\u0259rbaycan\u0131n mina problemi il\u0259 ba\u011fl\u0131 beyn\u0259lxalq \u00e7a\u011f\u0131r\u0131\u015flar\u0131ndan x\u0259b\u0259rsiz oldu\u011funu iddia edib. \u201cReport\u201dun AB\u015e b\u00fcrosu x\u0259b\u0259r verir ki, t\u0259\u015fkilat\u0131n r\u0259smisi problemd\u0259n m\u0259lumatl\u0131 olmad\u0131\u011f\u0131n\u0131 deyib. Bel\u0259 ki, \u201cHuman Rights Watch\u201d t\u0259\u015fkilat\u0131n\u0131n BMT-d\u0259ki direktoru Luis \u015earbonau (Louis Charbonneau) XXI&hellip;","_links":{"self":[{"href":"https:\/\/arantv.az\/index.php?rest_route=\/wp\/v2\/posts\/662060"}],"collection":[{"href":"https:\/\/arantv.az\/index.php?rest_route=\/wp\/v2\/posts"}],"about":[{"href":"https:\/\/arantv.az\/index.php?rest_route=\/wp\/v2\/types\/post"}],"author":[{"embeddable":true,"href":"https:\/\/arantv.az\/index.php?rest_route=\/wp\/v2\/users\/2"}],"replies":[{"embeddable":true,"href":"https:\/\/arantv.az\/index.php?rest_route=%2Fwp%2Fv2%2Fcomments&post=662060"}],"version-history":[{"count":0,"href":"https:\/\/arantv.az\/index.php?rest_route=\/wp\/v2\/posts\/662060\/revisions"}],"wp:featuredmedia":[{"embeddable":true,"href":"https:\/\/arantv.az\/index.php?rest_route=\/wp\/v2\/media\/662062"}],"wp:attachment":[{"href":"https:\/\/arantv.az\/index.php?rest_route=%2Fwp%2Fv2%2Fmedia&parent=662060"}],"wp:term":[{"taxonomy":"category","embeddable":true,"href":"https:\/\/arantv.az\/index.php?rest_route=%2Fwp%2Fv2%2Fcategories&post=662060"},{"taxonomy":"post_tag","embeddable":true,"href":"https:\/\/arantv.az\/index.php?rest_route=%2Fwp%2Fv2%2Ftags&post=662060"}],"curies":[{"name":"wp","href":"https:\/\/api.w.org\/{rel}","templated":true}]}}