{"id":66218,"date":"2019-06-13T12:57:03","date_gmt":"2019-06-13T09:57:03","guid":{"rendered":"http:\/\/arantv.az\/?p=66218"},"modified":"2019-06-13T12:57:03","modified_gmt":"2019-06-13T09:57:03","slug":"iqbal-agazad%c9%99nin-qohumunun-meyiti-tapildi","status":"publish","type":"post","link":"https:\/\/arantv.az\/?p=66218","title":{"rendered":"\u0130qbal A\u011fazad\u0259nin qohumunun meyiti tap\u0131ld\u0131"},"content":{"rendered":"<p><strong>Bak\u0131da \u00dcmid\u00a0Partiyas\u0131n\u0131n s\u0259dri v\u0259 Milli M\u0259clisin sabiq deputat\u0131 \u0130qbal A\u011fazad\u0259nin qohumu Lo\u011fman Abbasovun meyiti tap\u0131l\u0131b.\u00a0<\/strong><\/p>\n<p><strong>ARANTV.AZ\u00a0<\/strong> x\u0259b\u0259r verir ki, bununla ba\u011fl\u0131 oxu.az-a X\u0259tai rayon h\u00fcquq-m\u00fchafiz\u0259 orqanlar\u0131ndan m\u0259lumat verilib.<\/p>\n<p>M\u0259lumdur ki, iyunun 11-i, saat 07:30-da 49 ya\u015fl\u0131 Abbasov Lo\u011fman Xudam o\u011flu M\u0259h\u0259mm\u0259d Hadi k\u00fc\u00e7\u0259sind\u0259 yerl\u0259\u015f\u0259n evd\u0259n \u00e7\u0131x\u0131b v\u0259 geri qay\u0131tmay\u0131b. \u0130yunun 12-si, saat 09:30-da \u00fcz\u0259rind\u0259 zorak\u0131l\u0131q \u0259lam\u0259tl\u0259ri olmayan c\u0259s\u0259di Sad\u0131qcan k\u00fc\u00e7\u0259si 52 sayl\u0131 binan\u0131n qar\u015f\u0131s\u0131nda tap\u0131l\u0131b.<\/p>\n<p>\u0130lkin ehtimallara g\u00f6r\u0259, \u00f6l\u00fcm\u0259 beyin\u0259 qan s\u0131zmas\u0131 s\u0259b\u0259b olub. Qeyd ed\u0259k ki, o, \u0130qbal A\u011fazad\u0259nin \u0259misi o\u011fludur.<\/p>\n","protected":false},"excerpt":{"rendered":"<p>Bak\u0131da \u00dcmid\u00a0Partiyas\u0131n\u0131n s\u0259dri v\u0259 Milli M\u0259clisin sabiq deputat\u0131 \u0130qbal A\u011fazad\u0259nin qohumu Lo\u011fman Abbasovun meyiti tap\u0131l\u0131b.\u00a0 ARANTV.AZ\u00a0 x\u0259b\u0259r verir ki, bununla ba\u011fl\u0131 oxu.az-a X\u0259tai rayon h\u00fcquq-m\u00fchafiz\u0259 orqanlar\u0131ndan m\u0259lumat verilib. M\u0259lumdur ki, iyunun 11-i, saat 07:30-da 49 ya\u015fl\u0131 Abbasov Lo\u011fman Xudam o\u011flu M\u0259h\u0259mm\u0259d Hadi k\u00fc\u00e7\u0259sind\u0259 yerl\u0259\u015f\u0259n evd\u0259n \u00e7\u0131x\u0131b v\u0259 geri qay\u0131tmay\u0131b. \u0130yunun 12-si, saat 09:30-da \u00fcz\u0259rind\u0259 zorak\u0131l\u0131q \u0259lam\u0259tl\u0259ri olmayan c\u0259s\u0259di Sad\u0131qcan k\u00fc\u00e7\u0259si 52 sayl\u0131 binan\u0131n qar\u015f\u0131s\u0131nda tap\u0131l\u0131b. \u0130lkin ehtimallara g\u00f6r\u0259, \u00f6l\u00fcm\u0259 beyin\u0259 qan s\u0131zmas\u0131 s\u0259b\u0259b olub. Qeyd ed\u0259k ki, o, \u0130qbal A\u011fazad\u0259nin \u0259misi o\u011fludur.<\/p>\n","protected":false},"author":2,"featured_media":66219,"comment_status":"closed","ping_status":"closed","sticky":false,"template":"","format":"standard","meta":{"om_disable_all_campaigns":false,"_monsterinsights_skip_tracking":false,"_monsterinsights_sitenote_active":false,"_monsterinsights_sitenote_note":"","_monsterinsights_sitenote_category":0},"categories":[5],"tags":[],"aioseo_notices":[],"gutentor_comment":0,"rttpg_featured_image_url":{"full":["https:\/\/arantv.az\/wp-content\/uploads\/2019\/06\/iqbal_agazade_041.jpg",800,600,false],"landscape":["https:\/\/arantv.az\/wp-content\/uploads\/2019\/06\/iqbal_agazade_041.jpg",800,600,false],"portraits":["https:\/\/arantv.az\/wp-content\/uploads\/2019\/06\/iqbal_agazade_041.jpg",800,600,false],"thumbnail":["https:\/\/arantv.az\/wp-content\/uploads\/2019\/06\/iqbal_agazade_041-150x150.jpg",150,150,true],"medium":["https:\/\/arantv.az\/wp-content\/uploads\/2019\/06\/iqbal_agazade_041-300x225.jpg",300,225,true],"large":["https:\/\/arantv.az\/wp-content\/uploads\/2019\/06\/iqbal_agazade_041.jpg",640,480,false],"1536x1536":["https:\/\/arantv.az\/wp-content\/uploads\/2019\/06\/iqbal_agazade_041.jpg",800,600,false],"2048x2048":["https:\/\/arantv.az\/wp-content\/uploads\/2019\/06\/iqbal_agazade_041.jpg",800,600,false],"post-thumbnail":["https:\/\/arantv.az\/wp-content\/uploads\/2019\/06\/iqbal_agazade_041-240x172.jpg",240,172,true],"advps-thumb-one":["https:\/\/arantv.az\/wp-content\/uploads\/2019\/06\/iqbal_agazade_041.jpg",800,600,false]},"rttpg_author":{"display_name":"V\u00fcsal Rafiqo\u011flu","author_link":"https:\/\/arantv.az\/?author=2"},"rttpg_comment":0,"rttpg_category":"<a href=\"https:\/\/arantv.az\/?cat=5\" rel=\"category\">Hadis\u0259<\/a>","rttpg_excerpt":"Bak\u0131da \u00dcmid\u00a0Partiyas\u0131n\u0131n s\u0259dri v\u0259 Milli M\u0259clisin sabiq deputat\u0131 \u0130qbal A\u011fazad\u0259nin qohumu Lo\u011fman Abbasovun meyiti tap\u0131l\u0131b.\u00a0 ARANTV.AZ\u00a0 x\u0259b\u0259r verir ki, bununla ba\u011fl\u0131 oxu.az-a X\u0259tai rayon h\u00fcquq-m\u00fchafiz\u0259 orqanlar\u0131ndan m\u0259lumat verilib. M\u0259lumdur ki, iyunun 11-i, saat 07:30-da 49 ya\u015fl\u0131 Abbasov Lo\u011fman Xudam o\u011flu M\u0259h\u0259mm\u0259d Hadi k\u00fc\u00e7\u0259sind\u0259 yerl\u0259\u015f\u0259n evd\u0259n \u00e7\u0131x\u0131b v\u0259 geri qay\u0131tmay\u0131b. \u0130yunun 12-si, saat 09:30-da \u00fcz\u0259rind\u0259 zorak\u0131l\u0131q&hellip;","_links":{"self":[{"href":"https:\/\/arantv.az\/index.php?rest_route=\/wp\/v2\/posts\/66218"}],"collection":[{"href":"https:\/\/arantv.az\/index.php?rest_route=\/wp\/v2\/posts"}],"about":[{"href":"https:\/\/arantv.az\/index.php?rest_route=\/wp\/v2\/types\/post"}],"author":[{"embeddable":true,"href":"https:\/\/arantv.az\/index.php?rest_route=\/wp\/v2\/users\/2"}],"replies":[{"embeddable":true,"href":"https:\/\/arantv.az\/index.php?rest_route=%2Fwp%2Fv2%2Fcomments&post=66218"}],"version-history":[{"count":0,"href":"https:\/\/arantv.az\/index.php?rest_route=\/wp\/v2\/posts\/66218\/revisions"}],"wp:featuredmedia":[{"embeddable":true,"href":"https:\/\/arantv.az\/index.php?rest_route=\/wp\/v2\/media\/66219"}],"wp:attachment":[{"href":"https:\/\/arantv.az\/index.php?rest_route=%2Fwp%2Fv2%2Fmedia&parent=66218"}],"wp:term":[{"taxonomy":"category","embeddable":true,"href":"https:\/\/arantv.az\/index.php?rest_route=%2Fwp%2Fv2%2Fcategories&post=66218"},{"taxonomy":"post_tag","embeddable":true,"href":"https:\/\/arantv.az\/index.php?rest_route=%2Fwp%2Fv2%2Ftags&post=66218"}],"curies":[{"name":"wp","href":"https:\/\/api.w.org\/{rel}","templated":true}]}}