{"id":662247,"date":"2023-11-28T17:59:23","date_gmt":"2023-11-28T13:59:23","guid":{"rendered":"https:\/\/arantv.az\/?p=662247"},"modified":"2023-11-28T17:59:23","modified_gmt":"2023-11-28T13:59:23","slug":"qarabag-universiteti-umumi-t%c9%99hluk%c9%99sizlik-m%c9%99nz%c9%99r%c9%99sinin-bir-hiss%c9%99si-kimi-s%c9%99rh","status":"publish","type":"post","link":"https:\/\/arantv.az\/?p=662247","title":{"rendered":"Qaraba\u011f Universiteti \u00fcmumi t\u0259hl\u00fck\u0259sizlik m\u0259nz\u0259r\u0259sinin bir hiss\u0259si kimi &#8211; \u015e\u018fRH"},"content":{"rendered":"<p>Prezident\u00a0<strong>\u0130lham \u018fliyev<\/strong>\u00a0Xank\u0259ndi \u015f\u0259h\u0259rind\u0259 Elm v\u0259 T\u0259hsil Nazirliyinin tabeliyind\u0259 olan \u201cQaraba\u011f Universiteti\u201d publik h\u00fcquqi \u015f\u0259xsin yarad\u0131lmas\u0131 bar\u0259d\u0259\u00a0<a href=\"https:\/\/oxu.az\/politics\/808835\" target=\"_blank\" rel=\"noopener\">s\u0259r\u0259ncam\u00a0<\/a>imzalay\u0131b.<\/p>\n<p>S\u0259r\u0259ncamda xat\u0131rlad\u0131l\u0131r ki, Qaraba\u011f regionunda ali t\u0259hsil \u0259n\u0259n\u0259si tarix\u0259n m\u00f6vcud olub.<\/p>\n<p>Burada ilk ali t\u0259hsil oca\u011f\u0131 1969-cu ild\u0259 Az\u0259rbaycan Pedaqoji \u0130nstitutunun filial\u0131 kimi qurulub, 1973-c\u00fc ild\u0259n 1988-ci il\u0259d\u0259k ali t\u0259hsil m\u00fc\u0259ssis\u0259si kimi f\u0259aliyy\u0259t g\u00f6st\u0259rib, \u0259razil\u0259rimizin i\u015f\u011fal\u0131 d\u00f6vr\u00fcnd\u0259 is\u0259 f\u0259aliyy\u0259tini dayand\u0131r\u0131b.<\/p>\n<p>Qaraba\u011f Universitetinin yarad\u0131lmas\u0131 i\u015f\u011faldan azad edilmi\u015f \u0259razil\u0259rin iqtisadi potensial\u0131n\u0131 kadr \u0259sasl\u0131 t\u0259yinatlarla y\u00fcks\u0259ltm\u0259y\u0259 hesablan\u0131b.<\/p>\n<p>Bel\u0259 ki, Qaraba\u011f v\u0259 \u015e\u0259rqi Z\u0259ng\u0259zur iqtisadi rayonlar\u0131nda apar\u0131lan b\u0259rpa-quruculuq i\u015fl\u0259ri, el\u0259c\u0259 d\u0259 \u0259m\u0259k bazar\u0131n\u0131n t\u0259l\u0259bl\u0259ri regionda y\u00fcks\u0259kixtisasl\u0131 kadrlar\u0131n haz\u0131rl\u0131\u011f\u0131n\u0131 h\u0259yata ke\u00e7ir\u0259n ali t\u0259hsil m\u00fc\u0259ssis\u0259sinin t\u0259\u015fkili z\u0259rur\u0259tini yarad\u0131rd\u0131. Bu z\u0259rur\u0259tin ali t\u0259hsil s\u0259viyy\u0259sind\u0259ki ilkin ehtiyac Qaraba\u011f Universitetinin yarad\u0131lmas\u0131 il\u0259 qar\u015f\u0131lan\u0131r v\u0259 g\u0259l\u0259c\u0259kd\u0259 ox\u015far t\u0259dbirl\u0259rin h\u0259yata ke\u00e7irilm\u0259sin\u0259 \u015fahidlik ed\u0259 bil\u0259rik.<\/p>\n<p>Prosesin, t\u0259bii ki, s\u00fclh v\u0259 t\u0259hl\u00fck\u0259sizliyi \u0259hat\u0259 ed\u0259n t\u0259r\u0259fl\u0259ri d\u0259 olmam\u0131\u015f deyil. Bel\u0259 ki, Az\u0259rbaycan Qaraba\u011fda universitet yaratmaqla regionun a\u011flabatan bir t\u0259rzd\u0259, s\u00fclh v\u0259 t\u0259hl\u00fck\u0259sizlik \u015f\u0259raitind\u0259 inki\u015faf\u0131nda maraql\u0131 oldu\u011funa bir daha vur\u011fu edir.<\/p>\n<p>Az\u0259rbaycan\u0131n i\u015f\u011faldan azad edilmi\u015f \u0259razil\u0259r \u00fczr\u0259 planlar\u0131n\u0131n m\u0259rk\u0259zin\u0259 t\u0259hsil prioritetl\u0259rini da\u015f\u0131mas\u0131 onun niyy\u0259tl\u0259rind\u0259ki s\u0259mimiliyi g\u00f6st\u0259rir.<\/p>\n<p>Y\u0259ni s\u00fclh v\u0259 t\u0259hl\u00fck\u0259sizlik m\u00fcnasib\u0259tl\u0259rinin t\u0259hsill\u0259 \u0259laq\u0259l\u0259ndirilm\u0259si beyn\u0259lxalq ictimaiyy\u0259t \u00fc\u00e7\u00fcn veril\u0259n ciddi bir siqnald\u0131r.<\/p>\n<p>Dem\u0259li, Qaraba\u011f Universitetinin perspektiv \u00fc\u00e7\u00fcn h\u0259d\u0259fl\u0259ri \u00e7oxvektorlu siyas\u0259tin t\u0259rkibind\u0259 yer al\u0131r. \u00c7\u00fcnki o, Az\u0259rbaycan\u0131n ard\u0131c\u0131l v\u0259 sistemli \u015f\u0259kild\u0259 yaratd\u0131\u011f\u0131 \u00fcmumi t\u0259hl\u00fck\u0259sizlik m\u0259nz\u0259r\u0259sinin m\u00fch\u00fcm bir hiss\u0259sini t\u0259\u015fkil edir.<\/p>\n<p>H\u0259m d\u0259 ona inam\u0131 a\u015f\u0131lay\u0131r ki, regionda xarici investorlar \u00fc\u00e7\u00fcn yeni imkanlar a\u00e7\u0131l\u0131r v\u0259 regionun inki\u015faf\u0131na xarici t\u0259l\u0259b\u0259l\u0259r siyah\u0131s\u0131ndan \u00e7\u0131xacaq m\u0259zunlar da \u00f6z t\u00f6hf\u0259sini ver\u0259 bil\u0259rl\u0259r.<\/p>\n<p>Dem\u0259k ist\u0259yirik ki, Qaraba\u011f Universitetind\u0259 xarici t\u0259l\u0259b\u0259l\u0259r oxusalar, bu, onlar\u0131n m\u0259nsub oldu\u011fu \u00f6lk\u0259l\u0259rin regiondak\u0131 t\u0259hl\u00fck\u0259sizlik m\u0259s\u0259l\u0259l\u0259rind\u0259 Az\u0259rbaycana d\u0259st\u0259k olmalar\u0131na g\u0259tirib \u00e7\u0131xaracaq.<\/p>\n<p>\u00dcst\u0259g\u0259l, g\u0259l\u0259c\u0259kd\u0259 xarici v\u0259t\u0259nda\u015flar\u0131n F\u00fczuli, Z\u0259ngilan beyn\u0259lxalq hava limanlar\u0131na v\u0259 tikilm\u0259kd\u0259 olan La\u00e7\u0131n aeroportuna turizm \u0259sasl\u0131 giri\u015f-\u00e7\u0131x\u0131\u015flar\u0131n\u0131 \u00e7oxaldacaq.<\/p>\n<p>Bunlar Az\u0259rbaycan\u0131n regionda ona qar\u015f\u0131 olan q\u00fcvv\u0259l\u0259r\u0259 qar\u015f\u0131 institusional \u0259sasl\u0131 \u0259ks-h\u0259ml\u0259l\u0259rinin barometridir.<\/p>\n<p>Bu barometrin dayan\u0131ql\u0131 v\u0259 \u0259b\u0259di olmas\u0131 \u00fc\u00e7\u00fcn Qaraba\u011f Universitetini d\u00fcnyas\u0259viyy\u0259li ali t\u0259hsil m\u00fc\u0259ssis\u0259sin\u0259 \u00e7evirm\u0259k \u00fc\u00e7\u00fcn ciddi t\u0259hlill\u0259r apar\u0131lmal\u0131d\u0131r.<\/p>\n<p>Y\u0259qin ki, h\u00f6kum\u0259tin masas\u0131nda bel\u0259 bir plan m\u00f6vcud olacaq.<\/p>\n<p><strong>N\u018fT\u0130C\u018f:<\/strong><\/p>\n<p>1. Qaraba\u011fda universitet yaratmas\u0131 Bak\u0131n\u0131n C\u0259nubi Qafqazda legitimlik v\u0259 g\u00fcc proyeksiyas\u0131 axtar\u0131\u015f\u0131nda faydal\u0131 rol oynay\u0131r.<\/p>\n<p>2. Regionda iqtisadi, turizm canlanmas\u0131na c\u0259lb edilm\u0259k tendensiyalar\u0131 \u00e7oxal\u0131r v\u0259 bazarlarda Az\u0259rbaycan \u00fc\u00e7\u00fcn \u0259lav\u0259 bonuslar y\u0131\u011f\u0131l\u0131r.<\/p>\n<p>3. Regiona k\u0259nar t\u0259sirl\u0259rin m\u00fcdaxil\u0259 etm\u0259k iqtidar\u0131 yoxdur, onlar yaln\u0131z iqtisadi-siyasi, t\u0259hsil, turizm sah\u0259l\u0259rind\u0259 \u0259m\u0259kda\u015fl\u0131q etm\u0259yi d\u00fc\u015f\u00fcnm\u0259lidirl\u0259r.<\/p>\n","protected":false},"excerpt":{"rendered":"<p>Prezident\u00a0\u0130lham \u018fliyev\u00a0Xank\u0259ndi \u015f\u0259h\u0259rind\u0259 Elm v\u0259 T\u0259hsil Nazirliyinin tabeliyind\u0259 olan \u201cQaraba\u011f Universiteti\u201d publik h\u00fcquqi \u015f\u0259xsin yarad\u0131lmas\u0131 bar\u0259d\u0259\u00a0s\u0259r\u0259ncam\u00a0imzalay\u0131b. S\u0259r\u0259ncamda xat\u0131rlad\u0131l\u0131r ki, Qaraba\u011f regionunda ali t\u0259hsil \u0259n\u0259n\u0259si tarix\u0259n m\u00f6vcud olub. Burada ilk ali t\u0259hsil oca\u011f\u0131 1969-cu ild\u0259 Az\u0259rbaycan Pedaqoji \u0130nstitutunun filial\u0131 kimi qurulub, 1973-c\u00fc ild\u0259n 1988-ci il\u0259d\u0259k ali t\u0259hsil m\u00fc\u0259ssis\u0259si kimi f\u0259aliyy\u0259t g\u00f6st\u0259rib, \u0259razil\u0259rimizin i\u015f\u011fal\u0131 d\u00f6vr\u00fcnd\u0259 is\u0259 f\u0259aliyy\u0259tini dayand\u0131r\u0131b. Qaraba\u011f Universitetinin yarad\u0131lmas\u0131 i\u015f\u011faldan azad edilmi\u015f \u0259razil\u0259rin iqtisadi potensial\u0131n\u0131 kadr \u0259sasl\u0131 t\u0259yinatlarla y\u00fcks\u0259ltm\u0259y\u0259 hesablan\u0131b. Bel\u0259 ki, Qaraba\u011f v\u0259 \u015e\u0259rqi Z\u0259ng\u0259zur iqtisadi rayonlar\u0131nda apar\u0131lan b\u0259rpa-quruculuq i\u015fl\u0259ri, el\u0259c\u0259 d\u0259 \u0259m\u0259k bazar\u0131n\u0131n t\u0259l\u0259bl\u0259ri regionda y\u00fcks\u0259kixtisasl\u0131 kadrlar\u0131n haz\u0131rl\u0131\u011f\u0131n\u0131&hellip;<\/p>\n","protected":false},"author":2,"featured_media":662248,"comment_status":"closed","ping_status":"closed","sticky":false,"template":"","format":"standard","meta":{"om_disable_all_campaigns":false,"_monsterinsights_skip_tracking":false,"_monsterinsights_sitenote_active":false,"_monsterinsights_sitenote_note":"","_monsterinsights_sitenote_category":0},"categories":[4],"tags":[],"aioseo_notices":[],"gutentor_comment":0,"rttpg_featured_image_url":{"full":["https:\/\/arantv.az\/wp-content\/uploads\/2023\/11\/410690803_0_318_3076_2048_2072x0_60_0_0_37437bf8bc63cb5e4a6baf9060bd894e.jpg",620,413,false],"landscape":["https:\/\/arantv.az\/wp-content\/uploads\/2023\/11\/410690803_0_318_3076_2048_2072x0_60_0_0_37437bf8bc63cb5e4a6baf9060bd894e.jpg",620,413,false],"portraits":["https:\/\/arantv.az\/wp-content\/uploads\/2023\/11\/410690803_0_318_3076_2048_2072x0_60_0_0_37437bf8bc63cb5e4a6baf9060bd894e.jpg",620,413,false],"thumbnail":["https:\/\/arantv.az\/wp-content\/uploads\/2023\/11\/410690803_0_318_3076_2048_2072x0_60_0_0_37437bf8bc63cb5e4a6baf9060bd894e-500x280.jpg",500,280,true],"medium":["https:\/\/arantv.az\/wp-content\/uploads\/2023\/11\/410690803_0_318_3076_2048_2072x0_60_0_0_37437bf8bc63cb5e4a6baf9060bd894e-548x365.jpg",548,365,true],"large":["https:\/\/arantv.az\/wp-content\/uploads\/2023\/11\/410690803_0_318_3076_2048_2072x0_60_0_0_37437bf8bc63cb5e4a6baf9060bd894e.jpg",620,413,false],"1536x1536":["https:\/\/arantv.az\/wp-content\/uploads\/2023\/11\/410690803_0_318_3076_2048_2072x0_60_0_0_37437bf8bc63cb5e4a6baf9060bd894e.jpg",620,413,false],"2048x2048":["https:\/\/arantv.az\/wp-content\/uploads\/2023\/11\/410690803_0_318_3076_2048_2072x0_60_0_0_37437bf8bc63cb5e4a6baf9060bd894e.jpg",620,413,false],"post-thumbnail":["https:\/\/arantv.az\/wp-content\/uploads\/2023\/11\/410690803_0_318_3076_2048_2072x0_60_0_0_37437bf8bc63cb5e4a6baf9060bd894e-240x172.jpg",240,172,true],"advps-thumb-one":["https:\/\/arantv.az\/wp-content\/uploads\/2023\/11\/410690803_0_318_3076_2048_2072x0_60_0_0_37437bf8bc63cb5e4a6baf9060bd894e.jpg",620,413,false]},"rttpg_author":{"display_name":"V\u00fcsal Rafiqo\u011flu","author_link":"https:\/\/arantv.az\/?author=2"},"rttpg_comment":0,"rttpg_category":"<a href=\"https:\/\/arantv.az\/?cat=4\" rel=\"category\">Siyas\u0259t<\/a>","rttpg_excerpt":"Prezident\u00a0\u0130lham \u018fliyev\u00a0Xank\u0259ndi \u015f\u0259h\u0259rind\u0259 Elm v\u0259 T\u0259hsil Nazirliyinin tabeliyind\u0259 olan \u201cQaraba\u011f Universiteti\u201d publik h\u00fcquqi \u015f\u0259xsin yarad\u0131lmas\u0131 bar\u0259d\u0259\u00a0s\u0259r\u0259ncam\u00a0imzalay\u0131b. S\u0259r\u0259ncamda xat\u0131rlad\u0131l\u0131r ki, Qaraba\u011f regionunda ali t\u0259hsil \u0259n\u0259n\u0259si tarix\u0259n m\u00f6vcud olub. Burada ilk ali t\u0259hsil oca\u011f\u0131 1969-cu ild\u0259 Az\u0259rbaycan Pedaqoji \u0130nstitutunun filial\u0131 kimi qurulub, 1973-c\u00fc ild\u0259n 1988-ci il\u0259d\u0259k ali t\u0259hsil m\u00fc\u0259ssis\u0259si kimi f\u0259aliyy\u0259t g\u00f6st\u0259rib, \u0259razil\u0259rimizin i\u015f\u011fal\u0131 d\u00f6vr\u00fcnd\u0259 is\u0259 f\u0259aliyy\u0259tini&hellip;","_links":{"self":[{"href":"https:\/\/arantv.az\/index.php?rest_route=\/wp\/v2\/posts\/662247"}],"collection":[{"href":"https:\/\/arantv.az\/index.php?rest_route=\/wp\/v2\/posts"}],"about":[{"href":"https:\/\/arantv.az\/index.php?rest_route=\/wp\/v2\/types\/post"}],"author":[{"embeddable":true,"href":"https:\/\/arantv.az\/index.php?rest_route=\/wp\/v2\/users\/2"}],"replies":[{"embeddable":true,"href":"https:\/\/arantv.az\/index.php?rest_route=%2Fwp%2Fv2%2Fcomments&post=662247"}],"version-history":[{"count":0,"href":"https:\/\/arantv.az\/index.php?rest_route=\/wp\/v2\/posts\/662247\/revisions"}],"wp:featuredmedia":[{"embeddable":true,"href":"https:\/\/arantv.az\/index.php?rest_route=\/wp\/v2\/media\/662248"}],"wp:attachment":[{"href":"https:\/\/arantv.az\/index.php?rest_route=%2Fwp%2Fv2%2Fmedia&parent=662247"}],"wp:term":[{"taxonomy":"category","embeddable":true,"href":"https:\/\/arantv.az\/index.php?rest_route=%2Fwp%2Fv2%2Fcategories&post=662247"},{"taxonomy":"post_tag","embeddable":true,"href":"https:\/\/arantv.az\/index.php?rest_route=%2Fwp%2Fv2%2Ftags&post=662247"}],"curies":[{"name":"wp","href":"https:\/\/api.w.org\/{rel}","templated":true}]}}