{"id":662252,"date":"2023-11-28T18:00:37","date_gmt":"2023-11-28T14:00:37","guid":{"rendered":"https:\/\/arantv.az\/?p=662252"},"modified":"2023-11-28T18:00:37","modified_gmt":"2023-11-28T14:00:37","slug":"britaniyali-ekspert-az%c9%99rbaycan-minat%c9%99mizl%c9%99m%c9%99-m%c9%99s%c9%99l%c9%99sind%c9%99-bir-cox-olk%c9%99l%c9%99r%c9%99-orn%c9%99k-ola-bil%c9%99r","status":"publish","type":"post","link":"https:\/\/arantv.az\/?p=662252","title":{"rendered":"Britaniyal\u0131 ekspert: \u201cAz\u0259rbaycan minat\u0259mizl\u0259m\u0259 m\u0259s\u0259l\u0259sind\u0259 bir \u00e7ox \u00f6lk\u0259l\u0259r\u0259 \u00f6rn\u0259k ola bil\u0259r\u201d"},"content":{"rendered":"<p>\u201cAz\u0259rbaycan minat\u0259mizl\u0259m\u0259 m\u0259s\u0259l\u0259sind\u0259 bir \u00e7ox \u00f6lk\u0259l\u0259r\u0259 \u00f6rn\u0259k ola bil\u0259r, bu, h\u0259r \u015feyin d\u00fczg\u00fcn apar\u0131lmas\u0131na n\u00fcmun\u0259dir\u201d.<\/p>\n<p>Bunu \u201cReport\u201da a\u00e7\u0131qlamas\u0131nda \u201cRevive\u201d minalarla m\u00fcbariz\u0259 \u00fczr\u0259 qeyri-h\u00f6kum\u0259t t\u0259\u015fkilat\u0131n\u0131n (B\u00f6y\u00fck Britaniya) direktoru Naycel Ellvey m\u0259lumat verib.<\/p>\n<p>Onun s\u00f6zl\u0259rin\u0259 g\u00f6r\u0259, Az\u0259rbaycan \u00fc\u00e7\u00fcn \u0259sas prioritet m\u0259cburi k\u00f6\u00e7k\u00fcnl\u0259rin t\u0259hl\u00fck\u0259siz qay\u0131tmas\u0131n\u0131 t\u0259min etm\u0259kdir v\u0259 h\u00f6kum\u0259t bu m\u0259qs\u0259d\u0259 nail olmaq \u00fc\u00e7\u00fcn f\u0259al i\u015fl\u0259yir:<\/p>\n<p>\u201cBu g\u00fcn insanlar\u0131n t\u0259hl\u00fck\u0259siz \u015f\u0259kild\u0259 geri qay\u0131tmas\u0131n\u0131 t\u0259min etm\u0259k laz\u0131md\u0131r. \u018fg\u0259r onlar\u0131n qay\u0131d\u0131\u015f\u0131 yaln\u0131z bu evl\u0259rl\u0259 m\u0259hdudla\u015facaqsa, m\u0259cburi k\u00f6\u00e7k\u00fcnl\u0259rin \u00f6z evl\u0259rin\u0259 qay\u0131tmas\u0131n\u0131n m\u0259nas\u0131 yoxdur\u201d.<\/p>\n<p>\u201cM\u0259nim Az\u0259rbaycana g\u0259lm\u0259yimin s\u0259b\u0259bi ondan ibar\u0259tdir ki, \u00f6lk\u0259nizd\u0259 postm\u00fcnaqi\u015f\u0259 d\u00f6vr\u00fcnd\u0259 nec\u0259 d\u00fczg\u00fcn h\u0259r\u0259k\u0259t edilm\u0259li oldu\u011funu g\u00f6rm\u0259k m\u00fcmk\u00fcnd\u00fcr. \u00dcmid edir\u0259m ki, \u00e7oxlar\u0131 bu t\u0259cr\u00fcb\u0259ni \u00f6yr\u0259n\u0259 bil\u0259r v\u0259 daha sonra bu, Ukrayna kimi yerl\u0259rd\u0259 t\u0259tbiq oluna bil\u0259r. \u018fslind\u0259, bu t\u0259cr\u00fcb\u0259 m\u00fcnaqi\u015f\u0259 ba\u015fa \u00e7atd\u0131qda n\u0259l\u0259rin ba\u015f verdiyini anlama\u011fa k\u00f6m\u0259k ed\u0259c\u0259k: \u0259raziy\u0259 qay\u0131tmaq, minalar\u0131 v\u0259 partlamam\u0131\u015f h\u0259rbi sursatlar\u0131 t\u0259mizl\u0259m\u0259k, sonra is\u0259 da\u011f\u0131lm\u0131\u015f infrastrukturun b\u0259rpas\u0131na ba\u015flamaq laz\u0131md\u0131r\u201d, &#8211; o vur\u011fulay\u0131b.<\/p>\n","protected":false},"excerpt":{"rendered":"<p>\u201cAz\u0259rbaycan minat\u0259mizl\u0259m\u0259 m\u0259s\u0259l\u0259sind\u0259 bir \u00e7ox \u00f6lk\u0259l\u0259r\u0259 \u00f6rn\u0259k ola bil\u0259r, bu, h\u0259r \u015feyin d\u00fczg\u00fcn apar\u0131lmas\u0131na n\u00fcmun\u0259dir\u201d. Bunu \u201cReport\u201da a\u00e7\u0131qlamas\u0131nda \u201cRevive\u201d minalarla m\u00fcbariz\u0259 \u00fczr\u0259 qeyri-h\u00f6kum\u0259t t\u0259\u015fkilat\u0131n\u0131n (B\u00f6y\u00fck Britaniya) direktoru Naycel Ellvey m\u0259lumat verib. Onun s\u00f6zl\u0259rin\u0259 g\u00f6r\u0259, Az\u0259rbaycan \u00fc\u00e7\u00fcn \u0259sas prioritet m\u0259cburi k\u00f6\u00e7k\u00fcnl\u0259rin t\u0259hl\u00fck\u0259siz qay\u0131tmas\u0131n\u0131 t\u0259min etm\u0259kdir v\u0259 h\u00f6kum\u0259t bu m\u0259qs\u0259d\u0259 nail olmaq \u00fc\u00e7\u00fcn f\u0259al i\u015fl\u0259yir: \u201cBu g\u00fcn insanlar\u0131n t\u0259hl\u00fck\u0259siz \u015f\u0259kild\u0259 geri qay\u0131tmas\u0131n\u0131 t\u0259min etm\u0259k laz\u0131md\u0131r. \u018fg\u0259r onlar\u0131n qay\u0131d\u0131\u015f\u0131 yaln\u0131z bu evl\u0259rl\u0259 m\u0259hdudla\u015facaqsa, m\u0259cburi k\u00f6\u00e7k\u00fcnl\u0259rin \u00f6z evl\u0259rin\u0259 qay\u0131tmas\u0131n\u0131n m\u0259nas\u0131 yoxdur\u201d. \u201cM\u0259nim Az\u0259rbaycana g\u0259lm\u0259yimin s\u0259b\u0259bi ondan ibar\u0259tdir ki, \u00f6lk\u0259nizd\u0259 postm\u00fcnaqi\u015f\u0259 d\u00f6vr\u00fcnd\u0259 nec\u0259 d\u00fczg\u00fcn h\u0259r\u0259k\u0259t&hellip;<\/p>\n","protected":false},"author":2,"featured_media":662253,"comment_status":"closed","ping_status":"closed","sticky":false,"template":"","format":"standard","meta":{"om_disable_all_campaigns":false,"_monsterinsights_skip_tracking":false,"_monsterinsights_sitenote_active":false,"_monsterinsights_sitenote_note":"","_monsterinsights_sitenote_category":0},"categories":[4],"tags":[],"aioseo_notices":[],"gutentor_comment":0,"rttpg_featured_image_url":{"full":["https:\/\/arantv.az\/wp-content\/uploads\/2023\/11\/7d9b1b47-a7f0-3d11-96db-b61c5d2c7d54_850.jpg",620,413,false],"landscape":["https:\/\/arantv.az\/wp-content\/uploads\/2023\/11\/7d9b1b47-a7f0-3d11-96db-b61c5d2c7d54_850.jpg",620,413,false],"portraits":["https:\/\/arantv.az\/wp-content\/uploads\/2023\/11\/7d9b1b47-a7f0-3d11-96db-b61c5d2c7d54_850.jpg",620,413,false],"thumbnail":["https:\/\/arantv.az\/wp-content\/uploads\/2023\/11\/7d9b1b47-a7f0-3d11-96db-b61c5d2c7d54_850-500x280.jpg",500,280,true],"medium":["https:\/\/arantv.az\/wp-content\/uploads\/2023\/11\/7d9b1b47-a7f0-3d11-96db-b61c5d2c7d54_850-548x365.jpg",548,365,true],"large":["https:\/\/arantv.az\/wp-content\/uploads\/2023\/11\/7d9b1b47-a7f0-3d11-96db-b61c5d2c7d54_850.jpg",620,413,false],"1536x1536":["https:\/\/arantv.az\/wp-content\/uploads\/2023\/11\/7d9b1b47-a7f0-3d11-96db-b61c5d2c7d54_850.jpg",620,413,false],"2048x2048":["https:\/\/arantv.az\/wp-content\/uploads\/2023\/11\/7d9b1b47-a7f0-3d11-96db-b61c5d2c7d54_850.jpg",620,413,false],"post-thumbnail":["https:\/\/arantv.az\/wp-content\/uploads\/2023\/11\/7d9b1b47-a7f0-3d11-96db-b61c5d2c7d54_850-240x172.jpg",240,172,true],"advps-thumb-one":["https:\/\/arantv.az\/wp-content\/uploads\/2023\/11\/7d9b1b47-a7f0-3d11-96db-b61c5d2c7d54_850.jpg",620,413,false]},"rttpg_author":{"display_name":"V\u00fcsal Rafiqo\u011flu","author_link":"https:\/\/arantv.az\/?author=2"},"rttpg_comment":0,"rttpg_category":"<a href=\"https:\/\/arantv.az\/?cat=4\" rel=\"category\">Siyas\u0259t<\/a>","rttpg_excerpt":"\u201cAz\u0259rbaycan minat\u0259mizl\u0259m\u0259 m\u0259s\u0259l\u0259sind\u0259 bir \u00e7ox \u00f6lk\u0259l\u0259r\u0259 \u00f6rn\u0259k ola bil\u0259r, bu, h\u0259r \u015feyin d\u00fczg\u00fcn apar\u0131lmas\u0131na n\u00fcmun\u0259dir\u201d. Bunu \u201cReport\u201da a\u00e7\u0131qlamas\u0131nda \u201cRevive\u201d minalarla m\u00fcbariz\u0259 \u00fczr\u0259 qeyri-h\u00f6kum\u0259t t\u0259\u015fkilat\u0131n\u0131n (B\u00f6y\u00fck Britaniya) direktoru Naycel Ellvey m\u0259lumat verib. Onun s\u00f6zl\u0259rin\u0259 g\u00f6r\u0259, Az\u0259rbaycan \u00fc\u00e7\u00fcn \u0259sas prioritet m\u0259cburi k\u00f6\u00e7k\u00fcnl\u0259rin t\u0259hl\u00fck\u0259siz qay\u0131tmas\u0131n\u0131 t\u0259min etm\u0259kdir v\u0259 h\u00f6kum\u0259t bu m\u0259qs\u0259d\u0259 nail olmaq \u00fc\u00e7\u00fcn f\u0259al i\u015fl\u0259yir: \u201cBu g\u00fcn&hellip;","_links":{"self":[{"href":"https:\/\/arantv.az\/index.php?rest_route=\/wp\/v2\/posts\/662252"}],"collection":[{"href":"https:\/\/arantv.az\/index.php?rest_route=\/wp\/v2\/posts"}],"about":[{"href":"https:\/\/arantv.az\/index.php?rest_route=\/wp\/v2\/types\/post"}],"author":[{"embeddable":true,"href":"https:\/\/arantv.az\/index.php?rest_route=\/wp\/v2\/users\/2"}],"replies":[{"embeddable":true,"href":"https:\/\/arantv.az\/index.php?rest_route=%2Fwp%2Fv2%2Fcomments&post=662252"}],"version-history":[{"count":0,"href":"https:\/\/arantv.az\/index.php?rest_route=\/wp\/v2\/posts\/662252\/revisions"}],"wp:featuredmedia":[{"embeddable":true,"href":"https:\/\/arantv.az\/index.php?rest_route=\/wp\/v2\/media\/662253"}],"wp:attachment":[{"href":"https:\/\/arantv.az\/index.php?rest_route=%2Fwp%2Fv2%2Fmedia&parent=662252"}],"wp:term":[{"taxonomy":"category","embeddable":true,"href":"https:\/\/arantv.az\/index.php?rest_route=%2Fwp%2Fv2%2Fcategories&post=662252"},{"taxonomy":"post_tag","embeddable":true,"href":"https:\/\/arantv.az\/index.php?rest_route=%2Fwp%2Fv2%2Ftags&post=662252"}],"curies":[{"name":"wp","href":"https:\/\/api.w.org\/{rel}","templated":true}]}}