{"id":662263,"date":"2023-11-28T18:02:30","date_gmt":"2023-11-28T14:02:30","guid":{"rendered":"https:\/\/arantv.az\/?p=662263"},"modified":"2023-11-28T18:02:30","modified_gmt":"2023-11-28T14:02:30","slug":"sumqayitda-gull%c9%99l%c9%99nm%c9%99-hadis%c9%99sind%c9%99-yaralanan-turkiy%c9%99-v%c9%99t%c9%99ndasi-olub","status":"publish","type":"post","link":"https:\/\/arantv.az\/?p=662263","title":{"rendered":"Sumqay\u0131tda g\u00fcll\u0259l\u0259nm\u0259 hadis\u0259sind\u0259 yaralanan T\u00fcrkiy\u0259 v\u0259t\u0259nda\u015f\u0131 \u00f6l\u00fcb"},"content":{"rendered":"<p>Sumqay\u0131tda g\u00fcll\u0259l\u0259nm\u0259 hadis\u0259sind\u0259 yaralanan T\u00fcrkiy\u0259 v\u0259t\u0259nda\u015f\u0131 bu g\u00fcn \u00f6l\u00fcb.<\/p>\n<p>\u201cReport\u201d x\u0259b\u0259r verir ki, \u00f6t\u0259n ay Sumqay\u0131tda silahl\u0131 basq\u0131n zaman\u0131 yaralanan T\u00fcrkiy\u0259 v\u0259t\u0259nda\u015f\u0131 S\u0259rkan Karaka\u015f bu g\u00fcn x\u0259st\u0259xanada v\u0259fat edib.<\/p>\n<p>S.Karaka\u015f \u00f6t\u0259n g\u00fcn ax\u015fam saatlar\u0131nda T\u00fcrkiy\u0259d\u0259ki x\u0259st\u0259xanalardan birin\u0259 k\u00f6\u00e7\u00fcr\u00fclm\u00fc\u015fd\u00fc.<\/p>\n<p>Xat\u0131rladaq ki, oktyabr\u0131n 28-d\u0259 saat 05:50 rad\u0259l\u0259rind\u0259 Sumqay\u0131t \u015f\u0259h\u0259rinin Corat ba\u011flar\u0131 ya\u015fay\u0131\u015f massivind\u0259 yerl\u0259\u015f\u0259n f\u0259rdi ya\u015fay\u0131\u015f evl\u0259rind\u0259n birind\u0259 odlu silahdan a\u00e7\u0131lan\u00a0at\u0259\u015f n\u0259tic\u0259sind\u0259 iki\u00a0n\u0259f\u0259r &#8211; Susana Karaka\u015f v\u0259 Da\u011fb\u0259yi F\u0259r\u0259cov \u00f6l\u00fcb, d\u00f6rd\u00a0n\u0259f\u0259r is\u0259 x\u0259sar\u0259t al\u0131b.<\/p>\n","protected":false},"excerpt":{"rendered":"<p>Sumqay\u0131tda g\u00fcll\u0259l\u0259nm\u0259 hadis\u0259sind\u0259 yaralanan T\u00fcrkiy\u0259 v\u0259t\u0259nda\u015f\u0131 bu g\u00fcn \u00f6l\u00fcb. \u201cReport\u201d x\u0259b\u0259r verir ki, \u00f6t\u0259n ay Sumqay\u0131tda silahl\u0131 basq\u0131n zaman\u0131 yaralanan T\u00fcrkiy\u0259 v\u0259t\u0259nda\u015f\u0131 S\u0259rkan Karaka\u015f bu g\u00fcn x\u0259st\u0259xanada v\u0259fat edib. S.Karaka\u015f \u00f6t\u0259n g\u00fcn ax\u015fam saatlar\u0131nda T\u00fcrkiy\u0259d\u0259ki x\u0259st\u0259xanalardan birin\u0259 k\u00f6\u00e7\u00fcr\u00fclm\u00fc\u015fd\u00fc. Xat\u0131rladaq ki, oktyabr\u0131n 28-d\u0259 saat 05:50 rad\u0259l\u0259rind\u0259 Sumqay\u0131t \u015f\u0259h\u0259rinin Corat ba\u011flar\u0131 ya\u015fay\u0131\u015f massivind\u0259 yerl\u0259\u015f\u0259n f\u0259rdi ya\u015fay\u0131\u015f evl\u0259rind\u0259n birind\u0259 odlu silahdan a\u00e7\u0131lan\u00a0at\u0259\u015f n\u0259tic\u0259sind\u0259 iki\u00a0n\u0259f\u0259r &#8211; Susana Karaka\u015f v\u0259 Da\u011fb\u0259yi F\u0259r\u0259cov \u00f6l\u00fcb, d\u00f6rd\u00a0n\u0259f\u0259r is\u0259 x\u0259sar\u0259t al\u0131b.<\/p>\n","protected":false},"author":2,"featured_media":662264,"comment_status":"closed","ping_status":"closed","sticky":false,"template":"","format":"standard","meta":{"om_disable_all_campaigns":false,"_monsterinsights_skip_tracking":false,"_monsterinsights_sitenote_active":false,"_monsterinsights_sitenote_note":"","_monsterinsights_sitenote_category":0},"categories":[5],"tags":[],"aioseo_notices":[],"gutentor_comment":0,"rttpg_featured_image_url":{"full":["https:\/\/arantv.az\/wp-content\/uploads\/2023\/11\/SUM.jpg",620,413,false],"landscape":["https:\/\/arantv.az\/wp-content\/uploads\/2023\/11\/SUM.jpg",620,413,false],"portraits":["https:\/\/arantv.az\/wp-content\/uploads\/2023\/11\/SUM.jpg",620,413,false],"thumbnail":["https:\/\/arantv.az\/wp-content\/uploads\/2023\/11\/SUM-500x280.jpg",500,280,true],"medium":["https:\/\/arantv.az\/wp-content\/uploads\/2023\/11\/SUM-548x365.jpg",548,365,true],"large":["https:\/\/arantv.az\/wp-content\/uploads\/2023\/11\/SUM.jpg",620,413,false],"1536x1536":["https:\/\/arantv.az\/wp-content\/uploads\/2023\/11\/SUM.jpg",620,413,false],"2048x2048":["https:\/\/arantv.az\/wp-content\/uploads\/2023\/11\/SUM.jpg",620,413,false],"post-thumbnail":["https:\/\/arantv.az\/wp-content\/uploads\/2023\/11\/SUM-240x172.jpg",240,172,true],"advps-thumb-one":["https:\/\/arantv.az\/wp-content\/uploads\/2023\/11\/SUM.jpg",620,413,false]},"rttpg_author":{"display_name":"V\u00fcsal Rafiqo\u011flu","author_link":"https:\/\/arantv.az\/?author=2"},"rttpg_comment":0,"rttpg_category":"<a href=\"https:\/\/arantv.az\/?cat=5\" rel=\"category\">Hadis\u0259<\/a>","rttpg_excerpt":"Sumqay\u0131tda g\u00fcll\u0259l\u0259nm\u0259 hadis\u0259sind\u0259 yaralanan T\u00fcrkiy\u0259 v\u0259t\u0259nda\u015f\u0131 bu g\u00fcn \u00f6l\u00fcb. \u201cReport\u201d x\u0259b\u0259r verir ki, \u00f6t\u0259n ay Sumqay\u0131tda silahl\u0131 basq\u0131n zaman\u0131 yaralanan T\u00fcrkiy\u0259 v\u0259t\u0259nda\u015f\u0131 S\u0259rkan Karaka\u015f bu g\u00fcn x\u0259st\u0259xanada v\u0259fat edib. S.Karaka\u015f \u00f6t\u0259n g\u00fcn ax\u015fam saatlar\u0131nda T\u00fcrkiy\u0259d\u0259ki x\u0259st\u0259xanalardan birin\u0259 k\u00f6\u00e7\u00fcr\u00fclm\u00fc\u015fd\u00fc. Xat\u0131rladaq ki, oktyabr\u0131n 28-d\u0259 saat 05:50 rad\u0259l\u0259rind\u0259 Sumqay\u0131t \u015f\u0259h\u0259rinin Corat ba\u011flar\u0131 ya\u015fay\u0131\u015f massivind\u0259 yerl\u0259\u015f\u0259n f\u0259rdi ya\u015fay\u0131\u015f evl\u0259rind\u0259n&hellip;","_links":{"self":[{"href":"https:\/\/arantv.az\/index.php?rest_route=\/wp\/v2\/posts\/662263"}],"collection":[{"href":"https:\/\/arantv.az\/index.php?rest_route=\/wp\/v2\/posts"}],"about":[{"href":"https:\/\/arantv.az\/index.php?rest_route=\/wp\/v2\/types\/post"}],"author":[{"embeddable":true,"href":"https:\/\/arantv.az\/index.php?rest_route=\/wp\/v2\/users\/2"}],"replies":[{"embeddable":true,"href":"https:\/\/arantv.az\/index.php?rest_route=%2Fwp%2Fv2%2Fcomments&post=662263"}],"version-history":[{"count":0,"href":"https:\/\/arantv.az\/index.php?rest_route=\/wp\/v2\/posts\/662263\/revisions"}],"wp:featuredmedia":[{"embeddable":true,"href":"https:\/\/arantv.az\/index.php?rest_route=\/wp\/v2\/media\/662264"}],"wp:attachment":[{"href":"https:\/\/arantv.az\/index.php?rest_route=%2Fwp%2Fv2%2Fmedia&parent=662263"}],"wp:term":[{"taxonomy":"category","embeddable":true,"href":"https:\/\/arantv.az\/index.php?rest_route=%2Fwp%2Fv2%2Fcategories&post=662263"},{"taxonomy":"post_tag","embeddable":true,"href":"https:\/\/arantv.az\/index.php?rest_route=%2Fwp%2Fv2%2Ftags&post=662263"}],"curies":[{"name":"wp","href":"https:\/\/api.w.org\/{rel}","templated":true}]}}