{"id":662265,"date":"2023-11-28T18:03:05","date_gmt":"2023-11-28T14:03:05","guid":{"rendered":"https:\/\/arantv.az\/?p=662265"},"modified":"2023-11-28T18:03:05","modified_gmt":"2023-11-28T14:03:05","slug":"qarabag-universiteti-az%c9%99rbaycan-t%c9%99hsilind%c9%99-v%c9%99-dunya-reytinql%c9%99rind%c9%99-on%c9%99-cixacaq-s%c9%99rh-foto","status":"publish","type":"post","link":"https:\/\/arantv.az\/?p=662265","title":{"rendered":"\u201cQaraba\u011f Universiteti Az\u0259rbaycan t\u0259hsilind\u0259 v\u0259 d\u00fcnya reytinql\u0259rind\u0259 \u00f6n\u0259 \u00e7\u0131xacaq\u201d &#8211; \u015e\u018fRH + FOTO"},"content":{"rendered":"<p>Prezident\u00a0<strong>\u0130lham \u018fliyev<\/strong>\u00a0Xank\u0259ndi \u015f\u0259h\u0259rind\u0259 Qaraba\u011f Universitetinin yarad\u0131lmas\u0131 haqq\u0131nda s\u0259r\u0259ncam imzalay\u0131b.<\/p>\n<p>S\u0259r\u0259ncama \u0259sas\u0259n, regionun sosial-iqtisadi ehtiyaclar\u0131na uy\u011fun y\u00fcks\u0259kixtisasl\u0131 kadr t\u0259l\u0259bat\u0131n\u0131n \u00f6d\u0259nilm\u0259si v\u0259 tarix\u0259n m\u00f6vcud olmu\u015f t\u0259hsil \u0259n\u0259n\u0259l\u0259rinin ya\u015fad\u0131lmas\u0131 m\u0259qs\u0259dil\u0259 Xank\u0259ndi \u015f\u0259h\u0259rind\u0259 yerl\u0259\u015f\u0259n ali t\u0259hsil m\u00fc\u0259ssis\u0259sinin \u0259sas\u0131nda Az\u0259rbaycan Respublikas\u0131 Elm v\u0259 T\u0259hsil Nazirliyinin tabeliyind\u0259 \u201cQaraba\u011f Universiteti\u201d publik h\u00fcquqi \u015f\u0259xs yarad\u0131l\u0131r.<\/p>\n<p>Qaraba\u011f Universitetinin yarad\u0131lmas\u0131n\u0131n \u0259h\u0259miyy\u0259ti haqq\u0131nda\u00a0<strong>Oxu.Az<\/strong>-a dan\u0131\u015fan Milli M\u0259clisin Elm v\u0259 t\u0259hsil komit\u0259sinin \u00fczv\u00fc\u00a0<strong>Ceyhun M\u0259mm\u0259dov\u00a0<\/strong>d\u00fc\u015f\u00fcn\u00fcr ki, bu q\u0259rar h\u0259m q\u0259l\u0259b\u0259mizin m\u00f6hk\u0259ml\u0259ndirilm\u0259si, h\u0259m regionlarda, x\u00fcsusil\u0259 azad edilmi\u015f \u0259razil\u0259rimizd\u0259 t\u0259hsilimizin inki\u015faf\u0131 \u00fc\u00e7\u00fcn vacib idi:<\/p>\n<p>&nbsp;<\/p>\n<div class=\"gallery\">\n<div class=\"gallery-i\"><img src=\"https:\/\/cdn.oxu.az\/uploads\/W1siZiIsIjIwMjMvMTEvMjgvMTQvMTcvMTcvYmI1MDQ1MjAtMmU1Mi00YTQwLWFmNDUtMDY0ZGM3YmVlMTI2L2NleWh1bi5qcGciXSxbInAiLCJlbmNvZGUiLCJqcGciLCItcXVhbGl0eSA4MCJdLFsicCIsInRodW1iIiwiNTkweDU5MFx1MDAzZSJdXQ?sha=1de5b4bd8dffdf98\" alt=\"\" \/><\/p>\n<div class=\"gallery-i-caption\"><\/div>\n<\/div>\n<\/div>\n<p>\u201cTarixi \u0259dal\u0259tin b\u0259rpa olunmas\u0131 bax\u0131m\u0131ndan Qaraba\u011f Universitetinin m\u0259hz Xank\u0259ndid\u0259 olmas\u0131 da x\u00fcsusi \u00f6n\u0259m da\u015f\u0131y\u0131r. Uzun m\u00fcdd\u0259tdir, Az\u0259rbaycan c\u0259miyy\u0259tind\u0259 bu t\u0259klifl\u0259r \u00fczr\u0259 geni\u015f m\u00fczakir\u0259l\u0259r apar\u0131l\u0131rd\u0131 v\u0259 c\u0259nab Prezident Az\u0259rbaycan xalq\u0131n\u0131n arzusunu n\u0259z\u0259r\u0259 alaraq bel\u0259 bir add\u0131m atd\u0131. Ona g\u00f6r\u0259 d\u0259 \u00f6lk\u0259 ba\u015f\u00e7\u0131s\u0131na t\u0259\u015f\u0259kk\u00fcr\u00fcm\u00fcz\u00fc bildiririk. \u0130nan\u0131r\u0131q ki, yax\u0131n vaxtda Qaraba\u011fda b\u00f6y\u00fck bir universitet yarad\u0131lacaq v\u0259 bu universitet Az\u0259rbaycan t\u0259hsilind\u0259 \u00f6z\u00fcn\u0259m\u0259xsus yer tutmaqla b\u0259rab\u0259r, d\u00fcnya reytinql\u0259rind\u0259 d\u0259 \u00f6n\u0259 \u00e7\u0131xacaq.<\/p>\n<p>Qaraba\u011f Universitetinin yarad\u0131lmas\u0131n\u0131n sosial, siyasi \u0259h\u0259miyy\u0259ti q\u0259d\u0259r m\u0259n\u0259vi, iqtisadi \u0259h\u0259miyy\u0259ti d\u0259 var. Biz Bak\u0131da universitetl\u0259rin \u00e7oxlu\u011fu il\u0259 ba\u011fl\u0131 s\u0131xl\u0131q m\u00fc\u015fahid\u0259 edildiyini tez-tez m\u00fczakir\u0259y\u0259 \u00e7\u0131xar\u0131r\u0131q. Hesab edir\u0259m, b\u00f6lg\u0259l\u0259rd\u0259 bu c\u00fcr universitetl\u0259rin yarad\u0131lmas\u0131 paytaxtdak\u0131 s\u0131xl\u0131\u011f\u0131 da aradan qald\u0131ra bil\u0259c\u0259k. M\u0259xsusi olaraq, Qaraba\u011f v\u0259 \u015e\u0259rqi Z\u0259ng\u0259zura B\u00f6y\u00fck Qay\u0131d\u0131\u015f\u0131n s\u00fcr\u0259tl\u0259nm\u0259sind\u0259 Qaraba\u011f Universitetinin y\u00fcks\u0259k rolu olacaq. \u0130nsanlar\u0131m\u0131z\u0131n b\u00f6lg\u0259l\u0259rd\u0259 t\u0259hsil alma\u011fa, \u00e7al\u0131\u015fma\u011fa \u00f6n\u0259mi art\u0131rmas\u0131 b\u00fct\u00f6vl\u00fckd\u0259 Az\u0259rbaycan t\u0259hsilinin v\u0259 elminin inki\u015faf\u0131nda m\u00fcsb\u0259t n\u0259tic\u0259l\u0259r\u0259 s\u0259b\u0259b olacaq\u201d.<\/p>\n","protected":false},"excerpt":{"rendered":"<p>Prezident\u00a0\u0130lham \u018fliyev\u00a0Xank\u0259ndi \u015f\u0259h\u0259rind\u0259 Qaraba\u011f Universitetinin yarad\u0131lmas\u0131 haqq\u0131nda s\u0259r\u0259ncam imzalay\u0131b. S\u0259r\u0259ncama \u0259sas\u0259n, regionun sosial-iqtisadi ehtiyaclar\u0131na uy\u011fun y\u00fcks\u0259kixtisasl\u0131 kadr t\u0259l\u0259bat\u0131n\u0131n \u00f6d\u0259nilm\u0259si v\u0259 tarix\u0259n m\u00f6vcud olmu\u015f t\u0259hsil \u0259n\u0259n\u0259l\u0259rinin ya\u015fad\u0131lmas\u0131 m\u0259qs\u0259dil\u0259 Xank\u0259ndi \u015f\u0259h\u0259rind\u0259 yerl\u0259\u015f\u0259n ali t\u0259hsil m\u00fc\u0259ssis\u0259sinin \u0259sas\u0131nda Az\u0259rbaycan Respublikas\u0131 Elm v\u0259 T\u0259hsil Nazirliyinin tabeliyind\u0259 \u201cQaraba\u011f Universiteti\u201d publik h\u00fcquqi \u015f\u0259xs yarad\u0131l\u0131r. Qaraba\u011f Universitetinin yarad\u0131lmas\u0131n\u0131n \u0259h\u0259miyy\u0259ti haqq\u0131nda\u00a0Oxu.Az-a dan\u0131\u015fan Milli M\u0259clisin Elm v\u0259 t\u0259hsil komit\u0259sinin \u00fczv\u00fc\u00a0Ceyhun M\u0259mm\u0259dov\u00a0d\u00fc\u015f\u00fcn\u00fcr ki, bu q\u0259rar h\u0259m q\u0259l\u0259b\u0259mizin m\u00f6hk\u0259ml\u0259ndirilm\u0259si, h\u0259m regionlarda, x\u00fcsusil\u0259 azad edilmi\u015f \u0259razil\u0259rimizd\u0259 t\u0259hsilimizin inki\u015faf\u0131 \u00fc\u00e7\u00fcn vacib idi: &nbsp; \u201cTarixi \u0259dal\u0259tin b\u0259rpa olunmas\u0131 bax\u0131m\u0131ndan Qaraba\u011f Universitetinin m\u0259hz Xank\u0259ndid\u0259 olmas\u0131 da&hellip;<\/p>\n","protected":false},"author":2,"featured_media":662267,"comment_status":"closed","ping_status":"closed","sticky":false,"template":"","format":"standard","meta":{"om_disable_all_campaigns":false,"_monsterinsights_skip_tracking":false,"_monsterinsights_sitenote_active":false,"_monsterinsights_sitenote_note":"","_monsterinsights_sitenote_category":0},"categories":[4],"tags":[],"aioseo_notices":[],"gutentor_comment":0,"rttpg_featured_image_url":{"full":["https:\/\/arantv.az\/wp-content\/uploads\/2023\/11\/xkx.jpg",620,413,false],"landscape":["https:\/\/arantv.az\/wp-content\/uploads\/2023\/11\/xkx.jpg",620,413,false],"portraits":["https:\/\/arantv.az\/wp-content\/uploads\/2023\/11\/xkx.jpg",620,413,false],"thumbnail":["https:\/\/arantv.az\/wp-content\/uploads\/2023\/11\/xkx-500x280.jpg",500,280,true],"medium":["https:\/\/arantv.az\/wp-content\/uploads\/2023\/11\/xkx-548x365.jpg",548,365,true],"large":["https:\/\/arantv.az\/wp-content\/uploads\/2023\/11\/xkx.jpg",620,413,false],"1536x1536":["https:\/\/arantv.az\/wp-content\/uploads\/2023\/11\/xkx.jpg",620,413,false],"2048x2048":["https:\/\/arantv.az\/wp-content\/uploads\/2023\/11\/xkx.jpg",620,413,false],"post-thumbnail":["https:\/\/arantv.az\/wp-content\/uploads\/2023\/11\/xkx-240x172.jpg",240,172,true],"advps-thumb-one":["https:\/\/arantv.az\/wp-content\/uploads\/2023\/11\/xkx.jpg",620,413,false]},"rttpg_author":{"display_name":"V\u00fcsal Rafiqo\u011flu","author_link":"https:\/\/arantv.az\/?author=2"},"rttpg_comment":0,"rttpg_category":"<a href=\"https:\/\/arantv.az\/?cat=4\" rel=\"category\">Siyas\u0259t<\/a>","rttpg_excerpt":"Prezident\u00a0\u0130lham \u018fliyev\u00a0Xank\u0259ndi \u015f\u0259h\u0259rind\u0259 Qaraba\u011f Universitetinin yarad\u0131lmas\u0131 haqq\u0131nda s\u0259r\u0259ncam imzalay\u0131b. S\u0259r\u0259ncama \u0259sas\u0259n, regionun sosial-iqtisadi ehtiyaclar\u0131na uy\u011fun y\u00fcks\u0259kixtisasl\u0131 kadr t\u0259l\u0259bat\u0131n\u0131n \u00f6d\u0259nilm\u0259si v\u0259 tarix\u0259n m\u00f6vcud olmu\u015f t\u0259hsil \u0259n\u0259n\u0259l\u0259rinin ya\u015fad\u0131lmas\u0131 m\u0259qs\u0259dil\u0259 Xank\u0259ndi \u015f\u0259h\u0259rind\u0259 yerl\u0259\u015f\u0259n ali t\u0259hsil m\u00fc\u0259ssis\u0259sinin \u0259sas\u0131nda Az\u0259rbaycan Respublikas\u0131 Elm v\u0259 T\u0259hsil Nazirliyinin tabeliyind\u0259 \u201cQaraba\u011f Universiteti\u201d publik h\u00fcquqi \u015f\u0259xs yarad\u0131l\u0131r. Qaraba\u011f Universitetinin yarad\u0131lmas\u0131n\u0131n \u0259h\u0259miyy\u0259ti haqq\u0131nda\u00a0Oxu.Az-a dan\u0131\u015fan Milli M\u0259clisin&hellip;","_links":{"self":[{"href":"https:\/\/arantv.az\/index.php?rest_route=\/wp\/v2\/posts\/662265"}],"collection":[{"href":"https:\/\/arantv.az\/index.php?rest_route=\/wp\/v2\/posts"}],"about":[{"href":"https:\/\/arantv.az\/index.php?rest_route=\/wp\/v2\/types\/post"}],"author":[{"embeddable":true,"href":"https:\/\/arantv.az\/index.php?rest_route=\/wp\/v2\/users\/2"}],"replies":[{"embeddable":true,"href":"https:\/\/arantv.az\/index.php?rest_route=%2Fwp%2Fv2%2Fcomments&post=662265"}],"version-history":[{"count":0,"href":"https:\/\/arantv.az\/index.php?rest_route=\/wp\/v2\/posts\/662265\/revisions"}],"wp:featuredmedia":[{"embeddable":true,"href":"https:\/\/arantv.az\/index.php?rest_route=\/wp\/v2\/media\/662267"}],"wp:attachment":[{"href":"https:\/\/arantv.az\/index.php?rest_route=%2Fwp%2Fv2%2Fmedia&parent=662265"}],"wp:term":[{"taxonomy":"category","embeddable":true,"href":"https:\/\/arantv.az\/index.php?rest_route=%2Fwp%2Fv2%2Fcategories&post=662265"},{"taxonomy":"post_tag","embeddable":true,"href":"https:\/\/arantv.az\/index.php?rest_route=%2Fwp%2Fv2%2Ftags&post=662265"}],"curies":[{"name":"wp","href":"https:\/\/api.w.org\/{rel}","templated":true}]}}