{"id":66227,"date":"2019-06-13T12:59:27","date_gmt":"2019-06-13T09:59:27","guid":{"rendered":"http:\/\/arantv.az\/?p=66227"},"modified":"2019-06-13T12:59:27","modified_gmt":"2019-06-13T09:59:27","slug":"deputat-sikay%c9%99tl%c9%99ndi-dem%c9%99li-d%c9%99yisiklik-olmayacaq","status":"publish","type":"post","link":"https:\/\/arantv.az\/?p=66227","title":{"rendered":"Deputat \u015e\u0130KAY\u018fTL\u018fND\u0130: Dem\u0259li d\u0259yi\u015fiklik olmayacaq"},"content":{"rendered":"<p>&#8220;Prezidentin f\u0259rman\u0131na \u0259sas\u0259n, yeni iqtisadi m\u0259hk\u0259m\u0259 g\u00f6mr\u00fck, vergi, s\u0131\u011forta \u00f6d\u0259ni\u015fl\u0259ri kimi m\u0259s\u0259l\u0259l\u0259r\u0259 baxmal\u0131 idi&#8221;.<\/p>\n<p><b>ARANTV.AZ<\/b>-\u0131n m\u0259lumat\u0131na g\u00f6r\u0259, bunu bu g\u00fcn Milli M\u0259clisin n\u00f6vb\u0259d\u0259nk\u0259nar sessiyas\u0131n\u0131n iclas\u0131nda mill\u0259t v\u0259kili Q\u00fcdr\u0259t H\u0259s\u0259nquliyev &#8220;M\u0259hk\u0259m\u0259l\u0259r v\u0259 hakiml\u0259r haqq\u0131nda&#8221; qanuna d\u0259yi\u015fikliyin m\u00fczakir\u0259si zaman\u0131 bildirib.<\/p>\n<div id=\"AdviadNativeVideo0\" class=\"AdviadNativeVideo\"><\/div>\n<p>Q.H\u0259s\u0259nquliyev qeyd edib ki, yen\u0259 d\u0259 g\u00f6mr\u00fck v\u0259 vergi m\u0259s\u0259l\u0259l\u0259rin\u0259 inzibati m\u0259hk\u0259m\u0259l\u0259r baxacaq: &#8220;Dem\u0259li, yeni bir d\u0259yi\u015fiklik olmayacaq. Niy\u0259 vergi, g\u00f6mr\u00fck, m\u0259cburi d\u00f6vl\u0259t s\u0131\u011fortas\u0131na kommersiya m\u0259hk\u0259m\u0259l\u0259ri baxmas\u0131n? Kommersiya m\u00fcbahis\u0259l\u0259rinin d\u0259 \u0259hat\u0259 dair\u0259si d\u0259qiql\u0259\u015fdirilm\u0259lidir. Dem\u0259li, sahibkarlar bundan sonra h\u0259m \u00fcmumi m\u0259hk\u0259m\u0259l\u0259r\u0259, h\u0259m inzibati m\u0259hk\u0259m\u0259l\u0259r\u0259, h\u0259m d\u0259 kommersiya m\u0259hk\u0259m\u0259l\u0259rin\u0259 m\u00fcraci\u0259t ed\u0259c\u0259k. Niy\u0259 3 m\u0259hk\u0259m\u0259y\u0259 m\u00fcraci\u0259t olmal\u0131d\u0131r? B\u00fct\u00fcn bu m\u0259s\u0259l\u0259l\u0259r\u0259 bir m\u0259hk\u0259m\u0259 &#8211; kommersiya m\u0259hk\u0259m\u0259si baxmal\u0131d\u0131r. Tahir K\u0259rimli kommersiya m\u0259hk\u0259m\u0259l\u0259rinin ad\u0131n\u0131n iqtisadi m\u0259hk\u0259m\u0259l\u0259r olmas\u0131n\u0131 t\u0259klif etdi. Yeni m\u0259hk\u0259m\u0259 yarad\u0131ld\u0131\u011f\u0131 \u00fc\u00e7\u00fcn ad\u0131 kommersiya m\u0259hk\u0259m\u0259l\u0259ri d\u0259 ola bil\u0259r. Ancaq kommersiya m\u0259hk\u0259m\u0259l\u0259ri sahibkarl\u0131qla ba\u011fl\u0131 b\u00fct\u00fcn m\u0259s\u0259l\u0259l\u0259r\u0259 baxmal\u0131d\u0131r. \u0130nan\u0131ram ki, n\u00f6vb\u0259ti oxunu\u015fa q\u0259d\u0259r bu m\u0259s\u0259l\u0259y\u0259 bax\u0131lacaq&#8221;.sonxeber.az<\/p>\n","protected":false},"excerpt":{"rendered":"<p>&#8220;Prezidentin f\u0259rman\u0131na \u0259sas\u0259n, yeni iqtisadi m\u0259hk\u0259m\u0259 g\u00f6mr\u00fck, vergi, s\u0131\u011forta \u00f6d\u0259ni\u015fl\u0259ri kimi m\u0259s\u0259l\u0259l\u0259r\u0259 baxmal\u0131 idi&#8221;. ARANTV.AZ-\u0131n m\u0259lumat\u0131na g\u00f6r\u0259, bunu bu g\u00fcn Milli M\u0259clisin n\u00f6vb\u0259d\u0259nk\u0259nar sessiyas\u0131n\u0131n iclas\u0131nda mill\u0259t v\u0259kili Q\u00fcdr\u0259t H\u0259s\u0259nquliyev &#8220;M\u0259hk\u0259m\u0259l\u0259r v\u0259 hakiml\u0259r haqq\u0131nda&#8221; qanuna d\u0259yi\u015fikliyin m\u00fczakir\u0259si zaman\u0131 bildirib. Q.H\u0259s\u0259nquliyev qeyd edib ki, yen\u0259 d\u0259 g\u00f6mr\u00fck v\u0259 vergi m\u0259s\u0259l\u0259l\u0259rin\u0259 inzibati m\u0259hk\u0259m\u0259l\u0259r baxacaq: &#8220;Dem\u0259li, yeni bir d\u0259yi\u015fiklik olmayacaq. Niy\u0259 vergi, g\u00f6mr\u00fck, m\u0259cburi d\u00f6vl\u0259t s\u0131\u011fortas\u0131na kommersiya m\u0259hk\u0259m\u0259l\u0259ri baxmas\u0131n? Kommersiya m\u00fcbahis\u0259l\u0259rinin d\u0259 \u0259hat\u0259 dair\u0259si d\u0259qiql\u0259\u015fdirilm\u0259lidir. Dem\u0259li, sahibkarlar bundan sonra h\u0259m \u00fcmumi m\u0259hk\u0259m\u0259l\u0259r\u0259, h\u0259m inzibati m\u0259hk\u0259m\u0259l\u0259r\u0259, h\u0259m d\u0259 kommersiya m\u0259hk\u0259m\u0259l\u0259rin\u0259 m\u00fcraci\u0259t ed\u0259c\u0259k. Niy\u0259 3 m\u0259hk\u0259m\u0259y\u0259&hellip;<\/p>\n","protected":false},"author":2,"featured_media":66228,"comment_status":"closed","ping_status":"closed","sticky":false,"template":"","format":"standard","meta":{"om_disable_all_campaigns":false,"_monsterinsights_skip_tracking":false,"_monsterinsights_sitenote_active":false,"_monsterinsights_sitenote_note":"","_monsterinsights_sitenote_category":0},"categories":[1],"tags":[],"aioseo_notices":[],"gutentor_comment":0,"rttpg_featured_image_url":{"full":["https:\/\/arantv.az\/wp-content\/uploads\/2019\/06\/1560419311003.jpg",549,293,false],"landscape":["https:\/\/arantv.az\/wp-content\/uploads\/2019\/06\/1560419311003.jpg",549,293,false],"portraits":["https:\/\/arantv.az\/wp-content\/uploads\/2019\/06\/1560419311003.jpg",549,293,false],"thumbnail":["https:\/\/arantv.az\/wp-content\/uploads\/2019\/06\/1560419311003-150x150.jpg",150,150,true],"medium":["https:\/\/arantv.az\/wp-content\/uploads\/2019\/06\/1560419311003-300x160.jpg",300,160,true],"large":["https:\/\/arantv.az\/wp-content\/uploads\/2019\/06\/1560419311003.jpg",549,293,false],"1536x1536":["https:\/\/arantv.az\/wp-content\/uploads\/2019\/06\/1560419311003.jpg",549,293,false],"2048x2048":["https:\/\/arantv.az\/wp-content\/uploads\/2019\/06\/1560419311003.jpg",549,293,false],"post-thumbnail":["https:\/\/arantv.az\/wp-content\/uploads\/2019\/06\/1560419311003-240x172.jpg",240,172,true],"advps-thumb-one":["https:\/\/arantv.az\/wp-content\/uploads\/2019\/06\/1560419311003.jpg",549,293,false]},"rttpg_author":{"display_name":"V\u00fcsal Rafiqo\u011flu","author_link":"https:\/\/arantv.az\/?author=2"},"rttpg_comment":0,"rttpg_category":"<a href=\"https:\/\/arantv.az\/?cat=1\" rel=\"category\">C\u0259miyy\u0259t<\/a>","rttpg_excerpt":"&#8220;Prezidentin f\u0259rman\u0131na \u0259sas\u0259n, yeni iqtisadi m\u0259hk\u0259m\u0259 g\u00f6mr\u00fck, vergi, s\u0131\u011forta \u00f6d\u0259ni\u015fl\u0259ri kimi m\u0259s\u0259l\u0259l\u0259r\u0259 baxmal\u0131 idi&#8221;. ARANTV.AZ-\u0131n m\u0259lumat\u0131na g\u00f6r\u0259, bunu bu g\u00fcn Milli M\u0259clisin n\u00f6vb\u0259d\u0259nk\u0259nar sessiyas\u0131n\u0131n iclas\u0131nda mill\u0259t v\u0259kili Q\u00fcdr\u0259t H\u0259s\u0259nquliyev &#8220;M\u0259hk\u0259m\u0259l\u0259r v\u0259 hakiml\u0259r haqq\u0131nda&#8221; qanuna d\u0259yi\u015fikliyin m\u00fczakir\u0259si zaman\u0131 bildirib. Q.H\u0259s\u0259nquliyev qeyd edib ki, yen\u0259 d\u0259 g\u00f6mr\u00fck v\u0259 vergi m\u0259s\u0259l\u0259l\u0259rin\u0259 inzibati m\u0259hk\u0259m\u0259l\u0259r baxacaq: &#8220;Dem\u0259li, yeni bir d\u0259yi\u015fiklik&hellip;","_links":{"self":[{"href":"https:\/\/arantv.az\/index.php?rest_route=\/wp\/v2\/posts\/66227"}],"collection":[{"href":"https:\/\/arantv.az\/index.php?rest_route=\/wp\/v2\/posts"}],"about":[{"href":"https:\/\/arantv.az\/index.php?rest_route=\/wp\/v2\/types\/post"}],"author":[{"embeddable":true,"href":"https:\/\/arantv.az\/index.php?rest_route=\/wp\/v2\/users\/2"}],"replies":[{"embeddable":true,"href":"https:\/\/arantv.az\/index.php?rest_route=%2Fwp%2Fv2%2Fcomments&post=66227"}],"version-history":[{"count":0,"href":"https:\/\/arantv.az\/index.php?rest_route=\/wp\/v2\/posts\/66227\/revisions"}],"wp:featuredmedia":[{"embeddable":true,"href":"https:\/\/arantv.az\/index.php?rest_route=\/wp\/v2\/media\/66228"}],"wp:attachment":[{"href":"https:\/\/arantv.az\/index.php?rest_route=%2Fwp%2Fv2%2Fmedia&parent=66227"}],"wp:term":[{"taxonomy":"category","embeddable":true,"href":"https:\/\/arantv.az\/index.php?rest_route=%2Fwp%2Fv2%2Fcategories&post=66227"},{"taxonomy":"post_tag","embeddable":true,"href":"https:\/\/arantv.az\/index.php?rest_route=%2Fwp%2Fv2%2Ftags&post=66227"}],"curies":[{"name":"wp","href":"https:\/\/api.w.org\/{rel}","templated":true}]}}