{"id":66230,"date":"2019-06-13T13:02:52","date_gmt":"2019-06-13T10:02:52","guid":{"rendered":"http:\/\/arantv.az\/?p=66230"},"modified":"2019-06-13T13:02:52","modified_gmt":"2019-06-13T10:02:52","slug":"parlamentd%c9%99-m%c9%99hk%c9%99m%c9%99-muzakir%c9%99l%c9%99ri","status":"publish","type":"post","link":"https:\/\/arantv.az\/?p=66230","title":{"rendered":"Parlamentd\u0259 m\u0259hk\u0259m\u0259 m\u00fczakir\u0259l\u0259ri"},"content":{"rendered":"<p>&#8220;\u0130ctimai m\u00fczakir\u0259l\u0259r zaman\u0131 bel\u0259 t\u0259\u0259ss\u00fcrat yaran\u0131rd\u0131 ki, &#8220;M\u0259hk\u0259m\u0259l\u0259r v\u0259 hakiml\u0259r haqq\u0131nda&#8221; qanuna edil\u0259n d\u0259yi\u015fiklikd\u0259 m\u0259qs\u0259d b\u00fct\u00f6vl\u00fckd\u0259 sahibkarl\u0131qla ba\u011fl\u0131 m\u0259s\u0259l\u0259l\u0259rin bir m\u0259hk\u0259m\u0259d\u0259 bax\u0131lmas\u0131d\u0131r. Bu, bel\u0259 deyil&#8221;.<\/p>\n<p><b>ARANTV.AZ\u00a0<\/b>x\u0259b\u0259r verir ki, bunu Milli M\u0259clisin n\u00f6vb\u0259d\u0259nk\u0259nar sessiyas\u0131n\u0131n ilk plenar iclas\u0131nda &#8220;M\u0259hk\u0259m\u0259l\u0259r v\u0259 hakiml\u0259r haqq\u0131nda&#8221; qanuna d\u0259yi\u015fiklik layih\u0259sinin m\u00fczakir\u0259si parlamentin H\u00fcquq siyas\u0259ti v\u0259 d\u00f6vl\u0259t quruculu\u011fu komit\u0259sinin s\u0259dri \u018fli H\u00fcseynli deyib.<\/p>\n<p>Onun s\u00f6zl\u0259rin\u0259 g\u00f6r\u0259, inzibati m\u0259s\u0259l\u0259l\u0259r\u0259 inzibati m\u0259hk\u0259m\u0259l\u0259rd\u0259 bax\u0131lacaq, amma o yerd\u0259 ki, sahibkarl\u0131q m\u00fcnasib\u0259ti var, ona kommersiya m\u0259hk\u0259ml\u0259rind\u0259 bax\u0131lacaq: &#8220;Bunun anlay\u0131\u015f\u0131 da verilib&#8221;.Sonxeber.az<\/p>\n","protected":false},"excerpt":{"rendered":"<p>&#8220;\u0130ctimai m\u00fczakir\u0259l\u0259r zaman\u0131 bel\u0259 t\u0259\u0259ss\u00fcrat yaran\u0131rd\u0131 ki, &#8220;M\u0259hk\u0259m\u0259l\u0259r v\u0259 hakiml\u0259r haqq\u0131nda&#8221; qanuna edil\u0259n d\u0259yi\u015fiklikd\u0259 m\u0259qs\u0259d b\u00fct\u00f6vl\u00fckd\u0259 sahibkarl\u0131qla ba\u011fl\u0131 m\u0259s\u0259l\u0259l\u0259rin bir m\u0259hk\u0259m\u0259d\u0259 bax\u0131lmas\u0131d\u0131r. Bu, bel\u0259 deyil&#8221;. ARANTV.AZ\u00a0x\u0259b\u0259r verir ki, bunu Milli M\u0259clisin n\u00f6vb\u0259d\u0259nk\u0259nar sessiyas\u0131n\u0131n ilk plenar iclas\u0131nda &#8220;M\u0259hk\u0259m\u0259l\u0259r v\u0259 hakiml\u0259r haqq\u0131nda&#8221; qanuna d\u0259yi\u015fiklik layih\u0259sinin m\u00fczakir\u0259si parlamentin H\u00fcquq siyas\u0259ti v\u0259 d\u00f6vl\u0259t quruculu\u011fu komit\u0259sinin s\u0259dri \u018fli H\u00fcseynli deyib. Onun s\u00f6zl\u0259rin\u0259 g\u00f6r\u0259, inzibati m\u0259s\u0259l\u0259l\u0259r\u0259 inzibati m\u0259hk\u0259m\u0259l\u0259rd\u0259 bax\u0131lacaq, amma o yerd\u0259 ki, sahibkarl\u0131q m\u00fcnasib\u0259ti var, ona kommersiya m\u0259hk\u0259ml\u0259rind\u0259 bax\u0131lacaq: &#8220;Bunun anlay\u0131\u015f\u0131 da verilib&#8221;.Sonxeber.az<\/p>\n","protected":false},"author":2,"featured_media":66231,"comment_status":"closed","ping_status":"closed","sticky":false,"template":"","format":"standard","meta":{"om_disable_all_campaigns":false,"_monsterinsights_skip_tracking":false,"_monsterinsights_sitenote_active":false,"_monsterinsights_sitenote_note":"","_monsterinsights_sitenote_category":0},"categories":[1],"tags":[],"aioseo_notices":[],"gutentor_comment":0,"rttpg_featured_image_url":{"full":["https:\/\/arantv.az\/wp-content\/uploads\/2019\/06\/1560418381497c5dfb-8988-4f14-91dd-a8a392fe5a80.jpg",549,366,false],"landscape":["https:\/\/arantv.az\/wp-content\/uploads\/2019\/06\/1560418381497c5dfb-8988-4f14-91dd-a8a392fe5a80.jpg",549,366,false],"portraits":["https:\/\/arantv.az\/wp-content\/uploads\/2019\/06\/1560418381497c5dfb-8988-4f14-91dd-a8a392fe5a80.jpg",549,366,false],"thumbnail":["https:\/\/arantv.az\/wp-content\/uploads\/2019\/06\/1560418381497c5dfb-8988-4f14-91dd-a8a392fe5a80-150x150.jpg",150,150,true],"medium":["https:\/\/arantv.az\/wp-content\/uploads\/2019\/06\/1560418381497c5dfb-8988-4f14-91dd-a8a392fe5a80-300x200.jpg",300,200,true],"large":["https:\/\/arantv.az\/wp-content\/uploads\/2019\/06\/1560418381497c5dfb-8988-4f14-91dd-a8a392fe5a80.jpg",549,366,false],"1536x1536":["https:\/\/arantv.az\/wp-content\/uploads\/2019\/06\/1560418381497c5dfb-8988-4f14-91dd-a8a392fe5a80.jpg",549,366,false],"2048x2048":["https:\/\/arantv.az\/wp-content\/uploads\/2019\/06\/1560418381497c5dfb-8988-4f14-91dd-a8a392fe5a80.jpg",549,366,false],"post-thumbnail":["https:\/\/arantv.az\/wp-content\/uploads\/2019\/06\/1560418381497c5dfb-8988-4f14-91dd-a8a392fe5a80-240x172.jpg",240,172,true],"advps-thumb-one":["https:\/\/arantv.az\/wp-content\/uploads\/2019\/06\/1560418381497c5dfb-8988-4f14-91dd-a8a392fe5a80.jpg",549,366,false]},"rttpg_author":{"display_name":"V\u00fcsal Rafiqo\u011flu","author_link":"https:\/\/arantv.az\/?author=2"},"rttpg_comment":0,"rttpg_category":"<a href=\"https:\/\/arantv.az\/?cat=1\" rel=\"category\">C\u0259miyy\u0259t<\/a>","rttpg_excerpt":"&#8220;\u0130ctimai m\u00fczakir\u0259l\u0259r zaman\u0131 bel\u0259 t\u0259\u0259ss\u00fcrat yaran\u0131rd\u0131 ki, &#8220;M\u0259hk\u0259m\u0259l\u0259r v\u0259 hakiml\u0259r haqq\u0131nda&#8221; qanuna edil\u0259n d\u0259yi\u015fiklikd\u0259 m\u0259qs\u0259d b\u00fct\u00f6vl\u00fckd\u0259 sahibkarl\u0131qla ba\u011fl\u0131 m\u0259s\u0259l\u0259l\u0259rin bir m\u0259hk\u0259m\u0259d\u0259 bax\u0131lmas\u0131d\u0131r. Bu, bel\u0259 deyil&#8221;. ARANTV.AZ\u00a0x\u0259b\u0259r verir ki, bunu Milli M\u0259clisin n\u00f6vb\u0259d\u0259nk\u0259nar sessiyas\u0131n\u0131n ilk plenar iclas\u0131nda &#8220;M\u0259hk\u0259m\u0259l\u0259r v\u0259 hakiml\u0259r haqq\u0131nda&#8221; qanuna d\u0259yi\u015fiklik layih\u0259sinin m\u00fczakir\u0259si parlamentin H\u00fcquq siyas\u0259ti v\u0259 d\u00f6vl\u0259t quruculu\u011fu komit\u0259sinin s\u0259dri \u018fli H\u00fcseynli deyib.&hellip;","_links":{"self":[{"href":"https:\/\/arantv.az\/index.php?rest_route=\/wp\/v2\/posts\/66230"}],"collection":[{"href":"https:\/\/arantv.az\/index.php?rest_route=\/wp\/v2\/posts"}],"about":[{"href":"https:\/\/arantv.az\/index.php?rest_route=\/wp\/v2\/types\/post"}],"author":[{"embeddable":true,"href":"https:\/\/arantv.az\/index.php?rest_route=\/wp\/v2\/users\/2"}],"replies":[{"embeddable":true,"href":"https:\/\/arantv.az\/index.php?rest_route=%2Fwp%2Fv2%2Fcomments&post=66230"}],"version-history":[{"count":0,"href":"https:\/\/arantv.az\/index.php?rest_route=\/wp\/v2\/posts\/66230\/revisions"}],"wp:featuredmedia":[{"embeddable":true,"href":"https:\/\/arantv.az\/index.php?rest_route=\/wp\/v2\/media\/66231"}],"wp:attachment":[{"href":"https:\/\/arantv.az\/index.php?rest_route=%2Fwp%2Fv2%2Fmedia&parent=66230"}],"wp:term":[{"taxonomy":"category","embeddable":true,"href":"https:\/\/arantv.az\/index.php?rest_route=%2Fwp%2Fv2%2Fcategories&post=66230"},{"taxonomy":"post_tag","embeddable":true,"href":"https:\/\/arantv.az\/index.php?rest_route=%2Fwp%2Fv2%2Ftags&post=66230"}],"curies":[{"name":"wp","href":"https:\/\/api.w.org\/{rel}","templated":true}]}}