{"id":66233,"date":"2019-06-13T13:03:48","date_gmt":"2019-06-13T10:03:48","guid":{"rendered":"http:\/\/arantv.az\/?p=66233"},"modified":"2019-06-13T13:03:48","modified_gmt":"2019-06-13T10:03:48","slug":"mill%c9%99t-v%c9%99kili-az%c9%99rbaycana-xos-g%c9%99lmisiniz-muraci%c9%99ti-%c9%99cn%c9%99bil%c9%99r%c9%99-unvanlanib","status":"publish","type":"post","link":"https:\/\/arantv.az\/?p=66233","title":{"rendered":"Mill\u0259t v\u0259kili: &#8220;Az\u0259rbaycana xo\u015f g\u0259lmisiniz!&#8221; m\u00fcraci\u0259ti \u0259cn\u0259bil\u0259r\u0259 \u00fcnvanlan\u0131b&#8221;"},"content":{"rendered":"<p>&#8220;Az\u0259rbaycana xo\u015f g\u0259lmisiniz!&#8221; m\u00fcraci\u0259ti \u0259cn\u0259bil\u0259r\u0259 \u00fcnvanlan\u0131b. Burada m\u0259lumat verilir ki, 15 g\u00fcn m\u00fcdd\u0259tind\u0259 &#8220;ASAN xidm\u0259t&#8221; v\u0259 ya D\u00f6vl\u0259t Miqrasiya Xidm\u0259ti vasit\u0259sil\u0259 qeydiyyata al\u0131nmaq laz\u0131md\u0131r&#8221;.<\/p>\n<p><b>ARANTV.AZ\u00a0<\/b>\u00a0x\u0259b\u0259r verir ki, bunu Milli M\u0259clisin n\u00f6vb\u0259d\u0259nk\u0259nar sessiyas\u0131n\u0131n ilk plenar iclas\u0131nda Miqrasiya M\u0259c\u0259ll\u0259sin\u0259 d\u0259yi\u015fiklik layih\u0259sinin m\u00fczakir\u0259si zaman\u0131 Milli M\u0259clisin H\u00fcquq siyas\u0259ti v\u0259 d\u00f6vl\u0259t quruculu\u011fu komit\u0259sinin s\u0259dri \u018fli H\u00fcseyinli bildirib.<\/p>\n<p>&#8220;Bu m\u0259tn \u00e7ox yum\u015faq v\u0259 qonaqp\u0259rv\u0259r bir m\u00fcraci\u0259tdir. Bunun m\u0259qs\u0259di ancaq \u0259cn\u0259bil\u0259rin xeyrin\u0259dir. \u018fcn\u0259bi g\u0259ldi, bilm\u0259di, sonra qeydiyyata d\u00fc\u015fm\u0259dis\u0259 c\u0259rim\u0259 t\u0259tbiq olunur. Bu situasiya daha pisdir ki, n\u0259inki t\u0259yyar\u0259d\u0259 bununla ba\u011fl\u0131 elan verm\u0259k?&#8221;, &#8211; dey\u0259 \u018f.H\u00fcseynli bildirib.Sonxeber.az<\/p>\n","protected":false},"excerpt":{"rendered":"<p>&#8220;Az\u0259rbaycana xo\u015f g\u0259lmisiniz!&#8221; m\u00fcraci\u0259ti \u0259cn\u0259bil\u0259r\u0259 \u00fcnvanlan\u0131b. Burada m\u0259lumat verilir ki, 15 g\u00fcn m\u00fcdd\u0259tind\u0259 &#8220;ASAN xidm\u0259t&#8221; v\u0259 ya D\u00f6vl\u0259t Miqrasiya Xidm\u0259ti vasit\u0259sil\u0259 qeydiyyata al\u0131nmaq laz\u0131md\u0131r&#8221;. ARANTV.AZ\u00a0\u00a0x\u0259b\u0259r verir ki, bunu Milli M\u0259clisin n\u00f6vb\u0259d\u0259nk\u0259nar sessiyas\u0131n\u0131n ilk plenar iclas\u0131nda Miqrasiya M\u0259c\u0259ll\u0259sin\u0259 d\u0259yi\u015fiklik layih\u0259sinin m\u00fczakir\u0259si zaman\u0131 Milli M\u0259clisin H\u00fcquq siyas\u0259ti v\u0259 d\u00f6vl\u0259t quruculu\u011fu komit\u0259sinin s\u0259dri \u018fli H\u00fcseyinli bildirib. &#8220;Bu m\u0259tn \u00e7ox yum\u015faq v\u0259 qonaqp\u0259rv\u0259r bir m\u00fcraci\u0259tdir. Bunun m\u0259qs\u0259di ancaq \u0259cn\u0259bil\u0259rin xeyrin\u0259dir. \u018fcn\u0259bi g\u0259ldi, bilm\u0259di, sonra qeydiyyata d\u00fc\u015fm\u0259dis\u0259 c\u0259rim\u0259 t\u0259tbiq olunur. Bu situasiya daha pisdir ki, n\u0259inki t\u0259yyar\u0259d\u0259 bununla ba\u011fl\u0131 elan verm\u0259k?&#8221;, &#8211; dey\u0259 \u018f.H\u00fcseynli bildirib.Sonxeber.az<\/p>\n","protected":false},"author":2,"featured_media":66234,"comment_status":"closed","ping_status":"closed","sticky":false,"template":"","format":"standard","meta":{"om_disable_all_campaigns":false,"_monsterinsights_skip_tracking":false,"_monsterinsights_sitenote_active":false,"_monsterinsights_sitenote_note":"","_monsterinsights_sitenote_category":0},"categories":[1],"tags":[],"aioseo_notices":[],"gutentor_comment":0,"rttpg_featured_image_url":{"full":["https:\/\/arantv.az\/wp-content\/uploads\/2019\/06\/497c5dfb-8988-4f14-91dd-a8a392fe5a80.jpg",549,366,false],"landscape":["https:\/\/arantv.az\/wp-content\/uploads\/2019\/06\/497c5dfb-8988-4f14-91dd-a8a392fe5a80.jpg",549,366,false],"portraits":["https:\/\/arantv.az\/wp-content\/uploads\/2019\/06\/497c5dfb-8988-4f14-91dd-a8a392fe5a80.jpg",549,366,false],"thumbnail":["https:\/\/arantv.az\/wp-content\/uploads\/2019\/06\/497c5dfb-8988-4f14-91dd-a8a392fe5a80-150x150.jpg",150,150,true],"medium":["https:\/\/arantv.az\/wp-content\/uploads\/2019\/06\/497c5dfb-8988-4f14-91dd-a8a392fe5a80-300x200.jpg",300,200,true],"large":["https:\/\/arantv.az\/wp-content\/uploads\/2019\/06\/497c5dfb-8988-4f14-91dd-a8a392fe5a80.jpg",549,366,false],"1536x1536":["https:\/\/arantv.az\/wp-content\/uploads\/2019\/06\/497c5dfb-8988-4f14-91dd-a8a392fe5a80.jpg",549,366,false],"2048x2048":["https:\/\/arantv.az\/wp-content\/uploads\/2019\/06\/497c5dfb-8988-4f14-91dd-a8a392fe5a80.jpg",549,366,false],"post-thumbnail":["https:\/\/arantv.az\/wp-content\/uploads\/2019\/06\/497c5dfb-8988-4f14-91dd-a8a392fe5a80-240x172.jpg",240,172,true],"advps-thumb-one":["https:\/\/arantv.az\/wp-content\/uploads\/2019\/06\/497c5dfb-8988-4f14-91dd-a8a392fe5a80.jpg",549,366,false]},"rttpg_author":{"display_name":"V\u00fcsal Rafiqo\u011flu","author_link":"https:\/\/arantv.az\/?author=2"},"rttpg_comment":0,"rttpg_category":"<a href=\"https:\/\/arantv.az\/?cat=1\" rel=\"category\">C\u0259miyy\u0259t<\/a>","rttpg_excerpt":"&#8220;Az\u0259rbaycana xo\u015f g\u0259lmisiniz!&#8221; m\u00fcraci\u0259ti \u0259cn\u0259bil\u0259r\u0259 \u00fcnvanlan\u0131b. Burada m\u0259lumat verilir ki, 15 g\u00fcn m\u00fcdd\u0259tind\u0259 &#8220;ASAN xidm\u0259t&#8221; v\u0259 ya D\u00f6vl\u0259t Miqrasiya Xidm\u0259ti vasit\u0259sil\u0259 qeydiyyata al\u0131nmaq laz\u0131md\u0131r&#8221;. ARANTV.AZ\u00a0\u00a0x\u0259b\u0259r verir ki, bunu Milli M\u0259clisin n\u00f6vb\u0259d\u0259nk\u0259nar sessiyas\u0131n\u0131n ilk plenar iclas\u0131nda Miqrasiya M\u0259c\u0259ll\u0259sin\u0259 d\u0259yi\u015fiklik layih\u0259sinin m\u00fczakir\u0259si zaman\u0131 Milli M\u0259clisin H\u00fcquq siyas\u0259ti v\u0259 d\u00f6vl\u0259t quruculu\u011fu komit\u0259sinin s\u0259dri \u018fli H\u00fcseyinli bildirib. &#8220;Bu m\u0259tn&hellip;","_links":{"self":[{"href":"https:\/\/arantv.az\/index.php?rest_route=\/wp\/v2\/posts\/66233"}],"collection":[{"href":"https:\/\/arantv.az\/index.php?rest_route=\/wp\/v2\/posts"}],"about":[{"href":"https:\/\/arantv.az\/index.php?rest_route=\/wp\/v2\/types\/post"}],"author":[{"embeddable":true,"href":"https:\/\/arantv.az\/index.php?rest_route=\/wp\/v2\/users\/2"}],"replies":[{"embeddable":true,"href":"https:\/\/arantv.az\/index.php?rest_route=%2Fwp%2Fv2%2Fcomments&post=66233"}],"version-history":[{"count":0,"href":"https:\/\/arantv.az\/index.php?rest_route=\/wp\/v2\/posts\/66233\/revisions"}],"wp:featuredmedia":[{"embeddable":true,"href":"https:\/\/arantv.az\/index.php?rest_route=\/wp\/v2\/media\/66234"}],"wp:attachment":[{"href":"https:\/\/arantv.az\/index.php?rest_route=%2Fwp%2Fv2%2Fmedia&parent=66233"}],"wp:term":[{"taxonomy":"category","embeddable":true,"href":"https:\/\/arantv.az\/index.php?rest_route=%2Fwp%2Fv2%2Fcategories&post=66233"},{"taxonomy":"post_tag","embeddable":true,"href":"https:\/\/arantv.az\/index.php?rest_route=%2Fwp%2Fv2%2Ftags&post=66233"}],"curies":[{"name":"wp","href":"https:\/\/api.w.org\/{rel}","templated":true}]}}