{"id":66241,"date":"2019-06-13T13:48:33","date_gmt":"2019-06-13T10:48:33","guid":{"rendered":"http:\/\/arantv.az\/?p=66241"},"modified":"2019-06-13T13:48:33","modified_gmt":"2019-06-13T10:48:33","slug":"qobustanda-dagliq-%c9%99razi-yanir-helikopter-c%c9%99lb-edildi","status":"publish","type":"post","link":"https:\/\/arantv.az\/?p=66241","title":{"rendered":"Qobustanda da\u011fl\u0131q \u0259razi yan\u0131r &#8211; Helikopter c\u0259lb edildi"},"content":{"rendered":"<p>Bak\u0131 \u015f\u0259h\u0259rinin Qarada\u011f rayonu, Qobustan q\u0259s\u0259b\u0259si yax\u0131nl\u0131\u011f\u0131nda da\u011fl\u0131q \u0259razid\u0259 yan\u011f\u0131n ba\u015flay\u0131b.<\/p>\n<p>F\u00f6vq\u0259lad\u0259 Hallar Nazirliyind\u0259n veril\u0259n\u00a0<a href=\"http:\/\/www.fhn.gov.az\/index.php?aze\/news\/xronika\/2019\/6\/13\/32760\" target=\"_blank\" rel=\"noopener\">m\u0259lumat<\/a>a g\u00f6r\u0259, D\u00f6vl\u0259t Yan\u011f\u0131ndan M\u00fchafiz\u0259 Xidm\u0259tinin yan\u011f\u0131ndan m\u00fchafiz\u0259 b\u00f6lm\u0259l\u0259ri v\u0259 Aviasiya d\u0259st\u0259sinin bir\u00a0\u0259d\u0259d helikopteri yan\u011f\u0131ns\u00f6nd\u00fcrm\u0259 i\u015fl\u0259rin\u0259 c\u0259lb olunub.<\/p>\n<p>\u0130lkin m\u0259lumata g\u00f6r\u0259, da\u011fl\u0131q \u0259razid\u0259 iki hektar sah\u0259d\u0259 quru ot v\u0259 kol-kos yan\u0131r.<\/p>\n<p>Yan\u011f\u0131n\u0131n s\u00f6nd\u00fcr\u00fclm\u0259si istiqam\u0259tind\u0259 t\u0259dbirl\u0259r davam etdirilir.<\/p>\n","protected":false},"excerpt":{"rendered":"<p>Bak\u0131 \u015f\u0259h\u0259rinin Qarada\u011f rayonu, Qobustan q\u0259s\u0259b\u0259si yax\u0131nl\u0131\u011f\u0131nda da\u011fl\u0131q \u0259razid\u0259 yan\u011f\u0131n ba\u015flay\u0131b. F\u00f6vq\u0259lad\u0259 Hallar Nazirliyind\u0259n veril\u0259n\u00a0m\u0259lumata g\u00f6r\u0259, D\u00f6vl\u0259t Yan\u011f\u0131ndan M\u00fchafiz\u0259 Xidm\u0259tinin yan\u011f\u0131ndan m\u00fchafiz\u0259 b\u00f6lm\u0259l\u0259ri v\u0259 Aviasiya d\u0259st\u0259sinin bir\u00a0\u0259d\u0259d helikopteri yan\u011f\u0131ns\u00f6nd\u00fcrm\u0259 i\u015fl\u0259rin\u0259 c\u0259lb olunub. \u0130lkin m\u0259lumata g\u00f6r\u0259, da\u011fl\u0131q \u0259razid\u0259 iki hektar sah\u0259d\u0259 quru ot v\u0259 kol-kos yan\u0131r. Yan\u011f\u0131n\u0131n s\u00f6nd\u00fcr\u00fclm\u0259si istiqam\u0259tind\u0259 t\u0259dbirl\u0259r davam etdirilir.<\/p>\n","protected":false},"author":2,"featured_media":66242,"comment_status":"closed","ping_status":"closed","sticky":false,"template":"","format":"standard","meta":{"om_disable_all_campaigns":false,"_monsterinsights_skip_tracking":false,"_monsterinsights_sitenote_active":false,"_monsterinsights_sitenote_note":"","_monsterinsights_sitenote_category":0},"categories":[1],"tags":[],"aioseo_notices":[],"gutentor_comment":0,"rttpg_featured_image_url":{"full":["https:\/\/arantv.az\/wp-content\/uploads\/2019\/06\/fhn.jpg",620,410,false],"landscape":["https:\/\/arantv.az\/wp-content\/uploads\/2019\/06\/fhn.jpg",620,410,false],"portraits":["https:\/\/arantv.az\/wp-content\/uploads\/2019\/06\/fhn.jpg",620,410,false],"thumbnail":["https:\/\/arantv.az\/wp-content\/uploads\/2019\/06\/fhn-150x150.jpg",150,150,true],"medium":["https:\/\/arantv.az\/wp-content\/uploads\/2019\/06\/fhn-300x198.jpg",300,198,true],"large":["https:\/\/arantv.az\/wp-content\/uploads\/2019\/06\/fhn.jpg",620,410,false],"1536x1536":["https:\/\/arantv.az\/wp-content\/uploads\/2019\/06\/fhn.jpg",620,410,false],"2048x2048":["https:\/\/arantv.az\/wp-content\/uploads\/2019\/06\/fhn.jpg",620,410,false],"post-thumbnail":["https:\/\/arantv.az\/wp-content\/uploads\/2019\/06\/fhn-240x172.jpg",240,172,true],"advps-thumb-one":["https:\/\/arantv.az\/wp-content\/uploads\/2019\/06\/fhn.jpg",620,410,false]},"rttpg_author":{"display_name":"V\u00fcsal Rafiqo\u011flu","author_link":"https:\/\/arantv.az\/?author=2"},"rttpg_comment":0,"rttpg_category":"<a href=\"https:\/\/arantv.az\/?cat=1\" rel=\"category\">C\u0259miyy\u0259t<\/a>","rttpg_excerpt":"Bak\u0131 \u015f\u0259h\u0259rinin Qarada\u011f rayonu, Qobustan q\u0259s\u0259b\u0259si yax\u0131nl\u0131\u011f\u0131nda da\u011fl\u0131q \u0259razid\u0259 yan\u011f\u0131n ba\u015flay\u0131b. F\u00f6vq\u0259lad\u0259 Hallar Nazirliyind\u0259n veril\u0259n\u00a0m\u0259lumata g\u00f6r\u0259, D\u00f6vl\u0259t Yan\u011f\u0131ndan M\u00fchafiz\u0259 Xidm\u0259tinin yan\u011f\u0131ndan m\u00fchafiz\u0259 b\u00f6lm\u0259l\u0259ri v\u0259 Aviasiya d\u0259st\u0259sinin bir\u00a0\u0259d\u0259d helikopteri yan\u011f\u0131ns\u00f6nd\u00fcrm\u0259 i\u015fl\u0259rin\u0259 c\u0259lb olunub. \u0130lkin m\u0259lumata g\u00f6r\u0259, da\u011fl\u0131q \u0259razid\u0259 iki hektar sah\u0259d\u0259 quru ot v\u0259 kol-kos yan\u0131r. Yan\u011f\u0131n\u0131n s\u00f6nd\u00fcr\u00fclm\u0259si istiqam\u0259tind\u0259 t\u0259dbirl\u0259r davam etdirilir.","_links":{"self":[{"href":"https:\/\/arantv.az\/index.php?rest_route=\/wp\/v2\/posts\/66241"}],"collection":[{"href":"https:\/\/arantv.az\/index.php?rest_route=\/wp\/v2\/posts"}],"about":[{"href":"https:\/\/arantv.az\/index.php?rest_route=\/wp\/v2\/types\/post"}],"author":[{"embeddable":true,"href":"https:\/\/arantv.az\/index.php?rest_route=\/wp\/v2\/users\/2"}],"replies":[{"embeddable":true,"href":"https:\/\/arantv.az\/index.php?rest_route=%2Fwp%2Fv2%2Fcomments&post=66241"}],"version-history":[{"count":0,"href":"https:\/\/arantv.az\/index.php?rest_route=\/wp\/v2\/posts\/66241\/revisions"}],"wp:featuredmedia":[{"embeddable":true,"href":"https:\/\/arantv.az\/index.php?rest_route=\/wp\/v2\/media\/66242"}],"wp:attachment":[{"href":"https:\/\/arantv.az\/index.php?rest_route=%2Fwp%2Fv2%2Fmedia&parent=66241"}],"wp:term":[{"taxonomy":"category","embeddable":true,"href":"https:\/\/arantv.az\/index.php?rest_route=%2Fwp%2Fv2%2Fcategories&post=66241"},{"taxonomy":"post_tag","embeddable":true,"href":"https:\/\/arantv.az\/index.php?rest_route=%2Fwp%2Fv2%2Ftags&post=66241"}],"curies":[{"name":"wp","href":"https:\/\/api.w.org\/{rel}","templated":true}]}}