{"id":66308,"date":"2019-06-13T15:11:33","date_gmt":"2019-06-13T12:11:33","guid":{"rendered":"http:\/\/arantv.az\/?p=66308"},"modified":"2019-06-13T15:11:33","modified_gmt":"2019-06-13T12:11:33","slug":"%c9%99li-%c9%99hm%c9%99dov-heyd%c9%99r-%c9%99liyevin-hakimiyy%c9%99t%c9%99-g%c9%99lisi-il%c9%99-az%c9%99rbaycanin-must%c9%99qilliyi-mohk%c9%99m-v%c9%99-etibarli-bunovr%c9%99-uz%c9%99rind%c9%99-qoyu","status":"publish","type":"post","link":"https:\/\/arantv.az\/?p=66308","title":{"rendered":"\u018fli \u018fhm\u0259dov: &#8220;Heyd\u0259r \u018fliyevin hakimiyy\u0259t\u0259 g\u0259li\u015fi il\u0259 Az\u0259rbaycan\u0131n m\u00fcst\u0259qilliyi m\u00f6hk\u0259m v\u0259 etibarl\u0131 b\u00fcn\u00f6vr\u0259 \u00fcz\u0259rind\u0259 qoyuldu&#8221;"},"content":{"rendered":"<p><strong>Bu g\u00fcn Yeni Az\u0259rbaycan Partiyas\u0131nda 15 \u0130yun &#8211; Milli Qurtulu\u015f G\u00fcn\u00fc il\u0259 ba\u011fl\u0131 t\u0259dbir ke\u00e7irilib.<\/strong><\/p>\n<p><strong>ARANTV.AZ<\/strong> trend-\u0259 istinad\u0259n x\u0259b\u0259r verir ki, t\u0259dbird\u0259 Ba\u015f nazirin m\u00fcavini, Yeni Az\u0259rbaycan Partiyas\u0131n\u0131n S\u0259dr m\u00fcavini-icra katibi\u00a0<strong>\u018fli \u018fhm\u0259dov<\/strong>, deputatlar v\u0259 dig\u0259r qonaqlar i\u015ftirak edib.<\/p>\n<p>T\u0259dbird\u0259 \u00e7\u0131x\u0131\u015f ed\u0259n \u018f.\u018fhm\u0259dov bildirib ki, Az\u0259rbaycan ikinci d\u0259f\u0259 m\u00fcst\u0259qilliyin\u0259 qovu\u015fduqdan sonra h\u0259r bir \u00f6lk\u0259 v\u0259t\u0259nda\u015f\u0131na m\u0259lum olan xaos, anarxiya, m\u00fcst\u0259qilliyin \u0259ld\u0259n getm\u0259si t\u0259hl\u00fck\u0259si yaranm\u0131\u015fd\u0131:<\/p>\n<p>&#8220;Az\u0259rbaycan xalq\u0131 \u00f6lk\u0259mizin d\u00fc\u00e7ar oldu\u011fu v\u0259ziyy\u0259td\u0259n xilas olmas\u0131n\u0131n yegan\u0259 yolunu Heyd\u0259r \u018fliyevin hakimiyy\u0259t\u0259 g\u0259lm\u0259sind\u0259 g\u00f6rd\u00fc&#8221;.<\/p>\n<p>Ba\u015f nazirin m\u00fcavini bildirib ki, 1993-c\u00fc ilin 15 iyununda Heyd\u0259r \u018fliyevin hakimiyy\u0259t\u0259 g\u0259li\u015fi il\u0259 Az\u0259rbaycan tarixind\u0259 yeni m\u0259rh\u0259l\u0259 ba\u015fland\u0131:<\/p>\n<p>&#8220;\u0130nsanlar\u0131 narahat ed\u0259n, xalq\u0131 vahim\u0259y\u0259 salan b\u00fct\u00fcn prosesl\u0259r d\u0259f edildi, xaos, anarxiya, \u00f6zba\u015f\u0131nal\u0131q aradan qald\u0131r\u0131ld\u0131. O zaman Az\u0259rbaycan\u0131n par\u00e7alanmas\u0131 t\u0259hl\u00fck\u0259sini yaratm\u0131\u015f separatizm l\u0259\u011fv edildi, erm\u0259ni i\u015f\u011fal\u0131n\u0131n davam etm\u0259sinin qar\u015f\u0131s\u0131 al\u0131nd\u0131. \u018fn ba\u015fl\u0131cas\u0131 is\u0259 \u00f6lk\u0259 siyasi v\u0259 iqtisadi b\u00f6hrandan \u00e7\u0131xa bildi, hakimiyy\u0259t b\u00f6hran\u0131 da aradan qald\u0131r\u0131ld\u0131. \u0130nsanlar\u0131n \u00e7\u00f6r\u0259k n\u00f6vb\u0259l\u0259rin\u0259 durmas\u0131 kimi d\u0259h\u015f\u0259tli m\u0259nz\u0259r\u0259 q\u0131sa m\u00fcdd\u0259td\u0259 aradan qald\u0131r\u0131ld\u0131 v\u0259 bel\u0259likl\u0259 Az\u0259rbaycanda s\u00f6z\u00fcn h\u0259qiqi m\u0259nas\u0131nda normal h\u0259yat t\u0259min edilmi\u015f oldu. Az\u0259rbaycan\u0131n m\u00fcst\u0259qilliyi m\u00f6hk\u0259m v\u0259 etibarl\u0131 b\u00fcn\u00f6vr\u0259 \u00fcz\u0259rind\u0259 qoyuldu v\u0259 Az\u0259rbaycanda d\u0259rin Heyd\u0259r \u018fliyev islahatlar\u0131 h\u0259yata ke\u00e7irilm\u0259y\u0259 ba\u015fland\u0131&#8221;.<\/p>\n<p>\u018f.\u018fhm\u0259dov bildirib ki, bu g\u00fcn Az\u0259rbaycan \u0259n g\u00fccl\u00fc, \u0259n m\u00fcasir d\u00f6vl\u0259tl\u0259r i\u00e7\u0259risind\u0259 \u00f6z\u00fcn\u0259 layiqli yer tutur: &#8220;V\u0259t\u0259nda\u015flar \u00f6zl\u0259rini xo\u015fb\u0259xt hesab edirl\u0259r ki, m\u00fcst\u0259qil Az\u0259rbaycan v\u0259t\u0259nda\u015flar\u0131d\u0131r. B\u00fct\u00fcn bu u\u011furlar, nailiyy\u0259tl\u0259r 26 il bundan \u0259vv\u0259l Heyd\u0259r \u018fliyevin Az\u0259rbaycana d\u00f6n\u00fc\u015f\u00fcn\u00fcn n\u0259tic\u0259sidir. Heyd\u0259r \u018fliyev siyas\u0259ti bu g\u00fcn d\u0259 u\u011furla h\u0259yata ke\u00e7irilir. Prezident \u0130lham \u018fliyevin r\u0259hb\u0259rliyi alt\u0131nda Az\u0259rbaycan daha da inki\u015faf edir v\u0259 hesab edirik ki, bu inki\u015faf uzunm\u00fcdd\u0259tli olacaq v\u0259 v\u0259t\u0259nda\u015flar\u0131n rifah\u0131 daha da yax\u015f\u0131la\u015fd\u0131r\u0131lacaq&#8221;.<\/p>\n","protected":false},"excerpt":{"rendered":"<p>Bu g\u00fcn Yeni Az\u0259rbaycan Partiyas\u0131nda 15 \u0130yun &#8211; Milli Qurtulu\u015f G\u00fcn\u00fc il\u0259 ba\u011fl\u0131 t\u0259dbir ke\u00e7irilib. ARANTV.AZ trend-\u0259 istinad\u0259n x\u0259b\u0259r verir ki, t\u0259dbird\u0259 Ba\u015f nazirin m\u00fcavini, Yeni Az\u0259rbaycan Partiyas\u0131n\u0131n S\u0259dr m\u00fcavini-icra katibi\u00a0\u018fli \u018fhm\u0259dov, deputatlar v\u0259 dig\u0259r qonaqlar i\u015ftirak edib. T\u0259dbird\u0259 \u00e7\u0131x\u0131\u015f ed\u0259n \u018f.\u018fhm\u0259dov bildirib ki, Az\u0259rbaycan ikinci d\u0259f\u0259 m\u00fcst\u0259qilliyin\u0259 qovu\u015fduqdan sonra h\u0259r bir \u00f6lk\u0259 v\u0259t\u0259nda\u015f\u0131na m\u0259lum olan xaos, anarxiya, m\u00fcst\u0259qilliyin \u0259ld\u0259n getm\u0259si t\u0259hl\u00fck\u0259si yaranm\u0131\u015fd\u0131: &#8220;Az\u0259rbaycan xalq\u0131 \u00f6lk\u0259mizin d\u00fc\u00e7ar oldu\u011fu v\u0259ziyy\u0259td\u0259n xilas olmas\u0131n\u0131n yegan\u0259 yolunu Heyd\u0259r \u018fliyevin hakimiyy\u0259t\u0259 g\u0259lm\u0259sind\u0259 g\u00f6rd\u00fc&#8221;. Ba\u015f nazirin m\u00fcavini bildirib ki, 1993-c\u00fc ilin 15 iyununda Heyd\u0259r \u018fliyevin hakimiyy\u0259t\u0259&hellip;<\/p>\n","protected":false},"author":2,"featured_media":66309,"comment_status":"closed","ping_status":"closed","sticky":false,"template":"","format":"standard","meta":{"om_disable_all_campaigns":false,"_monsterinsights_skip_tracking":false,"_monsterinsights_sitenote_active":false,"_monsterinsights_sitenote_note":"","_monsterinsights_sitenote_category":0},"categories":[4],"tags":[],"aioseo_notices":[],"gutentor_comment":0,"rttpg_featured_image_url":{"full":["https:\/\/arantv.az\/wp-content\/uploads\/2019\/06\/754964.jpg",800,600,false],"landscape":["https:\/\/arantv.az\/wp-content\/uploads\/2019\/06\/754964.jpg",800,600,false],"portraits":["https:\/\/arantv.az\/wp-content\/uploads\/2019\/06\/754964.jpg",800,600,false],"thumbnail":["https:\/\/arantv.az\/wp-content\/uploads\/2019\/06\/754964-150x150.jpg",150,150,true],"medium":["https:\/\/arantv.az\/wp-content\/uploads\/2019\/06\/754964-300x225.jpg",300,225,true],"large":["https:\/\/arantv.az\/wp-content\/uploads\/2019\/06\/754964.jpg",640,480,false],"1536x1536":["https:\/\/arantv.az\/wp-content\/uploads\/2019\/06\/754964.jpg",800,600,false],"2048x2048":["https:\/\/arantv.az\/wp-content\/uploads\/2019\/06\/754964.jpg",800,600,false],"post-thumbnail":["https:\/\/arantv.az\/wp-content\/uploads\/2019\/06\/754964-240x172.jpg",240,172,true],"advps-thumb-one":["https:\/\/arantv.az\/wp-content\/uploads\/2019\/06\/754964.jpg",800,600,false]},"rttpg_author":{"display_name":"V\u00fcsal Rafiqo\u011flu","author_link":"https:\/\/arantv.az\/?author=2"},"rttpg_comment":0,"rttpg_category":"<a href=\"https:\/\/arantv.az\/?cat=4\" rel=\"category\">Siyas\u0259t<\/a>","rttpg_excerpt":"Bu g\u00fcn Yeni Az\u0259rbaycan Partiyas\u0131nda 15 \u0130yun &#8211; Milli Qurtulu\u015f G\u00fcn\u00fc il\u0259 ba\u011fl\u0131 t\u0259dbir ke\u00e7irilib. ARANTV.AZ trend-\u0259 istinad\u0259n x\u0259b\u0259r verir ki, t\u0259dbird\u0259 Ba\u015f nazirin m\u00fcavini, Yeni Az\u0259rbaycan Partiyas\u0131n\u0131n S\u0259dr m\u00fcavini-icra katibi\u00a0\u018fli \u018fhm\u0259dov, deputatlar v\u0259 dig\u0259r qonaqlar i\u015ftirak edib. T\u0259dbird\u0259 \u00e7\u0131x\u0131\u015f ed\u0259n \u018f.\u018fhm\u0259dov bildirib ki, Az\u0259rbaycan ikinci d\u0259f\u0259 m\u00fcst\u0259qilliyin\u0259 qovu\u015fduqdan sonra h\u0259r bir \u00f6lk\u0259 v\u0259t\u0259nda\u015f\u0131na m\u0259lum&hellip;","_links":{"self":[{"href":"https:\/\/arantv.az\/index.php?rest_route=\/wp\/v2\/posts\/66308"}],"collection":[{"href":"https:\/\/arantv.az\/index.php?rest_route=\/wp\/v2\/posts"}],"about":[{"href":"https:\/\/arantv.az\/index.php?rest_route=\/wp\/v2\/types\/post"}],"author":[{"embeddable":true,"href":"https:\/\/arantv.az\/index.php?rest_route=\/wp\/v2\/users\/2"}],"replies":[{"embeddable":true,"href":"https:\/\/arantv.az\/index.php?rest_route=%2Fwp%2Fv2%2Fcomments&post=66308"}],"version-history":[{"count":0,"href":"https:\/\/arantv.az\/index.php?rest_route=\/wp\/v2\/posts\/66308\/revisions"}],"wp:featuredmedia":[{"embeddable":true,"href":"https:\/\/arantv.az\/index.php?rest_route=\/wp\/v2\/media\/66309"}],"wp:attachment":[{"href":"https:\/\/arantv.az\/index.php?rest_route=%2Fwp%2Fv2%2Fmedia&parent=66308"}],"wp:term":[{"taxonomy":"category","embeddable":true,"href":"https:\/\/arantv.az\/index.php?rest_route=%2Fwp%2Fv2%2Fcategories&post=66308"},{"taxonomy":"post_tag","embeddable":true,"href":"https:\/\/arantv.az\/index.php?rest_route=%2Fwp%2Fv2%2Ftags&post=66308"}],"curies":[{"name":"wp","href":"https:\/\/api.w.org\/{rel}","templated":true}]}}